{"id":183581,"date":"2025-10-17T20:06:11","date_gmt":"2025-10-17T20:06:11","guid":{"rendered":"https:\/\/www.europesays.com\/es\/183581\/"},"modified":"2025-10-17T20:06:11","modified_gmt":"2025-10-17T20:06:11","slug":"el-cantante-vigues-guillermo-castro-sera-galardonado-con-un-premio-latino-2025-por-galicia-baila-un-tema-interpretado-en-gallego","status":"publish","type":"post","link":"https:\/\/www.europesays.com\/es\/183581\/","title":{"rendered":"El cantante vigu\u00e9s Guillermo Castro ser\u00e1 galardonado con un Premio Latino 2025 por &#8216;Galicia Baila&#8217;, un tema interpretado en gallego"},"content":{"rendered":"<p class=\"ft-text ft-helper-closenews\"><strong>Guillermo Castro<\/strong> ser\u00e1 uno de los artistas premiados en la gala de los Premios Latino 2025 que se celebrar\u00e1 el pr\u00f3ximo <strong>10 de noviembre en el Teatro Infanta Isabel de Madrid<\/strong>. El cantante vigu\u00e9s ha sido reconocido por su canci\u00f3n<strong> &#8216;Galicia Baila&#8217;, interpretada \u00edntegramente en gallego. <\/strong><\/p>\n<p class=\"ft-text\">Los Premios Latino celebran y reconocen, <strong>desde hace 13 ediciones,<\/strong> a profesionales de la industria iberoamericana de la m\u00fasica. Su objetivo es promover este sector, destacando el talento, la creatividad y el impacto social a trav\u00e9s de este arte.<\/p>\n<p><img decoding=\"async\" src=\"https:\/\/www.europesays.com\/es\/wp-content\/uploads\/2025\/10\/8ac9b3ba-a27d-46b0-963e-2ff94319382e_alta-libre-aspect-ratio_default_0.jpg\" width=\"1200\" height=\"652\" alt=\"Foto de familia, de la gala de los Premios Latino 2024.\" class=\"ft-helper-img-rd\" loading=\"lazy\" hasdataaida=\"true\"\/><\/p>\n<p class=\"ft-helper-fontColor-quaternary ft-helper-fontSize-body-S ft-helper-spacer-t-xxs\">Foto de familia, de la gala de los Premios Latino 2024.  \/ Premios Latino<\/p>\n<p class=\"ft-text\">Entre los artistas, compositores, bandas y productores que este a\u00f1o se unen a la foto de premiados junto al cantante vigu\u00e9s, destacan <strong>Edurne, Blanca Paloma, Darkiel, Guaran\u00e1, David Santisteban o Aleks Syntek<\/strong>. En pasadas ediciones lograron alzarse con este galard\u00f3n voces tan reconocidas como las de <strong>Antonio Jos\u00e9, La Mala Rodr\u00edguez, <\/strong><a class=\"ft-link ft-link--decoration\" href=\"https:\/\/www.farodevigo.es\/tags\/rozalen\/\" rel=\"nofollow noopener\" target=\"_blank\"><strong>Rozal\u00e9n<\/strong><\/a><strong>, David Bustamante, Miguel Poveda o La bien querida, Jon Secada, Los Planetas o Enrique Bunbury. <\/strong><\/p>\n<p class=\"ft-text\">Es la primera vez que estos premios reconocen un tema en gallego como &#8216;Mejor Canci\u00f3n Regional&#8217;: \u00abOrgulloso de pertencer a Galicia e \u00e1 mi\u00f1a cidade, Vigo\u00bb, expres\u00f3 el int\u00e9rprete ol\u00edvico en sus redes sociales para celebrar este reconocimiento.<\/p>\n<p class=\"ft-text\">La organizaci\u00f3n del evento tambi\u00e9n <a class=\"ft-link ft-link--decoration\" href=\"https:\/\/www.instagram.com\/p\/DOxtBJgkYiK\/\" rel=\"nofollow noopener\" target=\"_blank\">se hizo eco de este galard\u00f3n en su perfil de Instagram:<\/a> \u00abHoy celebramos a Guillermo Castro, quien emocion\u00f3 al jurado y al p\u00fablico con su tema<strong> &#8216;Galicia baila&#8217;, una interpretaci\u00f3n vibrante, llena de frescura y sentimiento<\/strong> que conquist\u00f3 a todos los presentes. Con su estilo \u00fanico y una canci\u00f3n que conecta desde el primer instante, Guillermo demuestra c\u00f3mo la m\u00fasica puede unir y hacer vibrar corazones.<\/p>\n<p class=\"ft-text\">La canci\u00f3n tiene <a class=\"ft-link ft-link--decoration\" href=\"https:\/\/www.youtube.com\/watch?v=SEKxbBoxpnw\" rel=\"nofollow noopener\" target=\"_blank\">su propio videoclip<\/a> que se puede visualizar en Youtube y que cuenta con cerca de 50.000 reproducciones y que ha sido rodado mayoritariamente en <strong>las playas del \u00e1rea viguesa, entre ellas O Vao, Patos o Cesantes. <\/strong><\/p>\n<p class=\"ft-text\">En su <a class=\"ft-link ft-link--decoration\" href=\"https:\/\/guillermocastrooficial.com\/\" rel=\"nofollow noopener\" target=\"_blank\">web oficial, este m\u00fasico<\/a> se define como \u00abel <strong>rey de la bachata gallego,<\/strong> tras <strong>15 a\u00f1os<\/strong> de trabajo constante y una proyecci\u00f3n que no conoce l\u00edmites\u00bb. Destaca su \u00abvoz <strong>c\u00e1lida y envolvente<\/strong> y un <strong>directo arrollador\u00bb<\/strong>, en el que <strong>\u00ab<\/strong>Guillermo mezcla elegancia y energ\u00eda sobre el escenario\u00bb.<\/p>\n<p class=\"ft-text\">Con respecto al premio que recibir\u00e1 en el mes de noviembre, lo recibe como el colof\u00f3n a un 2025 que \u00abha sido \u00e9pico, con un galard\u00f3n que certifica su autenticidad y calidad y que acent\u00faa sus ra\u00edces gallegas, siendo galardonado en los Premios Latino 2025 con una canci\u00f3n compuesta para su tierra y en su lengua, un cambio y<strong> un reconocimiento m\u00e1s que merecido\u00bb.<\/strong><\/p>\n<p>Letra de &#8216;Galicia baila&#8217;<\/p>\n<p class=\"ft-text\">Sol que queima na r\u00eda vou<\/p>\n<p class=\"ft-text\">descalzo pola beiramar<\/p>\n<p class=\"ft-text\">unha onda do mar<\/p>\n<p class=\"ft-text\">e o coraz\u00f3n a reventar.<\/p>\n<p class=\"ft-text\">O vento traeme os beizos<\/p>\n<p class=\"ft-text\">Do meu pobo nun amanecer<\/p>\n<p class=\"ft-text\">e cada paso que dou<\/p>\n<p class=\"ft-text\">Galicia faime ferver.<\/p>\n<p class=\"ft-text\"><strong>ESTRIBILLO <\/strong><\/p>\n<p class=\"ft-text\"><strong>Ahh, bailo nas ondas, bailo no sol, na praia, no campo, en calquera rinc\u00f3n. <\/strong><\/p>\n<p class=\"ft-text\"><strong>Ahh, bailo coa alma, bailo coa voz, Galicia \u00e9 ritmo, Galicia son, eu e ti, os dous! <\/strong><\/p>\n<p class=\"ft-text\">A carballeira e sombra<\/p>\n<p class=\"ft-text\">e \u00f3 gaiteiro non para de tocar<\/p>\n<p class=\"ft-text\">Entre apertas e mu\u00f1eiras<\/p>\n<p class=\"ft-text\">isto non se pode parar.<\/p>\n<p class=\"ft-text\">Unha noite de estrelas<\/p>\n<p class=\"ft-text\">baixo o ceo que che fai so\u00f1ar<\/p>\n<p class=\"ft-text\">e un bico namorado<\/p>\n<p class=\"ft-text\">en festas cando comeza a reventar&#8230;<\/p>\n<p class=\"ft-text\"><strong>ESTRIBILLO <\/strong><\/p>\n<p class=\"ft-text\">Dille \u00e1 chuvia que non ve\u00f1a hoxe<\/p>\n<p class=\"ft-text\">non queremos parar<\/p>\n<p class=\"ft-text\">imos facer da nosa terra<\/p>\n<p class=\"ft-text\">a capital mundial do bailar!<\/p>\n<p data-close=\"closedContent\" class=\"subscribeHideForDisplay\">Suscr\u00edbete para seguir leyendo<\/p>\n<p><script async src=\"\/\/www.instagram.com\/embed.js\"><\/script><\/p>\n","protected":false},"excerpt":{"rendered":"Guillermo Castro ser\u00e1 uno de los artistas premiados en la gala de los Premios Latino 2025 que se&hellip;\n","protected":false},"author":2,"featured_media":183582,"comment_status":"","ping_status":"","sticky":false,"template":"","format":"standard","meta":{"footnotes":""},"categories":[170],"tags":[45,4328,14982,146,147,25,24,816,785,6891,51902,17580,184,185,843,532,2829,23,51903,51901],"class_list":{"0":"post-183581","1":"post","2":"type-post","3":"status-publish","4":"format-standard","5":"has-post-thumbnail","7":"category-musica","8":"tag-45","9":"tag-cantante","10":"tag-castro","11":"tag-entertainment","12":"tag-entretenimiento","13":"tag-es","14":"tag-espana","15":"tag-galicia","16":"tag-gallego","17":"tag-guillermo","18":"tag-guillermo-castro","19":"tag-latino","20":"tag-music","21":"tag-musica","22":"tag-premio","23":"tag-premios","24":"tag-sol","25":"tag-spain","26":"tag-unha","27":"tag-vigues"},"share_on_mastodon":{"url":"","error":""},"_links":{"self":[{"href":"https:\/\/www.europesays.com\/es\/wp-json\/wp\/v2\/posts\/183581","targetHints":{"allow":["GET"]}}],"collection":[{"href":"https:\/\/www.europesays.com\/es\/wp-json\/wp\/v2\/posts"}],"about":[{"href":"https:\/\/www.europesays.com\/es\/wp-json\/wp\/v2\/types\/post"}],"author":[{"embeddable":true,"href":"https:\/\/www.europesays.com\/es\/wp-json\/wp\/v2\/users\/2"}],"replies":[{"embeddable":true,"href":"https:\/\/www.europesays.com\/es\/wp-json\/wp\/v2\/comments?post=183581"}],"version-history":[{"count":0,"href":"https:\/\/www.europesays.com\/es\/wp-json\/wp\/v2\/posts\/183581\/revisions"}],"wp:featuredmedia":[{"embeddable":true,"href":"https:\/\/www.europesays.com\/es\/wp-json\/wp\/v2\/media\/183582"}],"wp:attachment":[{"href":"https:\/\/www.europesays.com\/es\/wp-json\/wp\/v2\/media?parent=183581"}],"wp:term":[{"taxonomy":"category","embeddable":true,"href":"https:\/\/www.europesays.com\/es\/wp-json\/wp\/v2\/categories?post=183581"},{"taxonomy":"post_tag","embeddable":true,"href":"https:\/\/www.europesays.com\/es\/wp-json\/wp\/v2\/tags?post=183581"}],"curies":[{"name":"wp","href":"https:\/\/api.w.org\/{rel}","templated":true}]}}