{"id":183588,"date":"2025-10-17T20:10:08","date_gmt":"2025-10-17T20:10:08","guid":{"rendered":"https:\/\/www.europesays.com\/es\/183588\/"},"modified":"2025-10-17T20:10:08","modified_gmt":"2025-10-17T20:10:08","slug":"telemadrid-emitira-de-nuevo-la-ultima-corrida-de-morante-por-su-gran-impacto-mediatico-y-emocional-el-mundo","status":"publish","type":"post","link":"https:\/\/www.europesays.com\/es\/183588\/","title":{"rendered":"Telemadrid emitir\u00e1 de nuevo la \u00faltima corrida de Morante por su &quot;gran impacto medi\u00e1tico y emocional&quot; &#8211; El Mundo"},"content":{"rendered":"<ol>\n<li><a href=\"https:\/\/news.google.com\/rss\/articles\/CBMif0FVX3lxTE9BZmZ4Y3RpRkxWT253RzgyS28zWXFGV3NQYTY3NW1QWGxKWVFPdVZMYkE4MXNRanRoNVpiNFJ3ODh3LVFNTG1Xc3pKWjA4OFpYWHYza2ZoZlYtR2twUFN6ZE9adXJDOXlfdURfNjhxeTZxT1lQTk45Zjg5Uk5aSXPSAX9BVV95cUxPRURoODhrVUpQVVNPbkE2YjBUS3RadDBzb1AyTjFQSU9fdEJfdWFTZ3NtTmNiRlhYN1hITk81S2p1WTB6UTA5NnFCR3FQN3hZTzU4eUdCVTFuUzg5djRZWWNvZnUyT1hfNDFRSkpxM2JsZ214NkQxV014TjUwVVRZ?oc=5\" target=\"_blank\" rel=\"nofollow noopener\">Telemadrid emitir\u00e1 de nuevo la \u00faltima corrida de Morante por su \u00abgran impacto medi\u00e1tico y emocional\u00bb<\/a>&nbsp;&nbsp;El Mundo<\/li>\n<li><a href=\"https:\/\/news.google.com\/rss\/articles\/CBMivgFBVV95cUxONHpIRmpiRmdOSVd1Q2RkaGR6cHRqbGJxUDJZbDFDWUtETmtCaVFwLTdRWWxCWERwRlNTYnI4ZFg0RndodmVmRmhud1IyeWR0X2dnMFhYR3R6cWVyU3RfZ19ITWFXVXNWcU1BUlVMMXM3czNpRmM3bkRWdUtKcGd5OENXdXVZUUo2NFR3X2otOGlJSnlEOGRvWU1xclVxZ3JaMW1kemR2ZVZZZWxVbzFvUU9JV1ZsTnlZcWZNb3RB?oc=5\" target=\"_blank\" rel=\"nofollow noopener\">Corrida de toros de la Hispanidad y c\u00f3mo verla este domingo en diferido gratis por televisi\u00f3n: la tarde que Morante se cort\u00f3 la coleta<\/a>&nbsp;&nbsp;Las Provincias<\/li>\n<li><a href=\"https:\/\/news.google.com\/rss\/articles\/CBMi4AFBVV95cUxOUDhFM3JubmdiaGxCY2lnRTNOcG9aVXQ2UzFpV0N3R3J5eHNablRKeTdRU0hVUlBIRV9DTk9IV2RBZFg1d2Q0SGgzdWx3Y2Q0T0NrVUxrRTBTcWlFZENLY1RIWnNiMlpCR0JwNjk1S1piMWhkWVRaa1FxeklJSUdhVmY0MmFHd1NKN3Q5bUtobU95ZnpBMFlkNkV5b3BYZHY1X29BQ2JCUnMwNjlsZkE1dzJab29DQ081bzJMbGlYeVo4SG1RWmF5OTF1VW5GMVFwMHlnc3hydFhOek94Y0FQVdIB5gFBVV95cUxQZFU4blFhQTRDUmlVS0hxNGxOcEdqT0FKVG1SVGdrb2Q3cVZsb2h1Vk0yOGxlLUR5QldQOG1zUjJHTjhnblU1LUttWVhVWm9XV3FiZjNJaWYtNWctQ3hvOWFfb0cwemJWU3dGZTV5QS1JdEJoTUlObUhxNmJEU0NxdWdIR0Y0dWtaV3ZTVU9ELWZHeDBsU3ViT2wteFVGY2tKVFItVTB1MDltQzREbWhXVV9La29CaTlKdElsWUNrcWJqdmNQaWVfTmpka3RidUhCVURSa1k0cElPV0trQ2xDTjNMNlJYZw?oc=5\" target=\"_blank\" rel=\"nofollow noopener\">Horario y d\u00f3nde ver gratis la repetici\u00f3n de la corrida en la que Morante se cort\u00f3 la coleta en Madrid<\/a>&nbsp;&nbsp;heraldo.es<\/li>\n<li><a href=\"https:\/\/news.google.com\/rss\/articles\/CBMirAFBVV95cUxNd1BmQnNhVmx6THBiOGIwQklJTFlocUZfRFFZMmlGaWI1bzJuMGt4N1psZmZrUGVPemxuV043d2wtLWJpT3VKeHJNZmFhaGctUHJndG1HdFljMkhiNVQ2eTZfZnRKUDhpeWNvSDE3MENSc0NOQnlfd2RmY0FQRzB6bGdUUnNXdU90dWdWMFlmWGRrWlVGbjVhc2R1TU9QLWpFT1J2b3BTZUU5Q0V3?oc=5\" target=\"_blank\" rel=\"nofollow noopener\">Telemadrid vuelve a emitir la hist\u00f3rica corrida del 12-0 de Madrid<\/a>&nbsp;&nbsp;mundotoro.com<\/li>\n<li><a href=\"https:\/\/news.google.com\/rss\/articles\/CBMihwJBVV95cUxQTk1iWTZ3Y19sc3otWGNfdW9RTDZFQjF3OWlVb210UHh3NExrejBqZGVJa0IyMlRHVEVsc2lfVUlTbi1kX2k3TWhHOHdsQlEyYXB1U0Y2ZC1pb0hDN05qZkp5cC1GODQ4MlYxSG0xbDR0TWdVODJfSjBIY29XOGJDMW1XbVdNMmxXVHpOWThpVnhCTllxc012aEx2eExuNi1Gd2dYeFpEd2ZCT3U3a0U2X0xWYXdzOEFTaDlJUWFOdmhkX0JuSW5pbVJyNEdHQUZPbVJ5SjNaZTI5TDAtcUpxbzFxbmtzLXNfdmxNVkt1ckJtLV9PeVZhS3FQdWhrZTVMVzUwUWdYY9IBmwJBVV95cUxPUVQwY1RXNDBXai1XdUthZGlwNlZkRDVXYVQwbXpDWmR3VHBwbE5BT0FkRlFvS1pLNVg0UEtYUTFHM0tpcnIzdEtNMUY2R2tXaW1EUnRZOU9hWklMTzR4S2hJcjdtTUVRMHJoYlpiV2tkUW9weWc3UWZpaDc5ZU5MbE1PTDhJSEVFMnlOVlJfRGw0U0FrVG5udlpWdjY3bVFwNm4tYVdpUlh6VnRiM2lPNnlEMUNPdWIzMFREejhHSXljY2dsaUFocUpjUWJXSUx4OXpXZmM2TmdzMDlSa2dDZmpIVEFjZUhEMENvYmhjTFAzQWpVbTY3dEhTNkxoYWJsWHNqMU9QR1JNckg0b3d2dm1IWFE4WFJhZzBn?oc=5\" target=\"_blank\" rel=\"nofollow noopener\">La Infanta Elena y Victoria Federica, protagonistas del festival ben\u00e9fico taurino en homenaje a Anto\u00f1ete de la<\/a>&nbsp;&nbsp;La Raz\u00f3n<\/li>\n<\/ol>\n","protected":false},"excerpt":{"rendered":"Telemadrid emitir\u00e1 de nuevo la \u00faltima corrida de Morante por su \u00abgran impacto medi\u00e1tico y emocional\u00bb&nbsp;&nbsp;El Mundo Corrida&hellip;\n","protected":false},"author":2,"featured_media":183589,"comment_status":"","ping_status":"","sticky":false,"template":"","format":"standard","meta":{"footnotes":""},"categories":[91],"tags":[146,147,25,24,1392,23,807,444],"class_list":{"0":"post-183588","1":"post","2":"type-post","3":"status-publish","4":"format-standard","5":"has-post-thumbnail","7":"category-entretenimiento","8":"tag-entertainment","9":"tag-entretenimiento","10":"tag-es","11":"tag-espana","12":"tag-morante-de-la-puebla","13":"tag-spain","14":"tag-television","15":"tag-toros"},"share_on_mastodon":{"url":"","error":""},"_links":{"self":[{"href":"https:\/\/www.europesays.com\/es\/wp-json\/wp\/v2\/posts\/183588","targetHints":{"allow":["GET"]}}],"collection":[{"href":"https:\/\/www.europesays.com\/es\/wp-json\/wp\/v2\/posts"}],"about":[{"href":"https:\/\/www.europesays.com\/es\/wp-json\/wp\/v2\/types\/post"}],"author":[{"embeddable":true,"href":"https:\/\/www.europesays.com\/es\/wp-json\/wp\/v2\/users\/2"}],"replies":[{"embeddable":true,"href":"https:\/\/www.europesays.com\/es\/wp-json\/wp\/v2\/comments?post=183588"}],"version-history":[{"count":0,"href":"https:\/\/www.europesays.com\/es\/wp-json\/wp\/v2\/posts\/183588\/revisions"}],"wp:featuredmedia":[{"embeddable":true,"href":"https:\/\/www.europesays.com\/es\/wp-json\/wp\/v2\/media\/183589"}],"wp:attachment":[{"href":"https:\/\/www.europesays.com\/es\/wp-json\/wp\/v2\/media?parent=183588"}],"wp:term":[{"taxonomy":"category","embeddable":true,"href":"https:\/\/www.europesays.com\/es\/wp-json\/wp\/v2\/categories?post=183588"},{"taxonomy":"post_tag","embeddable":true,"href":"https:\/\/www.europesays.com\/es\/wp-json\/wp\/v2\/tags?post=183588"}],"curies":[{"name":"wp","href":"https:\/\/api.w.org\/{rel}","templated":true}]}}