{"id":183592,"date":"2025-10-17T20:14:08","date_gmt":"2025-10-17T20:14:08","guid":{"rendered":"https:\/\/www.europesays.com\/es\/183592\/"},"modified":"2025-10-17T20:14:08","modified_gmt":"2025-10-17T20:14:08","slug":"la-ertzaintza-investiga-como-violencia-machista-el-homicidio-de-una-mujer-en-zarautz-sociedad","status":"publish","type":"post","link":"https:\/\/www.europesays.com\/es\/183592\/","title":{"rendered":"La Ertzaintza investiga como violencia machista el homicidio de una mujer en Zarautz | Sociedad"},"content":{"rendered":"<p class=\"\">Efectivos de la <a href=\"https:\/\/elpais.com\/noticias\/ertzaintza\/\" target=\"_self\" rel=\"nofollow noopener\" title=\"https:\/\/elpais.com\/noticias\/ertzaintza\/\">Ertzaintza<\/a> investigan como <a href=\"https:\/\/elpais.com\/noticias\/violencia-machista\/\" target=\"_self\" rel=\"nofollow noopener\" title=\"https:\/\/elpais.com\/noticias\/violencia-machista\/\">crimen machista <\/a>un homicidio ocurrido el pasado mi\u00e9rcoles de una mujer de 53 a\u00f1os en <a href=\"https:\/\/elpais.com\/noticias\/zarautz\/\" target=\"_self\" rel=\"nofollow noopener\" title=\"https:\/\/elpais.com\/noticias\/zarautz\/\">Zarautz<\/a> (Gipuzkoa).<\/p>\n<p class=\"\">Aunque en un primer momento fuentes de la Ertzaintza aseguraron que el arrestado y su v\u00edctima carec\u00edan de una relaci\u00f3n afectiva, este viernes el Departamento de Seguridad ha precisado que el caso se investiga como un hecho en el \u00e1mbito de la violencia de g\u00e9nero. <\/p>\n<p class=\"\">La Polic\u00eda vasca recibi\u00f3 el mi\u00e9rcoles por la noche el aviso de la muerte de esta mujer, de 53 a\u00f1os y nacionalidad espa\u00f1ola, en la localidad costera de Zarautz.<\/p>\n<p class=\"\">Tras esta notificaci\u00f3n, inici\u00f3 una investigaci\u00f3n que condujo a la detenci\u00f3n de un hombre de 47 a\u00f1os, tambi\u00e9n de nacionalidad espa\u00f1ola, por un presunto delito de homicidio.<\/p>\n<p class=\"\">Los hechos no se conocieron hasta ayer por la tarde, cuando el Departamento vasco de Seguridad revel\u00f3 la muerte de la v\u00edctima en un escueto comunicado.<\/p>\n<p class=\"\">Este viernes la Polic\u00eda Vasca ha retomado las pesquisas y ha conducido al detenido hasta su domicilio situado en la calle Indamendi de Zarautz, donde ha permanecido varias horas mientras se practicaba la reconstrucci\u00f3n de los hechos.<\/p>\n<p class=\"\">En las proximidades del portal del edificio se han reunido numerosos informadores que han presenciado el tr\u00e1nsito de los diferentes agentes que portaban material policial, algunos de ellos provistos de guantes y monos blancos.<\/p>\n<p class=\"\">Transcurridas m\u00e1s de cuatro horas, sobre las 17.30 horas, los agentes han sacado del inmueble al arrestado, y lo ha conducido cubierto con una manta roja hasta un veh\u00edculo policial en el que han abandonado el lugar.<\/p>\n<p class=\"\">Seg\u00fan han se\u00f1alado a EFE fuentes municipales, la investigaci\u00f3n del caso, del que se encarga un Juzgado de Azpeitia, se encuentra bajo secreto de sumario.<\/p>\n<p class=\"\">Tras conocer lo sucedido, el Ayuntamiento de Zarautz emiti\u00f3 ayer una declaraci\u00f3n institucional de condena del asesinato y convoc\u00f3 una concentraci\u00f3n que tendr\u00e1 lugar esta tarde.<\/p>\n<p class=\"\">En lo que va de a\u00f1o, 30 mujeres han sido asesinadas por sus parejas o exparejas. Desde que arranc\u00f3 la <a href=\"http:\/\/estadisticasviolenciagenero.igualdad.mpr.gob.es\/\" rel=\"nofollow noopener\" title=\"\" target=\"_blank\">estad\u00edstica oficial<\/a>, en 2003, son 1.325 mujeres.<\/p>\n<p class=\"\">El tel\u00e9fono 016 atiende a las v\u00edctimas de violencia machista, a sus familias y a su entorno las 24 horas del d\u00eda, todos los d\u00edas del a\u00f1o, en 53 idiomas diferentes. El n\u00famero no queda registrado en la factura telef\u00f3nica, pero hay que borrar la llamada del dispositivo. Tambi\u00e9n se puede contactar a trav\u00e9s del correo electr\u00f3nico <a href=\"https:\/\/elpais.com\/sociedad\/2025-10-17\/mailto:016-online@igualdad.gob.es\" rel=\"nofollow noopener\" target=\"_blank\">016-online@igualdad.gob.es<\/a> y por WhatsApp en el n\u00famero 600 000 016. Los menores pueden dirigirse al tel\u00e9fono de la Fundaci\u00f3n ANAR 900 20 20 10. Si es una situaci\u00f3n de emergencia, se puede llamar al 112 o a los tel\u00e9fonos de la Polic\u00eda Nacional (091) y de la Guardia Civil (062). Y en caso de no poder llamar, se puede recurrir a la aplicaci\u00f3n ALERTCOPS, desde la que se env\u00eda una se\u00f1al de alerta a la Polic\u00eda con geolocalizaci\u00f3n.<\/p>\n","protected":false},"excerpt":{"rendered":"Efectivos de la Ertzaintza investigan como crimen machista un homicidio ocurrido el pasado mi\u00e9rcoles de una mujer de&hellip;\n","protected":false},"author":2,"featured_media":183593,"comment_status":"","ping_status":"","sticky":false,"template":"","format":"standard","meta":{"footnotes":""},"categories":[8],"tags":[8619,17,18,25,24,13,14,11,19,20,4043,8616,9,10,15,16,8618,492,23,12,21,22,8617,8615,6580,13687],"class_list":{"0":"post-183592","1":"post","2":"type-post","3":"status-publish","4":"format-standard","5":"has-post-thumbnail","7":"category-espana","8":"tag-asesinato-pareja","9":"tag-breaking-news","10":"tag-breakingnews","11":"tag-es","12":"tag-espana","13":"tag-featured-news","14":"tag-featurednews","15":"tag-headlines","16":"tag-latest-news","17":"tag-latestnews","18":"tag-machismo","19":"tag-maltrato-mujer","20":"tag-news","21":"tag-noticias","22":"tag-noticias-destacadas","23":"tag-noticiasdestacadas","24":"tag-patriarcado","25":"tag-sociedad","26":"tag-spain","27":"tag-titulares","28":"tag-ultimas-noticias","29":"tag-ultimasnoticias","30":"tag-victimas-violencia-genero","31":"tag-violencia-genero","32":"tag-violencia-machista","33":"tag-zarautz"},"share_on_mastodon":{"url":"","error":""},"_links":{"self":[{"href":"https:\/\/www.europesays.com\/es\/wp-json\/wp\/v2\/posts\/183592","targetHints":{"allow":["GET"]}}],"collection":[{"href":"https:\/\/www.europesays.com\/es\/wp-json\/wp\/v2\/posts"}],"about":[{"href":"https:\/\/www.europesays.com\/es\/wp-json\/wp\/v2\/types\/post"}],"author":[{"embeddable":true,"href":"https:\/\/www.europesays.com\/es\/wp-json\/wp\/v2\/users\/2"}],"replies":[{"embeddable":true,"href":"https:\/\/www.europesays.com\/es\/wp-json\/wp\/v2\/comments?post=183592"}],"version-history":[{"count":0,"href":"https:\/\/www.europesays.com\/es\/wp-json\/wp\/v2\/posts\/183592\/revisions"}],"wp:featuredmedia":[{"embeddable":true,"href":"https:\/\/www.europesays.com\/es\/wp-json\/wp\/v2\/media\/183593"}],"wp:attachment":[{"href":"https:\/\/www.europesays.com\/es\/wp-json\/wp\/v2\/media?parent=183592"}],"wp:term":[{"taxonomy":"category","embeddable":true,"href":"https:\/\/www.europesays.com\/es\/wp-json\/wp\/v2\/categories?post=183592"},{"taxonomy":"post_tag","embeddable":true,"href":"https:\/\/www.europesays.com\/es\/wp-json\/wp\/v2\/tags?post=183592"}],"curies":[{"name":"wp","href":"https:\/\/api.w.org\/{rel}","templated":true}]}}