{"id":183612,"date":"2025-10-17T20:27:09","date_gmt":"2025-10-17T20:27:09","guid":{"rendered":"https:\/\/www.europesays.com\/es\/183612\/"},"modified":"2025-10-17T20:27:09","modified_gmt":"2025-10-17T20:27:09","slug":"escrito-por-el-damnificado-de-la-mayor-conspiracion-del-futbol-espanol","status":"publish","type":"post","link":"https:\/\/www.europesays.com\/es\/183612\/","title":{"rendered":"Escrito por el damnificado de la mayor conspiraci\u00f3n del f\u00fatbol espa\u00f1ol"},"content":{"rendered":"<p class=\"c-paragraph\"><a href=\"https:\/\/www.20minutos.es\/tags\/deportes\/luis-rubiales.html\" title=\"Luis Rubiales\" rel=\"nofollow noopener\" target=\"_blank\">Luis Rubiales<\/a> publicar\u00e1 un libro pr\u00f3ximamente: Matar a Rubiales, \u00abescrito por el <b>damnificado de la mayor conspiraci\u00f3n que haya conocido el f\u00fatbol espa\u00f1ol<\/b>\u00ab, saldr\u00e1 a la venta el 13 de noviembre. Un manuscrito en el que el expresidente de la RFEF relata en primera persona lo ocurrido en la final de la Copa del Mundo de 2023, cuando bes\u00f3 sin su consentimiento a Jenni Hermoso, y ofrece \u00ab<b>pruebas documentales no s\u00f3lo de su inocencia<\/b>, sino de la m\u00e1s que presumible procedencia de estas sucias y falsas acusaciones\u00bb.<\/p>\n<p class=\"c-paragraph\">\u00daltima L\u00ednea, encargada de editar el libro, explica en un comunicado que el libro \u00abdemuestra c\u00f3mo <b>de manera sostenida se han &#8216;fabricado&#8217; mentiras e infundios contra \u00e9l<\/b>, en un modus operandi que ha servido de coartada para acompa\u00f1ar denuncias ante los tribunales, con el fin de catalogarle ante la sociedad como corrupto\u00bb.<\/p>\n<p class=\"c-paragraph\">En\u00a0Matar a Rubiales, el que fuese m\u00e1ximo responsable del f\u00fatbol espa\u00f1ol aborda tres fechas que considera claves en su etapa en la Federaci\u00f3n:\u00a0la primera, cuando gana las elecciones a la presidencia; la segunda, el 20 de agosto de 2023, cuando Espa\u00f1a se alza el Mundial femenino \u00aby Rubiales, en medio de la l\u00f3gica euforia del momento, <b>abraza a las jugadoras y da un fugaz besito en los labios a Jennifer Hermoso<\/b>\u00ab. Y tres semanas m\u00e1s tarde de ese momento, cuando renuncia a su cargo.<\/p>\n<p class=\"c-paragraph\">\u00ab\u00bfC\u00f3mo explicar esa dimisi\u00f3n, si Rubiales con sus pol\u00edticas de apoyo al f\u00fatbol femenino lo hab\u00eda llevado a la cima del deporte mundial; si el presupuesto de la Real Federaci\u00f3n Espa\u00f1ola de F\u00fatbol hab\u00eda crecido desde los 141 millones de euros cuando accedi\u00f3 al cargo a m\u00e1s de 400 millones cuando renunci\u00f3 a la presidencia?\u00bb, revela el adelanto del libro, que tambi\u00e9n <b>desvelar\u00e1 \u00absi tuvo algo que ver el Gobierno, el presidente de la FIFA, Gianni Infantino, Javier Tebas<\/b> o la influencia del mundo &#8216;woke\u00bb en su dimisi\u00f3n.<\/p>\n<p class=\"c-paragraph\">La editorial destaca, adem\u00e1s, que \u00abeste libro es un <b>documento sincero y valiente<\/b>, que contiene toda la verdad contada en primera persona por quien la ha vivido, y se desgrana hasta un punto que eriza la piel y nos enfrenta a la <b>lucha permanente de Luis Rubiales por mantener vivos los ideales<\/b> que le llevaron a situar a la RFEF como la segunda a nivel mundial en recursos econ\u00f3micos, y a haber firmado una amplia actuaci\u00f3n de reformas estructurales, econ\u00f3micas, administrativas y deportivas que han puesto al ente dirigente del f\u00fatbol espa\u00f1ol en una situaci\u00f3n de privilegio\u00bb.<\/p>\n<p class=\"c-paragraph\">Por \u00faltimo, \u00abel autor aporta <b>pruebas documentales no s\u00f3lo de su inocencia, sino de la m\u00e1s que presumible procedencia de estas sucias y falsas acusaciones<\/b> de las que ha sido objeto\u00bb, recoge la nota de prensa.<\/p>\n<p class=\"c-paragraph\">El libro, adem\u00e1s, <b>revelar\u00e1 an\u00e9cdotas y vivencias de algunos actores del mundo del deporte<\/b> como Miguel Cardenal, Aleksander Ceferin, Gianni Infantino, Enrique Cerezo, Jauma Roures, Miguel Gal\u00e1n, Javier Tebas, Miquel Iceta, Irene Lozano, V\u00edctor Francos, Gerard Piqu\u00e9, Dani Alves, Pedro Rocha o Alejandro Blanco. As\u00ed como de la esfera pol\u00edtica, como Mariano Rajoy, Pedro S\u00e1nchez, Isabel D\u00edaz Ayuso, Mar\u00eda Jes\u00fas Montero, Irene Montero, Yolanda D\u00edaz, \u00cd\u00f1igo Errej\u00f3n o Borja S\u00e9mper.<\/p>\n","protected":false},"excerpt":{"rendered":"Luis Rubiales publicar\u00e1 un libro pr\u00f3ximamente: Matar a Rubiales, \u00abescrito por el damnificado de la mayor conspiraci\u00f3n que&hellip;\n","protected":false},"author":2,"featured_media":183613,"comment_status":"","ping_status":"","sticky":false,"template":"","format":"standard","meta":{"footnotes":""},"categories":[172],"tags":[224,146,147,25,24,7519,225,7518,51912,1550,6078,23],"class_list":{"0":"post-183612","1":"post","2":"type-post","3":"status-publish","4":"format-standard","5":"has-post-thumbnail","7":"category-libros","8":"tag-books","9":"tag-entertainment","10":"tag-entretenimiento","11":"tag-es","12":"tag-espana","13":"tag-jenni-hermoso","14":"tag-libros","15":"tag-luis-rubiales","16":"tag-matar-a-rubiales","17":"tag-rfef","18":"tag-seleccion-espanola-femenina-de-futbol","19":"tag-spain"},"share_on_mastodon":{"url":"","error":""},"_links":{"self":[{"href":"https:\/\/www.europesays.com\/es\/wp-json\/wp\/v2\/posts\/183612","targetHints":{"allow":["GET"]}}],"collection":[{"href":"https:\/\/www.europesays.com\/es\/wp-json\/wp\/v2\/posts"}],"about":[{"href":"https:\/\/www.europesays.com\/es\/wp-json\/wp\/v2\/types\/post"}],"author":[{"embeddable":true,"href":"https:\/\/www.europesays.com\/es\/wp-json\/wp\/v2\/users\/2"}],"replies":[{"embeddable":true,"href":"https:\/\/www.europesays.com\/es\/wp-json\/wp\/v2\/comments?post=183612"}],"version-history":[{"count":0,"href":"https:\/\/www.europesays.com\/es\/wp-json\/wp\/v2\/posts\/183612\/revisions"}],"wp:featuredmedia":[{"embeddable":true,"href":"https:\/\/www.europesays.com\/es\/wp-json\/wp\/v2\/media\/183613"}],"wp:attachment":[{"href":"https:\/\/www.europesays.com\/es\/wp-json\/wp\/v2\/media?parent=183612"}],"wp:term":[{"taxonomy":"category","embeddable":true,"href":"https:\/\/www.europesays.com\/es\/wp-json\/wp\/v2\/categories?post=183612"},{"taxonomy":"post_tag","embeddable":true,"href":"https:\/\/www.europesays.com\/es\/wp-json\/wp\/v2\/tags?post=183612"}],"curies":[{"name":"wp","href":"https:\/\/api.w.org\/{rel}","templated":true}]}}