{"id":183624,"date":"2025-10-17T20:33:09","date_gmt":"2025-10-17T20:33:09","guid":{"rendered":"https:\/\/www.europesays.com\/es\/183624\/"},"modified":"2025-10-17T20:33:09","modified_gmt":"2025-10-17T20:33:09","slug":"andrea-duro-revela-en-la-revuelta-su-calvario-por-los-que-creen-que-es-hija-de-alfredo-duro-y-el-le-responde","status":"publish","type":"post","link":"https:\/\/www.europesays.com\/es\/183624\/","title":{"rendered":"Andrea Duro revela en &#8216;La Revuelta&#8217; su \u00abcalvario\u00bb por los que creen que es hija de Alfredo Duro, y \u00e9l le responde"},"content":{"rendered":"<p class=\"article-text\">\n        <strong>David Broncano <\/strong>recibi\u00f3 este jueves la visita de <strong>Andrea Duro<\/strong>, que acudi\u00f3 al plat\u00f3 de<strong> La Revuelta<\/strong> para promocionar su nueva pel\u00edcula Peque\u00f1os Calvarios, la cual llega a los cines espa\u00f1oles el pr\u00f3ximo viernes 24 de octubre. Aprovechando el t\u00edtulo del largometraje, el presentador de <strong>RTVE <\/strong>y la actriz desvelaron <strong>algunos calvarios <\/strong>que han experimentado en su vida, con la invitada haciendo alusi\u00f3n a la extendida confusi\u00f3n de que su padre es <strong>Alfredo Duro<\/strong>, colaborador de<strong> El Chiringuito. <\/strong>\n    <\/p>\n<p>    <a href=\"https:\/\/www.eldiario.es\/vertele\/audiencias-tv\/jueves-16-octubre-2025-el-hormiguero-logra-juan-del-val-premio-planeta-triunfo-mas-amplio-curso-la-revuelta_1_12691258.html\" data-mrf-recirculation=\"saber-mas\" data-dl-event=\"saber-mas\" rel=\"nofollow noopener\" target=\"_blank\"><\/p>\n<p class=\"know-more__title\">&#8216;El Hormiguero&#8217; (17.6%) logra con Juan del Val y su Premio Planeta su triunfo m\u00e1s amplio del curso ante &#8216;La Revuelta&#8217;<\/p>\n<p>            <img decoding=\"async\" class=\"lazy\" loading=\"lazy\" data-src=\"https:\/\/static.eldiario.es\/clip\/342c38bd-b738-4aa0-ac66-5eccb33be713_16-9-aspect-ratio_default_0.jpg\" src=\"data:image\/svg+xml,%3Csvg xmlns=\" http:=\"\" viewbox=\"0 0 880 495\" alt=\"'El Hormiguero' (17.6%) logra con Juan del Val y su Premio Planeta su triunfo m\u00e1s amplio del curso ante 'La Revuelta'\"\/><\/p>\n<p>                        <\/a><\/p>\n<p class=\"article-text\">\n        <strong>\u201c\u00bfCu\u00e1l ha sido tu calvario en la vida?\u201d<\/strong>, plante\u00f3 Broncano a la int\u00e9rprete, que aludi\u00f3 al mencionado error. \u201cEs un poco absurdo, pero es algo que me desquiciaba de manera sobrehumana. Y es que durante muchos a\u00f1os de mi vida la gente me preguntaba qu\u00e9 tal estaba mi padre Alfredo Duro\u201d, empez\u00f3 desvelando, al tiempo que el c\u00f3mico ubicaba a los espectadores, explicando entre risas que se trataba del tertuliano de <strong>Josep Pedrerol.<\/strong>\n    <\/p>\n<p class=\"article-text\">\n        \u201c<strong>Era terrible<\/strong> porque Alfredo no es mi padre y ten\u00eda que estar continuamente contestando a esta pregunta en cualquier sitio. No le conozco en persona pero s\u00e9 qui\u00e9n es\u201d, asegur\u00f3 la actriz. \u201cSe enfada mucho, \u00bfno? Todo el rato se enfada por cosas, pega gritos, Pedrerol le manda a callar, se pelea con no se qui\u00e9n&#8230;\u201d, recopil\u00f3 Broncano.\n    <\/p>\n<p>    Alfredo Duro reacciona y responde con humor a Andrea Duro<\/p>\n<p class=\"article-text\">\n        Andrea Duro brome\u00f3 entonces al asegurar que<strong> \u201c\u00e9l tiene su propio calvario, que ser\u00e1 el Real Madrid y \u00e9l era el m\u00edo\u201d<\/strong>. \u201cMi calvario tambi\u00e9n es el Real Madrid. Virgen santa, que pesados son&#8230; Todo el rato ganando en el \u00faltimo minuto\u201d, vacil\u00f3 el presentador de La 1, fiel seguidor del Atl\u00e9tico de Madrid.\n    <\/p>\n<p>    <a href=\"https:\/\/www.eldiario.es\/vertele\/noticias\/consejo-informativos-tve-eleva-enfrentamiento-direccion-acusaciones-amenazas-aclaraciones-cadena_1_12691599.html\" data-mrf-recirculation=\"saber-mas-abajo\" data-dl-event=\"saber-mas-abajo\" rel=\"nofollow noopener\" target=\"_blank\"><\/p>\n<p class=\"know-more__title\">El Consejo de Informativos de TVE eleva su enfrentamiento con la direcci\u00f3n: acusaciones de \u201camenazas\u201d, y aclaraciones de la cadena\n<\/p>\n<p>            <img decoding=\"async\" class=\"lazy\" loading=\"lazy\" data-src=\"https:\/\/static.eldiario.es\/clip\/48fc6f71-9933-4909-bcef-d24f46fd9327_16-9-aspect-ratio_default_0.jpg\" src=\"data:image\/svg+xml,%3Csvg xmlns=\" http:=\"\" viewbox=\"0 0 880 495\" alt=\"El Consejo de Informativos de TVE eleva su enfrentamiento con la direcci\u00f3n: acusaciones de &quot;amenazas&quot;, y aclaraciones de la cadena\"\/><\/p>\n<p>                        <\/a><\/p>\n<p class=\"article-text\">\n        Este viernes, Alfredo Duro se ha hecho eco de lo comentado por Andrea Duro en La Revuelta, contestando con un ir\u00f3nico mensaje en el que contin\u00faa la broma de la confusi\u00f3n: <strong>\u201cQu\u00e9 bien estuvo ayer mi &#8216;hija&#8217; en <\/strong><strong>La Revuelta<\/strong><strong>. Eres un encanto, Andrea\u201d<\/strong>, ha escrito el tertuliano.\n    <\/p>\n<blockquote class=\"twitter-tweet\" data-lang=\"es\"><p><a href=\"https:\/\/twitter.com\/X\/status\/1979107834919899504?ref_src=twsrc%5Etfw\" rel=\"nofollow noopener\" target=\"_blank\"><\/p><\/blockquote>\n<p>                                <script async src=\"https:\/\/platform.twitter.com\/widgets.js\" charset=\"utf-8\"><\/script><\/p>\n","protected":false},"excerpt":{"rendered":"David Broncano recibi\u00f3 este jueves la visita de Andrea Duro, que acudi\u00f3 al plat\u00f3 de La Revuelta para&hellip;\n","protected":false},"author":2,"featured_media":183625,"comment_status":"","ping_status":"","sticky":false,"template":"","format":"standard","meta":{"footnotes":""},"categories":[91],"tags":[28762,8466,10182,3097,2562,146,147,25,24,3983,3294,1259,1789,528,23],"class_list":{"0":"post-183624","1":"post","2":"type-post","3":"status-publish","4":"format-standard","5":"has-post-thumbnail","7":"category-entretenimiento","8":"tag-alfredo","9":"tag-andrea","10":"tag-calvario","11":"tag-creen","12":"tag-duro","13":"tag-entertainment","14":"tag-entretenimiento","15":"tag-es","16":"tag-espana","17":"tag-hija","18":"tag-le","19":"tag-responde","20":"tag-revela","21":"tag-revuelta","22":"tag-spain"},"share_on_mastodon":{"url":"","error":""},"_links":{"self":[{"href":"https:\/\/www.europesays.com\/es\/wp-json\/wp\/v2\/posts\/183624","targetHints":{"allow":["GET"]}}],"collection":[{"href":"https:\/\/www.europesays.com\/es\/wp-json\/wp\/v2\/posts"}],"about":[{"href":"https:\/\/www.europesays.com\/es\/wp-json\/wp\/v2\/types\/post"}],"author":[{"embeddable":true,"href":"https:\/\/www.europesays.com\/es\/wp-json\/wp\/v2\/users\/2"}],"replies":[{"embeddable":true,"href":"https:\/\/www.europesays.com\/es\/wp-json\/wp\/v2\/comments?post=183624"}],"version-history":[{"count":0,"href":"https:\/\/www.europesays.com\/es\/wp-json\/wp\/v2\/posts\/183624\/revisions"}],"wp:featuredmedia":[{"embeddable":true,"href":"https:\/\/www.europesays.com\/es\/wp-json\/wp\/v2\/media\/183625"}],"wp:attachment":[{"href":"https:\/\/www.europesays.com\/es\/wp-json\/wp\/v2\/media?parent=183624"}],"wp:term":[{"taxonomy":"category","embeddable":true,"href":"https:\/\/www.europesays.com\/es\/wp-json\/wp\/v2\/categories?post=183624"},{"taxonomy":"post_tag","embeddable":true,"href":"https:\/\/www.europesays.com\/es\/wp-json\/wp\/v2\/tags?post=183624"}],"curies":[{"name":"wp","href":"https:\/\/api.w.org\/{rel}","templated":true}]}}