{"id":183626,"date":"2025-10-17T20:36:10","date_gmt":"2025-10-17T20:36:10","guid":{"rendered":"https:\/\/www.europesays.com\/es\/183626\/"},"modified":"2025-10-17T20:36:10","modified_gmt":"2025-10-17T20:36:10","slug":"la-ue-acoge-con-cautela-la-reunion-trump-putin-en-budapest-ante-el-escepticismo-de-los-expertos","status":"publish","type":"post","link":"https:\/\/www.europesays.com\/es\/183626\/","title":{"rendered":"La UE acoge con cautela la reuni\u00f3n Trump-Putin en Budapest ante el escepticismo de los expertos"},"content":{"rendered":"<p>          <img decoding=\"async\" class=\"c-ad__placeholder__logo\" src=\"https:\/\/static.euronews.com\/website\/images\/logos\/logo-euronews-stacked-outlined-72x72-grey-9.svg\" width=\"72\" height=\"72\" alt=\"\" loading=\"lazy\"\/><br \/>\n          PUBLICIDAD<\/p>\n<p>La Comisi\u00f3n Europea acogi\u00f3 con cautela <a href=\"https:\/\/es.euronews.com\/2025\/10\/16\/trump-reunion-putin-budapest-fin-guerra-ucrania\" rel=\"nofollow noopener\" target=\"_blank\">el anuncio del presidente de Estados Unidos<\/a>, Donald Trump, de mantener conversaciones con su hom\u00f3logo ruso, Vladimir Putin, en Budapest en las pr\u00f3ximas dos semanas, para <strong>avanzar en un posible final de la guerra en Ucrania<\/strong>.<\/p>\n<p>El primer ministro h\u00fangaro, Viktor Orb\u00e1n, se apresur\u00f3 a declarar que la sorpresiva elecci\u00f3n de Budapest para celebrar la reuni\u00f3n es una reivindicaci\u00f3n de sus llamamientos a los l\u00edderes de la UE para que negocien con Mosc\u00fa, <strong>en lugar de buscar la confrontaci\u00f3n<\/strong>, mientras arrecia la invasi\u00f3n a gran escala de Ucrania.<\/p>\n<p>Orb\u00e1n, cercano tanto a Trump como a Putin, asegur\u00f3 que \u00abHungr\u00eda es la isla de la PAZ\u00bb en un post en X divulgado el viernes, a\u00f1adiendo que su pa\u00eds <strong>era \u00abel \u00fanico lugar de Europa\u00bb donde pod\u00eda celebrarse<\/strong> una cumbre de este tipo.<\/p>\n<p>La Comisi\u00f3n Europea <strong>adopt\u00f3 un tono prudentemente positivo<\/strong> sobre el anuncio del encuentro. \u00abCualquier reuni\u00f3n que haga avanzar una paz justa y duradera en Ucrania es bienvenida\u00bb, dijo el portavoz de la Comisi\u00f3n, Olof Gill.<\/p>\n<p>Gill a\u00f1adi\u00f3, <strong>la UE sigue comprometida a apoyar a Ucrania y a debilitar a Rusia<\/strong>. \u00abHace tiempo que Rusia deber\u00eda haber puesto fin a su agresi\u00f3n insensata e ilegal contra Ucrania. Por parte de la UE, estamos haciendo todo lo posible para apoyar a Ucrania y debilitar la capacidad de Rusia para librar su guerra\u00bb, dijo Gill.<\/p>\n<p>Aunque la Comisi\u00f3n acogi\u00f3 con satisfacci\u00f3n el anuncio, en el resto de Bruselas se mantuvo el escepticismo, <strong>aludiendo a las estrechas relaciones entre Orb\u00e1n y Putin<\/strong>. En una rueda de prensa en el Parlamento Europeo, con los portavoces de los distintos partidos, los grupos pol\u00edticos del Partido Popular Europeo y Renew Europe expresaron su escepticismo sobre la cumbre.<\/p>\n<p>Los socialistas y dem\u00f3cratas del Parlamento Europeo, Renovemos Europa y Conservadores y Reformistas Europeos <strong>destacaron la necesidad de representar los intereses de Ucrania<\/strong> en la mesa.<\/p>\n<p>El portavoz de los Verdes\/ALE y de la Izquierda fue m\u00e1s all\u00e1 al decir que <a href=\"https:\/\/es.euronews.com\/my-europe\/2025\/10\/17\/putin-trump-hungria-sanciones-orden-detencion\" rel=\"nofollow noopener\" target=\"_blank\">Putin deber\u00eda ser arrestado en suelo europeo<\/a> por cr\u00edmenes de guerra en Ucrania. Desde la extrema derecha, la Europa de las Naciones Soberanas y Patriotas por Europa <strong>dieron la bienvenida a las conversaciones<\/strong>.<\/p>\n<p>\u00abBudapest env\u00eda un mensaje claro: <strong>la l\u00f3gica de la guerra puede superarse<\/strong>. La paz se construye a trav\u00e9s del di\u00e1logo, no de las sanciones\u00bb, declar\u00f3 una portavoz de los Patriotas, \u00c1gnes Kar\u00e1ndi.<\/p>\n<p><strong>Los analistas pol\u00edticos europeos se muestran esc\u00e9pticos<\/strong><\/p>\n<p>La perspectiva de una reuni\u00f3n entre Trump y Putin <strong>ha suscitado dudas entre algunos de los principales expertos pol\u00edticos<\/strong> de Bruselas, que creen que el encuentro podr\u00eda crear tensiones en el seno de la UE.<\/p>\n<p>D\u00e1niel Heged\u0171s, director regional de la German Marshall Fund of the US, declar\u00f3 a &#8216;Euronews&#8217; que la posibilidad de la cumbre de Budapest es un gran \u00e9xito para el gobierno de Orb\u00e1n y <strong>un desaf\u00edo deliberado a la unidad de la UE<\/strong> y a su pol\u00edtica exterior y de seguridad.<\/p>\n<p>\u00abEs proporcionar este regalo simb\u00f3lico al Gobierno m\u00e1s antiliberal de la Uni\u00f3n Europea que <strong>ha sido un verso suelto en su pol\u00edtica exterior<\/strong> relacionada con Rusia y Ucrania, pr\u00e1cticamente desde el estallido de la guerra a gran escala en Ucrania\u00bb, dijo Heged\u0171s.<\/p>\n<p>\u00abSe trata de un intento deliberado por parte de la Administraci\u00f3n estadounidense de debilitar la unidad de la UE y, de hecho, de s<strong>ocavar la actual posici\u00f3n dominante de la Uni\u00f3n Europea sobre el apoyo a Ucrania<\/strong> y, de hecho, su pol\u00edtica de sanciones contra Rusia.\u00bb Heged\u0171s a\u00f1adi\u00f3 que est\u00e1 claro que Trump prefiere una Europa fragmentada a una Europa unificada, que sea capaz y est\u00e9 preparada para actuar en su propio inter\u00e9s.<\/p>\n<p>Alberto Alemanno, catedr\u00e1tico Jean Monnet de Derecho Europeo en HEC Par\u00eds, se mostr\u00f3 de acuerdo. \u00abEs una prueba m\u00e1s de que <strong>Viktor Orb\u00e1n es m\u00e1s leal a Rusia y a los intereses de Estados Unidos que a la Uni\u00f3n,<\/strong> a la que pertenece su pa\u00eds\u00bb, afirm\u00f3.<\/p>\n<p>El profesor afirm\u00f3 que Orb\u00e1n <strong>est\u00e1 actuando ahora como caballo de Troya<\/strong> dentro de la UE, con un boicot constante al inter\u00e9s general de la UE, y consider\u00f3 que la situaci\u00f3n se est\u00e1 volviendo insostenible. \u00abEsta reuni\u00f3n corre el riesgo de dar a Orb\u00e1n la autoridad de hablar en nombre de la UE, mientras que su postura personal sobre Ucrania es antit\u00e9tica a la Uni\u00f3n\u00bb, concluy\u00f3 Alemanno.<\/p>\n<p><strong>Orb\u00e1n se opone a Ucrania en la UE<\/strong><\/p>\n<p>Durante <a href=\"https:\/\/es.euronews.com\/my-europe\/2024\/07\/15\/la-comision-europea-boicotea-la-presidencia-hungara-por-los-viajes-de-orban-a-moscu-y-peki\" rel=\"nofollow noopener\" target=\"_blank\">la presidencia h\u00fangara del Consejo<\/a> el a\u00f1o pasado, <strong>Orb\u00e1n lanz\u00f3 lo que llam\u00f3 una misi\u00f3n de paz sin coordinarse con la UE<\/strong> y viaj\u00f3 tanto a Ucrania como a Rusia para mantener conversaciones con los dirigentes de ambos pa\u00edses.<\/p>\n<p>En la reuni\u00f3n de la Comunidad Pol\u00edtica Europea celebrada en Copenhague a principios de mes, <strong>Orb\u00e1n rechaz\u00f3 la idea de modificar las normas de ampliaci\u00f3n de la UE<\/strong> para facilitar las conversaciones de adhesi\u00f3n de Ucrania.<\/p>\n<p>El llamado Plan Costa <strong>propon\u00eda suprimir la unanimidad necesaria para la apertura de cada cap\u00edtulo de negociaci\u00f3n<\/strong>. Cambiar las reglas tambi\u00e9n requiere unanimidad y Hungr\u00eda vetar\u00e1 la adhesi\u00f3n de Ucrania a la UE, seg\u00fan el presidente h\u00fangaro. \u00abLes he dicho que no estoy de acuerdo, as\u00ed que este plan est\u00e1 muerto\u00bb, dijo Orb\u00e1n, acusando a los l\u00edderes de la UE de buscar la confrontaci\u00f3n con Rusia.<\/p>\n","protected":false},"excerpt":{"rendered":"PUBLICIDAD La Comisi\u00f3n Europea acogi\u00f3 con cautela el anuncio del presidente de Estados Unidos, Donald Trump, de mantener&hellip;\n","protected":false},"author":2,"featured_media":183627,"comment_status":"","ping_status":"","sticky":false,"template":"","format":"standard","meta":{"footnotes":""},"categories":[42],"tags":[17,18,352,13,14,7419,11,3957,61,62,63,64,19,20,9,10,15,16,12,21,22,13020,7083,65,66,67],"class_list":{"0":"post-183626","1":"post","2":"type-post","3":"status-publish","4":"format-standard","5":"has-post-thumbnail","7":"category-internacional","8":"tag-breaking-news","9":"tag-breakingnews","10":"tag-donald-trump","11":"tag-featured-news","12":"tag-featurednews","13":"tag-guerra-en-ucrania","14":"tag-headlines","15":"tag-hungria","16":"tag-internacional","17":"tag-international","18":"tag-international-news","19":"tag-internationalnews","20":"tag-latest-news","21":"tag-latestnews","22":"tag-news","23":"tag-noticias","24":"tag-noticias-destacadas","25":"tag-noticiasdestacadas","26":"tag-titulares","27":"tag-ultimas-noticias","28":"tag-ultimasnoticias","29":"tag-viktor-orban","30":"tag-vladimir-putin","31":"tag-world","32":"tag-world-news","33":"tag-worldnews"},"share_on_mastodon":{"url":"","error":""},"_links":{"self":[{"href":"https:\/\/www.europesays.com\/es\/wp-json\/wp\/v2\/posts\/183626","targetHints":{"allow":["GET"]}}],"collection":[{"href":"https:\/\/www.europesays.com\/es\/wp-json\/wp\/v2\/posts"}],"about":[{"href":"https:\/\/www.europesays.com\/es\/wp-json\/wp\/v2\/types\/post"}],"author":[{"embeddable":true,"href":"https:\/\/www.europesays.com\/es\/wp-json\/wp\/v2\/users\/2"}],"replies":[{"embeddable":true,"href":"https:\/\/www.europesays.com\/es\/wp-json\/wp\/v2\/comments?post=183626"}],"version-history":[{"count":0,"href":"https:\/\/www.europesays.com\/es\/wp-json\/wp\/v2\/posts\/183626\/revisions"}],"wp:featuredmedia":[{"embeddable":true,"href":"https:\/\/www.europesays.com\/es\/wp-json\/wp\/v2\/media\/183627"}],"wp:attachment":[{"href":"https:\/\/www.europesays.com\/es\/wp-json\/wp\/v2\/media?parent=183626"}],"wp:term":[{"taxonomy":"category","embeddable":true,"href":"https:\/\/www.europesays.com\/es\/wp-json\/wp\/v2\/categories?post=183626"},{"taxonomy":"post_tag","embeddable":true,"href":"https:\/\/www.europesays.com\/es\/wp-json\/wp\/v2\/tags?post=183626"}],"curies":[{"name":"wp","href":"https:\/\/api.w.org\/{rel}","templated":true}]}}