{"id":183638,"date":"2025-10-17T20:45:10","date_gmt":"2025-10-17T20:45:10","guid":{"rendered":"https:\/\/www.europesays.com\/es\/183638\/"},"modified":"2025-10-17T20:45:10","modified_gmt":"2025-10-17T20:45:10","slug":"pocos-lo-saben-cual-es-la-cabala-de-franco-colapinto-cuando-va-a-correr-en-la-formula-1","status":"publish","type":"post","link":"https:\/\/www.europesays.com\/es\/183638\/","title":{"rendered":"Pocos lo saben: cu\u00e1l es la c\u00e1bala de Franco Colapinto cuando va a correr en la F\u00f3rmula 1"},"content":{"rendered":"<p class=\"left paragraph font__body-regular\">A sus apenas 22 a\u00f1os, <a href=\"https:\/\/tn.com.ar\/tags\/franco-colapinto\/\" target=\"_self\" rel=\"nofollow noopener\" title=\"https:\/\/tn.com.ar\/tags\/franco-colapinto\/\"><b>Franco Colapinto<\/b><\/a> no solo hace flamear la bandera argentina en cada circuito de F\u00f3rmula 1, sino que tambi\u00e9n carga con un costado muy \u00edntimo que pocos conocen. M\u00e1s all\u00e1 de los viajes, las escuder\u00edas y la presi\u00f3n de la \u00e9lite del automovilismo, el piloto mantiene rituales muy particulares antes de cada carrera y, en una entrevista, <b>revel\u00f3 una de sus c\u00e1balas<\/b>. <\/p>\n<p>La curiosa c\u00e1bala de Franco Colapinto antes de correr en la F\u00f3rmula 1 <\/p>\n<p class=\"left paragraph font__body-regular\">El oriundo de Pilar particip\u00f3 en enero de 2025 de un video para el canal de YouTube Tavo al volante y cont\u00f3 que, antes de cada carrera, sigue una c\u00e1bala muy particular: <b>se coloca primero todas las partes derechas del uniforme<\/b>. \u201cSiempre <b>me pongo todo lo derecho primero<\/b>: guante, bota, cintur\u00f3n. Creo que, de por s\u00ed, los argentinos tenemos muchas c\u00e1balas&#8230; <b>estamos un poquito locos<\/b>\u201d, confes\u00f3.<\/p>\n<p><img decoding=\"async\" loading=\"lazy\" fetchpriority=\"low\" data-testid=\"loading-testid\" class=\"image content-image image_placeholder\" alt=\"Franco Colapinto revel\u00f3 que siempre se pone el uniforme comenzando por el lado derecho. (Foto: AP).\" width=\"767\" height=\"430\" src=\"https:\/\/www.europesays.com\/es\/wp-content\/uploads\/2025\/10\/franco-colapinto-revelo-que-siempre-se-pone-el-uniforme-comenzando-por-el-lado-derecho-foto-ap-OXB36.jpeg\"\/><\/p>\n<p>Franco Colapinto revel\u00f3 que siempre se pone el uniforme comenzando por el lado derecho. (Foto: AP).<\/p>\n<p class=\"left paragraph font__body-regular\">Meses despu\u00e9s, ya como piloto principal de Alpine, Colapinto ampli\u00f3 los detalles sobre su ritual antes de competir. \u201cSiempre pongo primero todo lo del lado derecho. Primero el zapato derecho, el guante derecho, incluso la pierna derecha del traje. <b>Salto al coche por el lado derecho y toco el broche del cintur\u00f3n<\/b> antes de subirme. Ese tipo de cosas\u201d, explic\u00f3 el piloto.<\/p>\n<p class=\"left paragraph font__body-regular\"><b>Le\u00e9 tambi\u00e9n: <\/b><a href=\"https:\/\/tn.com.ar\/deportes\/automovilismo\/2025\/10\/17\/el-encuentro-de-franco-colapinto-con-los-fanaticos-argentinos-en-la-previa-del-gp-de-estados-unidos\/\" target=\"_self\" rel=\"nofollow noopener\" title=\"https:\/\/tn.com.ar\/deportes\/automovilismo\/2025\/10\/17\/el-encuentro-de-franco-colapinto-con-los-fanaticos-argentinos-en-la-previa-del-gp-de-estados-unidos\/\"><b>El encuentro de Franco Colapinto con los fan\u00e1ticos argentinos en la previa del GP de Estados Unidos<\/b><\/a><\/p>\n<p class=\"left paragraph font__body-regular\">Adem\u00e1s, explic\u00f3 que esta c\u00e1bala lo ayuda a mantener la calma antes de salir a la pista, ya que le marca una rutina: \u201c<b>Te da un poco de orden, de consistencia<\/b>. Un momento de calma antes de subirte al auto. Y s\u00ed, solo <b>intento no cometer errores<\/b> antes de que empiece la carrera\u201d.<\/p>\n<p><img decoding=\"async\" loading=\"lazy\" fetchpriority=\"low\" data-testid=\"loading-testid\" class=\"image content-image image_placeholder\" alt=\"Colapinto a\u00fan no logr\u00f3 sumar puntos con Alpine. (Foto: REUTERS\/Edgar Su) \" width=\"767\" height=\"547\" src=\"https:\/\/www.europesays.com\/es\/wp-content\/uploads\/2025\/10\/colapinto-aun-no-logro-sumar-puntos-con-alpine-foto-reutersedgar-su-IIMIZAFX6QHSJD2AJXMSW67H5U.jpg\"\/><\/p>\n<p>Colapinto a\u00fan no logr\u00f3 sumar puntos con Alpine. (Foto: REUTERS\/Edgar Su) <\/p>\n<p class=\"left paragraph font__body-regular\"><b>Le\u00e9 tambi\u00e9n: <\/b><a href=\"https:\/\/tn.com.ar\/deportes\/automovilismo\/2025\/10\/16\/el-nuevo-casco-de-franco-colapinto-para-el-gran-premio-de-estados-unidos-con-un-guino-a-un-hito-argentino\/\" target=\"_self\" rel=\"nofollow noopener\" title=\"https:\/\/tn.com.ar\/deportes\/automovilismo\/2025\/10\/16\/el-nuevo-casco-de-franco-colapinto-para-el-gran-premio-de-estados-unidos-con-un-guino-a-un-hito-argentino\/\"><b>El nuevo casco de Franco Colapinto para el Gran Premio de Estados Unidos con un gui\u00f1o a un hito argentino<\/b><\/a><\/p>\n<p>C\u00f3mo le est\u00e1 yendo a Franco Colapinto con Alpine <\/p>\n<p class=\"left paragraph font__body-regular\">Desde que reemplaz\u00f3 a Jack Doohan en el asiento de Alpine, Colapinto debi\u00f3 convivir con las dificultades del equipo y el bajo rendimiento del auto. A pesar de su esfuerzo, todav\u00eda <b>no logr\u00f3 sumar puntos <\/b>en la temporada. Su mejor actuaci\u00f3n fue un <b>11\u00b0 puesto en el Gran Premio de los Pa\u00edses Bajos<\/b>, quedando a las puertas de sus primeras unidades.<\/p>\n","protected":false},"excerpt":{"rendered":"A sus apenas 22 a\u00f1os, Franco Colapinto no solo hace flamear la bandera argentina en cada circuito de&hellip;\n","protected":false},"author":2,"featured_media":183639,"comment_status":"","ping_status":"","sticky":false,"template":"","format":"standard","meta":{"footnotes":""},"categories":[270],"tags":[168,25,24,306,271,272,1723,23,167,11934],"class_list":{"0":"post-183638","1":"post","2":"type-post","3":"status-publish","4":"format-standard","5":"has-post-thumbnail","7":"category-formula-1","8":"tag-deportes","9":"tag-es","10":"tag-espana","11":"tag-f1","12":"tag-formula-1","13":"tag-formula1","14":"tag-franco-colapinto","15":"tag-spain","16":"tag-sports","17":"tag-tns"},"share_on_mastodon":{"url":"","error":""},"_links":{"self":[{"href":"https:\/\/www.europesays.com\/es\/wp-json\/wp\/v2\/posts\/183638","targetHints":{"allow":["GET"]}}],"collection":[{"href":"https:\/\/www.europesays.com\/es\/wp-json\/wp\/v2\/posts"}],"about":[{"href":"https:\/\/www.europesays.com\/es\/wp-json\/wp\/v2\/types\/post"}],"author":[{"embeddable":true,"href":"https:\/\/www.europesays.com\/es\/wp-json\/wp\/v2\/users\/2"}],"replies":[{"embeddable":true,"href":"https:\/\/www.europesays.com\/es\/wp-json\/wp\/v2\/comments?post=183638"}],"version-history":[{"count":0,"href":"https:\/\/www.europesays.com\/es\/wp-json\/wp\/v2\/posts\/183638\/revisions"}],"wp:featuredmedia":[{"embeddable":true,"href":"https:\/\/www.europesays.com\/es\/wp-json\/wp\/v2\/media\/183639"}],"wp:attachment":[{"href":"https:\/\/www.europesays.com\/es\/wp-json\/wp\/v2\/media?parent=183638"}],"wp:term":[{"taxonomy":"category","embeddable":true,"href":"https:\/\/www.europesays.com\/es\/wp-json\/wp\/v2\/categories?post=183638"},{"taxonomy":"post_tag","embeddable":true,"href":"https:\/\/www.europesays.com\/es\/wp-json\/wp\/v2\/tags?post=183638"}],"curies":[{"name":"wp","href":"https:\/\/api.w.org\/{rel}","templated":true}]}}