{"id":183657,"date":"2025-10-17T20:56:13","date_gmt":"2025-10-17T20:56:13","guid":{"rendered":"https:\/\/www.europesays.com\/es\/183657\/"},"modified":"2025-10-17T20:56:13","modified_gmt":"2025-10-17T20:56:13","slug":"el-franquismo-perjudica-seriamente-la-salud","status":"publish","type":"post","link":"https:\/\/www.europesays.com\/es\/183657\/","title":{"rendered":"el franquismo perjudica seriamente la salud"},"content":{"rendered":"<p class=\"c-paragraph\">La feliz reuni\u00f3n de<b> Joaqu\u00edn Oristrell<\/b>, <b>Yolanda Garc\u00eda Serrano<\/b> y <b>Manuel G\u00f3mez Pereira<\/b>, el tr\u00edo \u2013cuarteto si cont\u00e1semos al aqu\u00ed ausente Juan Luis Iborra\u2013, que aup\u00f3 la comedia espa\u00f1ola noventera podr\u00eda ser <b>una suerte de precuela de El amor perjudica seriamente la salud <\/b>(1996), que se desarrollaba a caballo de un tardofranquismo en clave pop y los 90.\u00a0<\/p>\n<p class=\"c-paragraph\">Aqu\u00ed <b>Franco acaba de conquistar Madrid<\/b>, y se dispone a celebrarlo con una cena para todos sus generales, entre los que destaca la camisa negra de <b>Asier Etxeandia.\u00a0<\/b><b>Mario Casas<\/b>\u00a0es el encargado de organizar el evento para el que deber\u00e1 contar con aut\u00e9nticos rojazos que aprovechar\u00e1n para fugarse.<\/p>\n<p class=\"c-paragraph\">Como su precedente, tambi\u00e9n <b>es un vodevil con buena factura<\/b>, que desata espor\u00e1dicas carcajadas, pero asegura sonrisa perenne, que ya es decir, un estado ciertamente agradable, donde <b>todo discurre seg\u00fan lo previsto<\/b>, sin sorpresas ni decepciones, demostrando que G\u00f3mez Pereira es <b>infinitamente mejor en la comedia<\/b> que cuando intenta ponerse serio.\u00a0<\/p>\n<p class=\"c-paragraph\">Con <b>encomiable ligereza,<\/b> nos recuerda esos tiempos aciagos que vuelven a pasos agigantados, y que hay que seguir bailando, divirti\u00e9ndonos, mientras el barco se hunde.<\/p>\n<p>T\u00edtulo &#8216;La cena&#8217;<\/p>\n<ul class=\"c-card__movie__data\">\n<li class=\"c-card__movie__data__item\"> Director\n<p class=\"c-card__movie__data__item__txt\">Manuel G\u00f3mez Pereira<\/p>\n<\/li>\n<li class=\"c-card__movie__data__item\"> G\u00e9nero\n<p class=\"c-card__movie__data__item__txt\">Comedia<\/p>\n<\/li>\n<li class=\"c-card__movie__data__item\"> Pa\u00eds\n<p class=\"c-card__movie__data__item__txt\">Espa\u00f1a<\/p>\n<\/li>\n<li class=\"c-card__movie__data__item\"> Sinopsis\n<p class=\"c-card__movie__data__item__txt\">Dos semanas despu\u00e9s de acabar la Guerra Civil, Franco solicita una cena de celebraci\u00f3n en el Hotel Palace. Un joven teniente, un ma\u00eetre meticuloso y un grupo de prisioneros republicanos expertos en cocina, deben preparar un banquete impecable en tiempo r\u00e9cord. Todo parece ir sobre ruedas, pero en la cocina se trama algo m\u00e1s que un men\u00fa. La fuga est\u00e1 servida.<\/p>\n<\/li>\n<li class=\"c-card__movie__data__item\"> Gui\u00f3n\n<p class=\"c-card__movie__data__item__txt\">Joaqu\u00edn Oristrell, Yolanda Garc\u00eda Serrano y Manuel G\u00f3mez Pereira<\/p>\n<\/li>\n<li class=\"c-card__movie__data__item\"> Duraci\u00f3n\n<p class=\"c-card__movie__data__item__txt\">106 min<\/p>\n<\/li>\n<li class=\"c-card__movie__data__item\"> Distribuidora\n<p class=\"c-card__movie__data__item__txt\">A Contracorriente<\/p>\n<\/li>\n<li class=\"c-card__movie__data__item\"> Estreno\n<p class=\"c-card__movie__data__item__txt\">17 de octubre<\/p>\n<\/li>\n<li class=\"c-card__movie__data__item\">\n<p class=\"c-card__movie__data__item__txt\"><b>Reparto:<\/b><br \/>\u200bMario Casas, Alberto San Juan, Asier Etxeandia<\/p>\n<\/li>\n<\/ul>\n<p><img decoding=\"async\" loading=\"lazy\" alt=\"'La cena' poster\" width=\"250\" height=\"375\" src=\"https:\/\/www.europesays.com\/es\/wp-content\/uploads\/2025\/10\/68f0b31a7e91c.jpeg\"\/><\/p>\n","protected":false},"excerpt":{"rendered":"La feliz reuni\u00f3n de Joaqu\u00edn Oristrell, Yolanda Garc\u00eda Serrano y Manuel G\u00f3mez Pereira, el tr\u00edo \u2013cuarteto si cont\u00e1semos&hellip;\n","protected":false},"author":2,"featured_media":183658,"comment_status":"","ping_status":"","sticky":false,"template":"","format":"standard","meta":{"footnotes":""},"categories":[91],"tags":[26674,1497,146,147,25,24,23],"class_list":{"0":"post-183657","1":"post","2":"type-post","3":"status-publish","4":"format-standard","5":"has-post-thumbnail","7":"category-entretenimiento","8":"tag-cena","9":"tag-critica","10":"tag-entertainment","11":"tag-entretenimiento","12":"tag-es","13":"tag-espana","14":"tag-spain"},"share_on_mastodon":{"url":"","error":""},"_links":{"self":[{"href":"https:\/\/www.europesays.com\/es\/wp-json\/wp\/v2\/posts\/183657","targetHints":{"allow":["GET"]}}],"collection":[{"href":"https:\/\/www.europesays.com\/es\/wp-json\/wp\/v2\/posts"}],"about":[{"href":"https:\/\/www.europesays.com\/es\/wp-json\/wp\/v2\/types\/post"}],"author":[{"embeddable":true,"href":"https:\/\/www.europesays.com\/es\/wp-json\/wp\/v2\/users\/2"}],"replies":[{"embeddable":true,"href":"https:\/\/www.europesays.com\/es\/wp-json\/wp\/v2\/comments?post=183657"}],"version-history":[{"count":0,"href":"https:\/\/www.europesays.com\/es\/wp-json\/wp\/v2\/posts\/183657\/revisions"}],"wp:featuredmedia":[{"embeddable":true,"href":"https:\/\/www.europesays.com\/es\/wp-json\/wp\/v2\/media\/183658"}],"wp:attachment":[{"href":"https:\/\/www.europesays.com\/es\/wp-json\/wp\/v2\/media?parent=183657"}],"wp:term":[{"taxonomy":"category","embeddable":true,"href":"https:\/\/www.europesays.com\/es\/wp-json\/wp\/v2\/categories?post=183657"},{"taxonomy":"post_tag","embeddable":true,"href":"https:\/\/www.europesays.com\/es\/wp-json\/wp\/v2\/tags?post=183657"}],"curies":[{"name":"wp","href":"https:\/\/api.w.org\/{rel}","templated":true}]}}