{"id":183661,"date":"2025-10-17T20:59:08","date_gmt":"2025-10-17T20:59:08","guid":{"rendered":"https:\/\/www.europesays.com\/es\/183661\/"},"modified":"2025-10-17T20:59:08","modified_gmt":"2025-10-17T20:59:08","slug":"pese-a-un-nuevo-apoyo-de-bessent-el-dolar-subio-45","status":"publish","type":"post","link":"https:\/\/www.europesays.com\/es\/183661\/","title":{"rendered":"Pese a un nuevo apoyo de Bessent, el d\u00f3lar subi\u00f3 $45"},"content":{"rendered":"<p class=\"com-paragraph  --capital --s\">Un nuevo tuit sobre la Argentina del secretario del Tesoro de Estados Unidos, Scott Bessent, <strong>convive con otra suba del d\u00f3lar<\/strong>. El funcionario de la administraci\u00f3n de Donald Trump ratific\u00f3 su apoyo para la estabilizaci\u00f3n del pa\u00eds. Sin embargo, en el mercado financiero local, la divisa subi\u00f3 $45 por encima de su cierre de ayer y <strong>cerr\u00f3 a $1475 en el Banco Naci\u00f3n.<\/strong><\/p>\n<p class=\"com-paragraph   --s\">La trayectoria de la divisa muestra subidas y bajadas durante este viernes. Despu\u00e9s de un salto que lleg\u00f3 a tocar los $1465, el d\u00f3lar minorista en el Banco Naci\u00f3n cay\u00f3 $10. As\u00ed se ubic\u00f3 en los $1455, pero pasado el mediod\u00eda lleg\u00f3 a $1485. Se acomod\u00f3 hacia el final.<\/p>\n<p class=\"com-paragraph   --s\">El d\u00f3lar minorista, que subi\u00f3 un 3,1%, no es el \u00fanico que muestra una trayectoria alcista. La cotizaci\u00f3n de los financieros tambi\u00e9n se incrementa.<\/p>\n<p>Donald Trump, Javier Milei y sus equipos en la \u00faltima visita argentina a la Casa RosadaAlex Brandon &#8211; AP<\/p>\n<p class=\"com-paragraph   --s\">El <strong>MEP<\/strong> llega a un valor de <strong>$1522,68<\/strong>, lo que significa un ascenso de 3,3%. El contado con liquidaci\u00f3n (<strong>CCL<\/strong>) cotiza a <strong>$1539,08<\/strong>, un 3,2% por arriba del cierre de ayer.<\/p>\n<p class=\"com-paragraph   --s\">Los bonos tampoco experimentan un buen viernes. Exhiben n\u00fameros en rojo en su mayor\u00eda. El GD46D cae 4,6%, el AL29D, 2,4%. Pese a eso, dentro de los que repuntan, el AL29 es el de mejor rendimiento, con una suba de 1,5%.<\/p>\n<p class=\"com-paragraph   --s\">A diferencia del panel de bonos, la Bolsa porte\u00f1a conserva el verde. <strong>El Merval sube 2,5%<\/strong>.<\/p>\n<p class=\"com-paragraph   --s\">Esto \u00faltimo se refleja en las acciones de las empresas. Todas suben menos una: Metrogas (-0,93%). Por el contrario, las que mejor rendimiento demuestran este viernes son Supervielle (+5,86%), Telecom (+5,35) y Aluar (+5,35%).<\/p>\n<p class=\"com-paragraph   --s\">La buena performance en la plaza local contrasta con lo que atraviesas las acciones de empresas que cotizan en Wall Street. <strong>Los ADR muestran un comportamiento mixto<\/strong>.<\/p>\n<p class=\"com-paragraph   --s\">Supervielle, Globant y Corporaci\u00f3n Am\u00e9rica encabezan el podio de las que levantan, con subas que oscilan entre 01,2% y 2,4%. Mientras, tanto, la tabla de abajo muestra a Grupo Financiero Galicia, Pampa Energ\u00eda e YPF con ca\u00eddas de entre 1,2% y 2,9%.<\/p>\n<p class=\"com-paragraph   --s\">Noticia en desarrollo<\/p>\n","protected":false},"excerpt":{"rendered":"Un nuevo tuit sobre la Argentina del secretario del Tesoro de Estados Unidos, Scott Bessent, convive con otra&hellip;\n","protected":false},"author":2,"featured_media":183662,"comment_status":"","ping_status":"","sticky":false,"template":"","format":"standard","meta":{"footnotes":""},"categories":[42],"tags":[4251,17,18,777,51918,13,14,16005,317,11,61,62,63,64,19,20,9,10,15,16,12,4664,21,22,65,66,67],"class_list":{"0":"post-183661","1":"post","2":"type-post","3":"status-publish","4":"format-standard","5":"has-post-thumbnail","7":"category-internacional","8":"tag-bienestar","9":"tag-breaking-news","10":"tag-breakingnews","11":"tag-ciudad","12":"tag-costa-azul","13":"tag-featured-news","14":"tag-featurednews","15":"tag-fotos_arc_bajarprint","16":"tag-francia","17":"tag-headlines","18":"tag-internacional","19":"tag-international","20":"tag-international-news","21":"tag-internationalnews","22":"tag-latest-news","23":"tag-latestnews","24":"tag-news","25":"tag-noticias","26":"tag-noticias-destacadas","27":"tag-noticiasdestacadas","28":"tag-titulares","29":"tag-turismo","30":"tag-ultimas-noticias","31":"tag-ultimasnoticias","32":"tag-world","33":"tag-world-news","34":"tag-worldnews"},"share_on_mastodon":{"url":"","error":""},"_links":{"self":[{"href":"https:\/\/www.europesays.com\/es\/wp-json\/wp\/v2\/posts\/183661","targetHints":{"allow":["GET"]}}],"collection":[{"href":"https:\/\/www.europesays.com\/es\/wp-json\/wp\/v2\/posts"}],"about":[{"href":"https:\/\/www.europesays.com\/es\/wp-json\/wp\/v2\/types\/post"}],"author":[{"embeddable":true,"href":"https:\/\/www.europesays.com\/es\/wp-json\/wp\/v2\/users\/2"}],"replies":[{"embeddable":true,"href":"https:\/\/www.europesays.com\/es\/wp-json\/wp\/v2\/comments?post=183661"}],"version-history":[{"count":0,"href":"https:\/\/www.europesays.com\/es\/wp-json\/wp\/v2\/posts\/183661\/revisions"}],"wp:featuredmedia":[{"embeddable":true,"href":"https:\/\/www.europesays.com\/es\/wp-json\/wp\/v2\/media\/183662"}],"wp:attachment":[{"href":"https:\/\/www.europesays.com\/es\/wp-json\/wp\/v2\/media?parent=183661"}],"wp:term":[{"taxonomy":"category","embeddable":true,"href":"https:\/\/www.europesays.com\/es\/wp-json\/wp\/v2\/categories?post=183661"},{"taxonomy":"post_tag","embeddable":true,"href":"https:\/\/www.europesays.com\/es\/wp-json\/wp\/v2\/tags?post=183661"}],"curies":[{"name":"wp","href":"https:\/\/api.w.org\/{rel}","templated":true}]}}