{"id":183681,"date":"2025-10-17T21:13:23","date_gmt":"2025-10-17T21:13:23","guid":{"rendered":"https:\/\/www.europesays.com\/es\/183681\/"},"modified":"2025-10-17T21:13:23","modified_gmt":"2025-10-17T21:13:23","slug":"se-puede-hacer-literatura-partiendo-de-situaciones-reales","status":"publish","type":"post","link":"https:\/\/www.europesays.com\/es\/183681\/","title":{"rendered":"Se puede hacer literatura partiendo de situaciones reales"},"content":{"rendered":"<p class=\"ft-text ft-helper-closenews\">De ni\u00f1a, el padre de <strong>Alba Mu\u00f1oz<\/strong> (Barcelona, 1985) la llamaba <strong>polilla<\/strong>, un apodo que a la periodista y escritora no le gustaba nada. Sin embargo, muchos a\u00f1os despu\u00e9s de aquello, esa palabra, polilla, <strong>sirvi\u00f3 para titular su primer libro<\/strong>, una novela de no ficci\u00f3n, como ella misma la define, publicada el a\u00f1o pasado por la editorial Alfaguara y con la que esta semana protagoniza el episodio de<strong> &#8216;Libros y Cosas&#8217;, el videop\u00f3dcast del suplemento literario &#8216;ABRIL&#8217; de Prensa Ib\u00e9rica<\/strong>.<\/p>\n<p class=\"ft-text\">En ella, Mu\u00f1oz cuenta <strong>una historia que es la suya propia, la de una joven que decide marcharse a Bosnia reci\u00e9n salida de la facultad de Periodismo<\/strong> para conseguir un gran reportaje. All\u00ed, una noche conoce a Darko y termina encerrada en un dormitorio cuya llave solo tiene \u00e9l. El misterioso mensaje de una mujer le descubrir\u00e1 <strong>una red de casas secretas donde se esconden v\u00edctimas de trata<\/strong>.<\/p>\n<p class=\"ft-text\">Un material real, muy sensible, que termin\u00f3 convertido en literatura, y no en una pieza de periodismo narrativo, gracias a la providente intervenci\u00f3n del jefe de Internacional del peri\u00f3dico que le hab\u00eda &#8216;comprado&#8217; la historia. \u00abYo eso lo considero<strong> lo que har\u00eda un cineasta o un novelista<\/strong>: me interesa mucho esta \u00e9poca, me interesa mucho c\u00f3mo vivi\u00f3 esta familia y lo que hago es recrear, inventar una trama, una historia que me permite contar la verdad de esta gente\u00bb, explica la autora durante la conversaci\u00f3n, en la que se profundiza en los l\u00edmites entre ficci\u00f3n y realidad, periodismo y literatura.<\/p>\n<p><img decoding=\"async\" src=\"https:\/\/www.europesays.com\/es\/wp-content\/uploads\/2025\/10\/31e825a5-8f0d-4939-97bb-f377635094f4_alta-libre-aspect-ratio_default_0.jpg\" width=\"1200\" height=\"676\" alt=\"Alba Mu\u00f1oz, en 'Libros y Cosas'.\" class=\"ft-helper-img-rd\" loading=\"lazy\" hasdataaida=\"true\"\/><\/p>\n<p class=\"ft-helper-fontColor-quaternary ft-helper-fontSize-body-S ft-helper-spacer-t-xxs\">Alba Mu\u00f1oz, en &#8216;Libros y Cosas&#8217;. <\/p>\n<p class=\"ft-text\">La periodista y escritora confiesa a<strong> In\u00e9s Mart\u00edn Rodrigo <\/strong>y <strong>\u00c1lex S\u00e0lmon,<\/strong> conductores del videopodcast, que ella est\u00e1 de acuerdo con Leila Guerriero, una de las m\u00e1ximas exponente del <strong>periodismo narrativo<\/strong> actual, en el hecho de que, \u00ab<strong>si hay una gota de ficci\u00f3n o de elucubraci\u00f3n o de imaginaci\u00f3n, ya no es periodismo narrativo<\/strong>\u00ab. Y se muestra convencida de que \u00abse puede hacer literatura partiendo de situaciones reales, que fue lo que yo intent\u00e9 hacer en &#8216;Polilla\u2019\u00bb.<\/p>\n<p class=\"ft-text\"><a class=\"ft-link ft-link--decoration\" href=\"https:\/\/open.spotify.com\/episode\/5rBkF6ApoEAXEsIdicY4Pk\" target=\"_blank\" rel=\"nofollow noopener\"><strong>Puedes escuchar todos los episodios del videop\u00f3dcast &#8216;Libros y cosas&#8217; aqu\u00ed.<\/strong><\/a><\/p>\n<p data-close=\"closedContent\" class=\"subscribeHideForDisplay\">Suscr\u00edbete para seguir leyendo<\/p>\n","protected":false},"excerpt":{"rendered":"De ni\u00f1a, el padre de Alba Mu\u00f1oz (Barcelona, 1985) la llamaba polilla, un apodo que a la periodista&hellip;\n","protected":false},"author":2,"featured_media":183682,"comment_status":"","ping_status":"","sticky":false,"template":"","format":"standard","meta":{"footnotes":""},"categories":[172],"tags":[13099,9623,224,146,147,25,24,225,30407,8360,2667,23,5035],"class_list":{"0":"post-183681","1":"post","2":"type-post","3":"status-publish","4":"format-standard","5":"has-post-thumbnail","7":"category-libros","8":"tag-abril","9":"tag-alba","10":"tag-books","11":"tag-entertainment","12":"tag-entretenimiento","13":"tag-es","14":"tag-espana","15":"tag-libros","16":"tag-libros-y-cosas","17":"tag-munoz","18":"tag-podcast","19":"tag-spain","20":"tag-suplemento"},"share_on_mastodon":{"url":"","error":""},"_links":{"self":[{"href":"https:\/\/www.europesays.com\/es\/wp-json\/wp\/v2\/posts\/183681","targetHints":{"allow":["GET"]}}],"collection":[{"href":"https:\/\/www.europesays.com\/es\/wp-json\/wp\/v2\/posts"}],"about":[{"href":"https:\/\/www.europesays.com\/es\/wp-json\/wp\/v2\/types\/post"}],"author":[{"embeddable":true,"href":"https:\/\/www.europesays.com\/es\/wp-json\/wp\/v2\/users\/2"}],"replies":[{"embeddable":true,"href":"https:\/\/www.europesays.com\/es\/wp-json\/wp\/v2\/comments?post=183681"}],"version-history":[{"count":0,"href":"https:\/\/www.europesays.com\/es\/wp-json\/wp\/v2\/posts\/183681\/revisions"}],"wp:featuredmedia":[{"embeddable":true,"href":"https:\/\/www.europesays.com\/es\/wp-json\/wp\/v2\/media\/183682"}],"wp:attachment":[{"href":"https:\/\/www.europesays.com\/es\/wp-json\/wp\/v2\/media?parent=183681"}],"wp:term":[{"taxonomy":"category","embeddable":true,"href":"https:\/\/www.europesays.com\/es\/wp-json\/wp\/v2\/categories?post=183681"},{"taxonomy":"post_tag","embeddable":true,"href":"https:\/\/www.europesays.com\/es\/wp-json\/wp\/v2\/tags?post=183681"}],"curies":[{"name":"wp","href":"https:\/\/api.w.org\/{rel}","templated":true}]}}