{"id":183693,"date":"2025-10-17T21:19:21","date_gmt":"2025-10-17T21:19:21","guid":{"rendered":"https:\/\/www.europesays.com\/es\/183693\/"},"modified":"2025-10-17T21:19:21","modified_gmt":"2025-10-17T21:19:21","slug":"todo-preparado-para-la-boda-de-la-hija-de-banderas-y-griffith","status":"publish","type":"post","link":"https:\/\/www.europesays.com\/es\/183693\/","title":{"rendered":"Todo preparado para la boda de la hija de Banderas y Griffith"},"content":{"rendered":"<p>Valladolid (EFE).- El hotel de cinco estrellas Abad\u00eda Retuerta LeDomaine de la peque\u00f1a localidad vallisoletana de Sard\u00f3n de Duero ya tiene todo listo para acoger ma\u00f1ana la boda de la hija de Antonio Banderas y Melanie Griffith, Stella del Carmen, y su prometido, Alex Gruszynski, ambos de 28 a\u00f1os.<\/p>\n<p>Situado en pleno coraz\u00f3n de la Ribera del Duero, este <a href=\"https:\/\/efe.com\/cultura\/2025-10-08\/boda-hija-banderas-griffith-valladolid\/\" target=\"_blank\" rel=\"noreferrer noopener nofollow\">hotel de lujo cuenta con todas las facilidades<\/a> y privacidad que requiere un enlace de este tipo, entre ellas una abad\u00eda rom\u00e1nica del siglo XII donde se celebrar\u00e1 la ceremonia.<\/p>\n<p>El hotel tambi\u00e9n dispone de helipuerto, que puede servir de acceso a algunos de los cerca de 250 invitados que disfrutar\u00e1n del evento.<\/p>\n<p><img loading=\"lazy\" data-recalc-dims=\"1\" decoding=\"async\" width=\"900\" height=\"631\" src=\"https:\/\/www.europesays.com\/es\/wp-content\/uploads\/2025\/10\/boda-hija-banderas-griffith-1.webp\" alt=\"Vista de la Abad\u00eda Retuerta en Sard\u00f3n de Duero, este viernes.\" class=\"wp-image-2225507\"  \/>Vista de la Abad\u00eda Retuerta en Sard\u00f3n de Duero, este viernes. EFE\/ Paco Santamar\u00eda<\/p>\n<p>Seg\u00fan fuentes cercanas a la organizaci\u00f3n del evento, adem\u00e1s de los padres de la novia, est\u00e1 previsto que acudan a la boda la actriz Dakota Johnson (hermanastra de la novia); el padre de esta, el actor Don Johnson, y Tippi Hedren, abuela de Stella del Carmen y protagonista de \u2018Los p\u00e1jaros\u2019 y \u2018Marnie, la ladrona\u2019, musa del director Alfred Hitchcock.<\/p>\n<p>Banderas ya est\u00e1 en Valladolid<\/p>\n<p>El que ya se encuentra en Valladolid ultimando todos los detalles del enlace es Antonio Banderas, quien este mi\u00e9rcoles pasado aterriz\u00f3 en un jet privado en el aeropuerto de Villanubla.<\/p>\n<p>Seg\u00fan las fuentes consultadas por EFE, los invitados disfrutar\u00e1n esta noche de una fiesta previa a la boda en el hotel de cinco estrellas Castilla Termal ubicado en el Monasterio de Valbuena, muy cerca de Abad\u00eda Retuerta donde el s\u00e1bado ser\u00e1 el enlace.<\/p>\n<p>La boda comenzar\u00e1 a las 12:00 horas del s\u00e1bado y algunos detalles, como el men\u00fa que disfrutar\u00e1n los comensales, se mantienen por el momento en secreto.<\/p>\n<p>De hecho, los hoteles tanto del enlace como de la preboda han tenido que suscribir un acuerdo de confidencialidad y los trabajadores, m\u00e1s de 150 solo para la boda, tendr\u00e1n restringido el uso del tel\u00e9fono m\u00f3vil.<\/p>\n<p>El alcalde de Sard\u00f3n de Duero -que apenas tiene 600 habitantes-, Jos\u00e9 Antonio Matesanz, declar\u00f3 hace unos d\u00edas a EFE la alegr\u00eda que le produc\u00eda la promoci\u00f3n que supon\u00eda para la localidad un evento de estas caracter\u00edsticas.<\/p>\n<p>La \u00fanica petici\u00f3n que Abad\u00eda Retuerta ha hecho al Ayuntamiento de Sard\u00f3n -que est\u00e1 a 30 kil\u00f3metros de la capital vallisoletana- son m\u00e1s contenedores de reciclaje para la gesti\u00f3n de residuos, lo que supondr\u00e1 ampliar el servicio de recogida y de limpieza.<\/p>\n<p><img data-recalc-dims=\"1\" loading=\"lazy\" decoding=\"async\" width=\"900\" height=\"600\" src=\"https:\/\/www.europesays.com\/es\/wp-content\/uploads\/2025\/10\/boda-hija-banderas-griffith-2.webp\" alt=\"El hotel de cinco estrellas Abad\u00eda Retuerta LeDomaine de la peque\u00f1a localidad espa\u00f1ola de Sard\u00f3n de Duero (centro) ya tiene todo listo para acoger ma\u00f1ana la boda de la hija de Antonio Banderas y Melanie Griffith, Stella del Carmen\" class=\"wp-image-2225510\"  \/>El hotel de cinco estrellas Abad\u00eda Retuerta LeDomaine de la peque\u00f1a localidad espa\u00f1ola de Sard\u00f3n de Duero (centro) ya tiene todo listo para acoger ma\u00f1ana la boda de la hija de Antonio Banderas y Melanie Griffith, Stella del Carmen. EFE\/ Paco Santamar\u00eda<\/p>\n<p>\u00abEs un lugar bonito para poder hacer lo que quieran: la finca es una maravilla, tiene bastantes hect\u00e1reas y es muy bonita, con el convento y la bodega, e imagino que a los invitados que se lo pasar\u00e1n bien\u201d, ha dicho.<\/p>\n<p>Por otra parte, la Guardia Civil ha recomendado a los organizadores reforzar la seguridad privada del evento ya que lo que ocurra de puertas adentro es responsabilidad de la propiedad.<\/p>\n<p><img data-recalc-dims=\"1\" loading=\"lazy\" decoding=\"async\" width=\"900\" height=\"600\" src=\"https:\/\/www.europesays.com\/es\/wp-content\/uploads\/2025\/10\/boda-hija-banderas-griffith-3.webp\" alt=\"Vista de la entrada al hotel ubicado en el Monasterio de Valbuena, donde esta noche tendr\u00e1 lugar una fiesta previa a la boda de la hija de Antonio Banderas y Melanie Griffith, Stella del Carmen. \" class=\"wp-image-2225771\"  \/>Vista de la entrada al hotel ubicado en el Monasterio de Valbuena, donde esta noche tendr\u00e1 lugar una fiesta previa a la boda de la hija de Antonio Banderas y Melanie Griffith, Stella del Carmen. EFE\/Paco Santamaria<\/p>\n<p>La seguridad p\u00fablica de este evento se atender\u00e1 como cualquier otro evento m\u00e1s numeroso de lo habitual en un municipio como Sard\u00f3n de Duero, por lo que se dispondr\u00e1 de un apoyo adicional como una patrulla de tr\u00e1fico que evite problemas en el acceso y de una fuerza de reserva, que actuar\u00e1 de inmediato si hubiera cualquier incidencia. <br \/>(foto) (v\u00eddeo)<\/p>\n","protected":false},"excerpt":{"rendered":"Valladolid (EFE).- El hotel de cinco estrellas Abad\u00eda Retuerta LeDomaine de la peque\u00f1a localidad vallisoletana de Sard\u00f3n de&hellip;\n","protected":false},"author":2,"featured_media":183694,"comment_status":"","ping_status":"","sticky":false,"template":"","format":"standard","meta":{"footnotes":""},"categories":[91],"tags":[177,3045,146,147,25,24,260,23],"class_list":{"0":"post-183693","1":"post","2":"type-post","3":"status-publish","4":"format-standard","5":"has-post-thumbnail","7":"category-entretenimiento","8":"tag-cine","9":"tag-curiosidades","10":"tag-entertainment","11":"tag-entretenimiento","12":"tag-es","13":"tag-espana","14":"tag-gente","15":"tag-spain"},"share_on_mastodon":{"url":"","error":""},"_links":{"self":[{"href":"https:\/\/www.europesays.com\/es\/wp-json\/wp\/v2\/posts\/183693","targetHints":{"allow":["GET"]}}],"collection":[{"href":"https:\/\/www.europesays.com\/es\/wp-json\/wp\/v2\/posts"}],"about":[{"href":"https:\/\/www.europesays.com\/es\/wp-json\/wp\/v2\/types\/post"}],"author":[{"embeddable":true,"href":"https:\/\/www.europesays.com\/es\/wp-json\/wp\/v2\/users\/2"}],"replies":[{"embeddable":true,"href":"https:\/\/www.europesays.com\/es\/wp-json\/wp\/v2\/comments?post=183693"}],"version-history":[{"count":0,"href":"https:\/\/www.europesays.com\/es\/wp-json\/wp\/v2\/posts\/183693\/revisions"}],"wp:featuredmedia":[{"embeddable":true,"href":"https:\/\/www.europesays.com\/es\/wp-json\/wp\/v2\/media\/183694"}],"wp:attachment":[{"href":"https:\/\/www.europesays.com\/es\/wp-json\/wp\/v2\/media?parent=183693"}],"wp:term":[{"taxonomy":"category","embeddable":true,"href":"https:\/\/www.europesays.com\/es\/wp-json\/wp\/v2\/categories?post=183693"},{"taxonomy":"post_tag","embeddable":true,"href":"https:\/\/www.europesays.com\/es\/wp-json\/wp\/v2\/tags?post=183693"}],"curies":[{"name":"wp","href":"https:\/\/api.w.org\/{rel}","templated":true}]}}