{"id":183697,"date":"2025-10-17T21:22:08","date_gmt":"2025-10-17T21:22:08","guid":{"rendered":"https:\/\/www.europesays.com\/es\/183697\/"},"modified":"2025-10-17T21:22:08","modified_gmt":"2025-10-17T21:22:08","slug":"carlos-iii-de-inglaterra-fuerza-al-principe-andres-a-renunciar-a-sus-titulos-para-frenar-el-deterioro-de-la-corona-internacional","status":"publish","type":"post","link":"https:\/\/www.europesays.com\/es\/183697\/","title":{"rendered":"Carlos III de Inglaterra fuerza al pr\u00edncipe Andr\u00e9s a renunciar a sus t\u00edtulos para frenar el deterioro de la Corona | Internacional"},"content":{"rendered":"<p class=\"\">El pr\u00edncipe Andr\u00e9s deja de ser duque de York. As\u00ed lo ha confirmado el palacio de Buckingham en un comunicado emitido durante la tarde de este viernes. El rey Carlos de Inglaterra ha forzado a su hermano a renunciar a todos sus t\u00edtulos, para intentar que los continuos esc\u00e1ndalos que ha protagonizado no deterioren a\u00fan m\u00e1s la imagen de la Corona. El segundo hijo de Isabel II seguir\u00e1 siendo pr\u00edncipe, porque ese es un t\u00edtulo de nacimiento, pero ya no realizar\u00e1 actividad p\u00fablica alguna en nombre de los Windsor, dejar\u00e1 de ser llamado Su Alteza Real y no participar\u00e1 en ninguna de las celebraciones oficiales de la familia, comenzando por la tradicional reuni\u00f3n de Navidad en la residencia de Sandringham.<\/p>\n<p class=\"\">\u201cTras discutirlo con el Rey, y con mi familia inmediata y m\u00e1s cercana, hemos llegado a la conclusi\u00f3n de que las acusaciones continuas contra mi persona suponen una distracci\u00f3n para Su Majestad y la Familia Real durante sus tareas. He decidido, como siempre he hecho, anteponer mi deber con mi familia y con mi pa\u00eds. Me reafirmo en la decisi\u00f3n que tom\u00e9 hace cinco a\u00f1os de alejarme de mis tareas p\u00fablicas\u201d, afirma Andr\u00e9s de Inglaterra en el comunicado.<\/p>\n<p class=\"\">\u201cDe acuerdo con Su Majestad, ambos hemos cre\u00eddo que debo ir un paso m\u00e1s all\u00e1. Por ello, ya no usar\u00e9 mi t\u00edtulo ni los honores que se me han concedido. Como ya he dicho anteriormente, niego todas las acusaciones vertidas en mi contra\u201d, concluye.<\/p>\n<p class=\"\">La gota que ha colmado el vaso ha sido<a href=\"https:\/\/elpais.com\/sociedad\/2025-10-16\/virginia-giuffre-victima-de-epstein-el-principe-andres-creia-que-tener-sexo-conmigo-era-su-derecho-de-nacimiento.html\" target=\"_self\" rel=\"nofollow noopener\" title=\"https:\/\/elpais.com\/sociedad\/2025-10-16\/virginia-giuffre-victima-de-epstein-el-principe-andres-creia-que-tener-sexo-conmigo-era-su-derecho-de-nacimiento.html\"> la publicaci\u00f3n de las memorias p\u00f3stumas de Virginia Giuffre<\/a>, la mujer que sufri\u00f3 los abusos del millonario ped\u00f3filo, Jeffrey Epstein, y que fue forzada a tener sexo con el pr\u00edncipe Andr\u00e9s cuando ten\u00eda solo 17 a\u00f1os. Giuffre, que se suicid\u00f3 el 25 de abril de 2025, describi\u00f3 en el libro al entonces duque de York como alguien \u201cconsciente de sus privilegios\u201d y que cre\u00eda que \u201ctener sexo con ella era su derecho de nacimiento\u201d.<\/p>\n<p class=\"\">Giuffe cerr\u00f3 un acuerdo multimillonario extrajudicial con el pr\u00edncipe Andr\u00e9s en febrero de 2022, para zanjar la demanda que hab\u00eda interpuesto por abuso sexual contra el hijo de Isabel II. Nunca se hizo p\u00fablica la cifra entregada por el pr\u00edncipe, que jam\u00e1s admiti\u00f3 oficialmente su culpabilidad. La prensa brit\u00e1nica habl\u00f3 de unos 14 millones de euros. Gran parte de ellos salieron del patrimonio personal de la entonces reina de Inglaterra.<\/p>\n<p class=\"\"><a href=\"https:\/\/elpais.com\/elpais\/2019\/11\/15\/gente\/1573817085_116338.html\" rel=\"nofollow noopener\" target=\"_blank\">La desastrosa y arrogante entrevista con la BBC, de 2019,<\/a> en la que Andr\u00e9s de Inglaterra intent\u00f3 sin \u00e9xito explicar su relaci\u00f3n con el millonario estadounidense ped\u00f3filo y su supuesto abuso sexual de Virgina Giuffre cuando era una menor, ya llev\u00f3 al palacio de Buckingham a apartar al duque de York de todas las actividades oficiales de la casa real brit\u00e1nica.<\/p>\n<p class=\"\">Aunque afirm\u00f3 entonces que hab\u00eda cortado todo v\u00ednculo con Epstein despu\u00e9s de la publicaci\u00f3n de la foto de ambos en Central Park, en Nueva York, en diciembre de 2020, meses despu\u00e9s surgieron correos electr\u00f3nicos entre ambos en los que el duque aseguraba: \u201cManteng\u00e1monos en contacto. Pronto volveremos a jugar\u201d.<\/p>\n<p class=\"\">En medio del debate pol\u00edtico m\u00e1s intenso de los \u00faltimos meses en el Reino Unido, con el caso de los esp\u00edas de China que la fiscal\u00eda ha dejado escapar, a nadie se le pasa por alto que Andr\u00e9s tambi\u00e9n tuvo relaciones turbias con un supuesto agente a las \u00f3rdenes de Pek\u00edn.<\/p>\n<p class=\"\">Yang Tengbo, conocido tambi\u00e9n como Chris Yang y presidente durante a\u00f1os de la empresa minera Hampton Court, llevaba viviendo dos d\u00e9cadas a caballo entre Londres y Pek\u00edn. Fue acusado por un tribunal brit\u00e1nico de actuar como esp\u00eda y de utilizar al duque de York para acceder a altas esferas de poder.<\/p>\n<p class=\"\">Detenido en un aeropuerto en 2021 cuando intentaba volver a entrar en el Reino Unido, en su tel\u00e9fono m\u00f3vil encontraron sustanciosa informaci\u00f3n \u2015textos y fotograf\u00edas\u2015 que detallaba su especial relaci\u00f3n con el pr\u00edncipe Andr\u00e9s. Gracias a ese contacto hab\u00eda sido capaz de acceder a eventos en el palacio de Buckingham, en el castillo de Windsor y el palacio de Saint James, as\u00ed como a la celebraci\u00f3n del 60\u00ba cumplea\u00f1os del duque de York.<\/p>\n<p class=\"\">Tanto el pr\u00edncipe Andr\u00e9s como su esposa llevan a\u00f1os intentando hacerse perdonar sus esc\u00e1ndalos para poder regresar a la esfera p\u00fablica, pero sobre todo para poder preservar los derechos, t\u00edtulos y privilegios de sus dos hijas. Ferguson hab\u00eda recuperado incluso la bendici\u00f3n de la familia real, que la volvi\u00f3 a invitar a <a href=\"https:\/\/elpais.com\/gente\/2023-12-26\/sarah-ferguson-se-une-a-la-navidad-de-los-windsor-en-sandringham-por-primera-vez-en-30-anos.html\" rel=\"nofollow noopener\" title=\"https:\/\/elpais.com\/gente\/2023-12-26\/sarah-ferguson-se-une-a-la-navidad-de-los-windsor-en-sandringham-por-primera-vez-en-30-anos.html\" target=\"_blank\">la celebraci\u00f3n navide\u00f1a de todos los a\u00f1os en la residencia de Sandringham<\/a>. Cuentan las cr\u00f3nicas de la realeza brit\u00e1nica que el rey Carlos III estaba muy agradecido a su excu\u00f1ada por las labores de disuasi\u00f3n que hab\u00eda empleado en convencer a Andr\u00e9s de Inglaterra para que se mantuviera en un plano discreto. Sin embargo, la reciente revelaci\u00f3n del<a href=\"https:\/\/elpais.com\/gente\/2025-09-22\/sarah-ferguson-aclamo-a-jeffrey-epstein-como-amigo-fiel-en-un-correo-electronico-tras-ser-condenado.html\" rel=\"nofollow noopener\" title=\"https:\/\/elpais.com\/gente\/2025-09-22\/sarah-ferguson-aclamo-a-jeffrey-epstein-como-amigo-fiel-en-un-correo-electronico-tras-ser-condenado.html\" target=\"_blank\"> humillante email de la duquesa de York a Epstein<\/a>, enviado en 2011, a pesar de que entonces ya estaba condenado por delitos sexuales, volvi\u00f3 a enviarla al ostracismo social.<\/p>\n<p class=\"\">Carlos III permite a sus sobrinas Beatrice y Eugenia, las hijas del pr\u00edncipe Andr\u00e9s y de Sarah Ferguson, mantener sus t\u00edtulos de princesas. Y la familia podr\u00e1 seguir viviendo en la residencia que desde hace a\u00f1os ocupa en el complejo que rodea al castillo de Windsor.<\/p>\n","protected":false},"excerpt":{"rendered":"El pr\u00edncipe Andr\u00e9s deja de ser duque de York. As\u00ed lo ha confirmado el palacio de Buckingham en&hellip;\n","protected":false},"author":2,"featured_media":183698,"comment_status":"","ping_status":"","sticky":false,"template":"","format":"standard","meta":{"footnotes":""},"categories":[42],"tags":[51936,17,18,21944,13,14,260,11,61,62,63,64,19,20,6041,9,10,15,16,1027,2444,12767,12,21,22,65,66,67],"class_list":{"0":"post-183697","1":"post","2":"type-post","3":"status-publish","4":"format-standard","5":"has-post-thumbnail","7":"category-internacional","8":"tag-andres-de-inglaterra","9":"tag-breaking-news","10":"tag-breakingnews","11":"tag-carlos-iii-de-inglaterra","12":"tag-featured-news","13":"tag-featurednews","14":"tag-gente","15":"tag-headlines","16":"tag-internacional","17":"tag-international","18":"tag-international-news","19":"tag-internationalnews","20":"tag-latest-news","21":"tag-latestnews","22":"tag-monarquia","23":"tag-news","24":"tag-noticias","25":"tag-noticias-destacadas","26":"tag-noticiasdestacadas","27":"tag-realeza","28":"tag-reino-unido","29":"tag-sarah-ferguson","30":"tag-titulares","31":"tag-ultimas-noticias","32":"tag-ultimasnoticias","33":"tag-world","34":"tag-world-news","35":"tag-worldnews"},"share_on_mastodon":{"url":"","error":""},"_links":{"self":[{"href":"https:\/\/www.europesays.com\/es\/wp-json\/wp\/v2\/posts\/183697","targetHints":{"allow":["GET"]}}],"collection":[{"href":"https:\/\/www.europesays.com\/es\/wp-json\/wp\/v2\/posts"}],"about":[{"href":"https:\/\/www.europesays.com\/es\/wp-json\/wp\/v2\/types\/post"}],"author":[{"embeddable":true,"href":"https:\/\/www.europesays.com\/es\/wp-json\/wp\/v2\/users\/2"}],"replies":[{"embeddable":true,"href":"https:\/\/www.europesays.com\/es\/wp-json\/wp\/v2\/comments?post=183697"}],"version-history":[{"count":0,"href":"https:\/\/www.europesays.com\/es\/wp-json\/wp\/v2\/posts\/183697\/revisions"}],"wp:featuredmedia":[{"embeddable":true,"href":"https:\/\/www.europesays.com\/es\/wp-json\/wp\/v2\/media\/183698"}],"wp:attachment":[{"href":"https:\/\/www.europesays.com\/es\/wp-json\/wp\/v2\/media?parent=183697"}],"wp:term":[{"taxonomy":"category","embeddable":true,"href":"https:\/\/www.europesays.com\/es\/wp-json\/wp\/v2\/categories?post=183697"},{"taxonomy":"post_tag","embeddable":true,"href":"https:\/\/www.europesays.com\/es\/wp-json\/wp\/v2\/tags?post=183697"}],"curies":[{"name":"wp","href":"https:\/\/api.w.org\/{rel}","templated":true}]}}