{"id":183705,"date":"2025-10-17T21:26:14","date_gmt":"2025-10-17T21:26:14","guid":{"rendered":"https:\/\/www.europesays.com\/es\/183705\/"},"modified":"2025-10-17T21:26:14","modified_gmt":"2025-10-17T21:26:14","slug":"tomas-bastos-el-maestro-diego-urdiales-es-sin-duda-con-el-que-mas-he-aprendido-una-gran-parte-de-mi-evolucion-como-torero-es-gracias-a-el","status":"publish","type":"post","link":"https:\/\/www.europesays.com\/es\/183705\/","title":{"rendered":"Tom\u00e1s Bastos: \u00abEl maestro Diego Urdiales es\u00a0sin duda con el que m\u00e1s he aprendido.\u00a0Una gran parte de mi evoluci\u00f3n como torero es gracias a \u00e9l\u00bb"},"content":{"rendered":"<p>            <a href=\"https:\/\/www.lascosasdeltoro.com\/wp-content\/uploads\/2025\/10\/Tomas-Bastos-scaled.jpg\" data-caption=\"\" rel=\"nofollow noopener\" target=\"_blank\"><img loading=\"lazy\" decoding=\"async\" width=\"696\" height=\"696\" class=\"entry-thumb td-modal-image\" src=\"https:\/\/www.europesays.com\/es\/wp-content\/uploads\/2025\/10\/Tomas-Bastos-696x696.jpg\"   alt=\"\" title=\"Tom\u00e1s Bastos\"\/><\/a><\/p>\n<p><strong>Finalista de la Liga Nacional de Novilladas, el novillero portugu\u00e9s repasa su temporada m\u00e1s importante y explica c\u00f3mo llega a la cita del 19 de octubre en Sanl\u00facar de Barrameda<\/strong><\/p>\n<p>El triunfo en el\u00a0<strong>Circuito de Extremadura<\/strong>\u00a0marc\u00f3 un antes y un despu\u00e9s en su carrera.\u00a0\u201cHa sido muy importante para m\u00ed, estuve un a\u00f1o en la Escuela Taurina de Badajoz y siempre he tenido mucho cari\u00f1o a Extremadura. Ganarlo fue cumplir un sue\u00f1o que llevaba tiempo buscando\u201d, reconoce con emoci\u00f3n.<\/p>\n<p>Desde entonces, su proyecci\u00f3n no ha dejado de crecer. La temporada que ahora encara su recta final ha sido clave para su consolidaci\u00f3n:\u00a0\u201cHa sido la campa\u00f1a m\u00e1s importante de mi vida. He pisado plazas de gran relevancia, he podido triunfar y sentir el respaldo de la afici\u00f3n. El balance no puede ser otro que muy positivo\u201d.<\/p>\n<p>Ese esfuerzo constante le ha valido un puesto en la\u00a0<strong>gran Final de la Liga Nacional de Novilladas<\/strong>, una cita cargada de responsabilidad y repercusi\u00f3n medi\u00e1tica:\u00a0\u201cEs una final muy importante, se va a retransmitir por varios canales de televisi\u00f3n y lo van a ver muchos aficionados y profesionales. Eso me responsabiliza a\u00fan m\u00e1s, porque quiero seguir demostrando el torero que puedo llegar a ser\u201d, confiesa.<\/p>\n<p>La cita ser\u00e1 el\u00a0<strong>19 de octubre en la plaza de toros de Sanl\u00facar de Barrameda<\/strong>, un escenario emblem\u00e1tico que despierta su ambici\u00f3n:\u00a0\u201cEspero que sea un d\u00eda redondo, que salga un novillo de Fuente Ymbro que me permita expresarme y mostrar mi evoluci\u00f3n. Voy con hambre de triunfo y con la ilusi\u00f3n intacta\u201d.<\/p>\n<p>Sobre el\u00a0<strong>cartel\u00a0<\/strong>que compartir\u00e1 con otros finalistas, no esconde su respeto por la competencia:\u00a0\u201cEs un cartel bonito. Todos los novilleros que estamos ah\u00ed nos lo hemos ganado en la plaza. Ser\u00e1 una tarde de mucha rivalidad y entrega. Adem\u00e1s, debutar en Sanl\u00facar me hace especial ilusi\u00f3n, es una plaza con encanto y mucha historia\u201d.<\/p>\n<p>Su preparaci\u00f3n para esta cita ha sido intensa y meticulosa, aunque confiesa que a estas alturas de temporada la clave es otra:\u00a0\u201cCuando no estoy toreando o viajando, entreno. Siempre. Pero ahora mismo la preparaci\u00f3n mental es lo m\u00e1s importante: llegar concentrado, con claridad y convicci\u00f3n\u201d.<\/p>\n<p>Tiene claro tambi\u00e9n el papel de\u00a0<strong>estos\u00a0cert\u00e1menes<\/strong>\u00a0est\u00e1n desempe\u00f1ando de cara al futuro:\u00a0\u201cSon fundamentales. Te dan a conocer ante el gran p\u00fablico y te ponen en escaparate. Ganar esta final significar\u00eda mucho para m\u00ed; ser\u00eda coronar una temporada que ya es muy bonita\u201d.<\/p>\n<p>Como todo torero con inquietud art\u00edstica, encuentra\u00a0<strong>inspiraci\u00f3n<\/strong>\u00a0en las grandes figuras.\u00a0\u201cAdmiro mucho a Diego Urdiales, Morante de la Puebla y Daniel Luque. He aprendido muchos matices de sus tauromaquias. Pero con Urdiales ha sido diferente: he tenido la suerte de entrenar con \u00e9l y acompa\u00f1arlo al campo en varias ocasiones. Gran parte de mi evoluci\u00f3n como torero se la debo\u201d, confiesa agradecido.<\/p>\n<p><a href=\"#\"><img decoding=\"async\" src=\"https:\/\/www.lascosasdeltoro.com\/wp-content\/uploads\/2016\/10\/rec728.jpg\"\/><\/a>        <\/p>\n","protected":false},"excerpt":{"rendered":"Finalista de la Liga Nacional de Novilladas, el novillero portugu\u00e9s repasa su temporada m\u00e1s importante y explica c\u00f3mo&hellip;\n","protected":false},"author":2,"featured_media":183706,"comment_status":"","ping_status":"","sticky":false,"template":"","format":"standard","meta":{"footnotes":""},"categories":[277],"tags":[373,168,25,24,23,167,374],"class_list":{"0":"post-183705","1":"post","2":"type-post","3":"status-publish","4":"format-standard","5":"has-post-thumbnail","7":"category-toreo","8":"tag-bullfighting","9":"tag-deportes","10":"tag-es","11":"tag-espana","12":"tag-spain","13":"tag-sports","14":"tag-toreo"},"share_on_mastodon":{"url":"","error":""},"_links":{"self":[{"href":"https:\/\/www.europesays.com\/es\/wp-json\/wp\/v2\/posts\/183705","targetHints":{"allow":["GET"]}}],"collection":[{"href":"https:\/\/www.europesays.com\/es\/wp-json\/wp\/v2\/posts"}],"about":[{"href":"https:\/\/www.europesays.com\/es\/wp-json\/wp\/v2\/types\/post"}],"author":[{"embeddable":true,"href":"https:\/\/www.europesays.com\/es\/wp-json\/wp\/v2\/users\/2"}],"replies":[{"embeddable":true,"href":"https:\/\/www.europesays.com\/es\/wp-json\/wp\/v2\/comments?post=183705"}],"version-history":[{"count":0,"href":"https:\/\/www.europesays.com\/es\/wp-json\/wp\/v2\/posts\/183705\/revisions"}],"wp:featuredmedia":[{"embeddable":true,"href":"https:\/\/www.europesays.com\/es\/wp-json\/wp\/v2\/media\/183706"}],"wp:attachment":[{"href":"https:\/\/www.europesays.com\/es\/wp-json\/wp\/v2\/media?parent=183705"}],"wp:term":[{"taxonomy":"category","embeddable":true,"href":"https:\/\/www.europesays.com\/es\/wp-json\/wp\/v2\/categories?post=183705"},{"taxonomy":"post_tag","embeddable":true,"href":"https:\/\/www.europesays.com\/es\/wp-json\/wp\/v2\/tags?post=183705"}],"curies":[{"name":"wp","href":"https:\/\/api.w.org\/{rel}","templated":true}]}}