{"id":183717,"date":"2025-10-17T21:35:13","date_gmt":"2025-10-17T21:35:13","guid":{"rendered":"https:\/\/www.europesays.com\/es\/183717\/"},"modified":"2025-10-17T21:35:13","modified_gmt":"2025-10-17T21:35:13","slug":"la-investigacion-apunta-a-que-el-cuadro-de-picasso-desaparecido-nunca-llego-a-granada","status":"publish","type":"post","link":"https:\/\/www.europesays.com\/es\/183717\/","title":{"rendered":"La investigaci\u00f3n apunta a que el cuadro de Picasso desaparecido nunca lleg\u00f3 a Granada"},"content":{"rendered":"<p>El caso del <a href=\"https:\/\/www.elcorreo.com\/culturas\/arte\/denuncian-desaparicion-picasso-debia-expuesto-granada-20251015010020-ntrc.html\" target=\"_blank\" data-voc-vtm-id=\"in-text-traffic\" title=\"&#039;Picasso perdido&#039;\" rel=\"nofollow noopener\">&#8216;Picasso perdido&#8217;<\/a> suma un nuevo cap\u00edtulo, con el objetivo claro de averiguar qu\u00e9 ha pasado con el cuadro del pintor malague\u00f1o, &#8216; &#8230; Naturaleza muerta con guitarra&#8217;, tasado en 600.000 euros. La investigaci\u00f3n apunta a que nunca lleg\u00f3 a la exposici\u00f3n &#8216;Bodeg\u00f3n | La eternidad de lo inerte&#8217; del Centro Cultural CajaGranada, como estaba previsto, tal y como informan fuentes cercanas a la investigaci\u00f3n.<\/p>\n<p class=\"v-p\">Ahora, las pesquisas dirigidas por el Grupo de Robos de la Polic\u00eda Nacional de Granada en coordinaci\u00f3n con la Brigada de Patrimonio Hist\u00f3rico, se centran en la parada en Deifontes y en el periodo que va del 25 de septiembre, cuando se encontraba en una colecci\u00f3n particular y se almacena por parte de la empresa, hasta el 2 de octubre, cuando sale de Madrid.<\/p>\n<p class=\"v-p\">Por otra parte, la Polic\u00eda Nacional ha introducido en la base de datos internacional de obras de arte sustra\u00eddas la informaci\u00f3n sobre el cuadro , que se busca tras la denuncia por su desaparici\u00f3n cuando ten\u00eda que ser trasladado a principios de octubre junto con otras 56 obras desde Madrid a Granada para la muestra.<\/p>\n<p class=\"v-p\">Fuentes policiales han indicado que la investigaci\u00f3n, en la que no hay detenidos ni identificados hasta el momento, sigue abierta.<\/p>\n<p>C\u00e1maras<\/p>\n<p class=\"v-p\">Entre las pesquisas que se desarrollan incluyen las relacionadas con el an\u00e1lisis de las im\u00e1genes de las c\u00e1maras de videovigilancia puestas a disposici\u00f3n de los investigadores por CajaGranada Fundaci\u00f3n, que denunciaba los hechos, y las disponibles en el entorno del hostal en el que hicieron noche los responsables del traslado en el municipio de Deifontes, en la comarca de los Montes de la provincia granadina.<\/p>\n<p class=\"v-p\">El 25 de septiembre este Picasso estaba almacenado en unas dependencias de Madrid con el resto de las que hab\u00edan de ser trasladadas a la ciudad de la Alhambra para la exposici\u00f3n. El traslado lo efectuaba una empresa de transporte ya a principios de octubre, haciendo noche en Deifontes.<\/p>\n<p class=\"v-p\">CajaGranada Fundaci\u00f3n comprobaba el pasado 6 de octubre, tras la llegada a la capital granadina de la mercanc\u00eda, que no estaba &#8216;Naturaleza muerta con guitarra&#8217;, cuadro de unas dimensiones de 12,7 x 9,8 cent\u00edmetros y procedente de una colecci\u00f3n particular, una obra asegurada en unos 600.000 euros.<\/p>\n<p>Sin incidencias al desembalar<\/p>\n<p class=\"v-p\">En concreto, el lunes 6 de octubre, seg\u00fan detall\u00f3 este pasado jueves CajaGranada Fundaci\u00f3n en un comunicado, a partir de las 8,30 horas, se inici\u00f3 el desembalaje de todas las piezas, que permanecieron desde el viernes 3 videovigiladas en todo momento en las dependencias del centro cultural, y habi\u00e9ndose comprobado en las grabaciones que no existi\u00f3 ninguna incidencia durante el fin de semana, en el mismo espacio.<\/p>\n<p class=\"v-p\">Una vez finalizada esta labor, realizada por personal propio de CajaGranada Fundaci\u00f3n, se fueron distribuyendo por los distintos \u00e1mbitos de la sala y, a media ma\u00f1ana, con todo ya desembalado, la comisaria de la exposici\u00f3n y el responsable de exposiciones de la entidad detectaron la falta de una obra. La pieza era este peque\u00f1o gouache enmarcado de Pablo Picasso.<\/p>\n","protected":false},"excerpt":{"rendered":"El caso del &#8216;Picasso perdido&#8217; suma un nuevo cap\u00edtulo, con el objetivo claro de averiguar qu\u00e9 ha pasado&hellip;\n","protected":false},"author":2,"featured_media":183718,"comment_status":"","ping_status":"","sticky":false,"template":"","format":"standard","meta":{"footnotes":""},"categories":[173],"tags":[384,229,233,231,230,5835,14089,232,234,146,147,25,24,494,1294,17359,1050,559,23],"class_list":{"0":"post-183717","1":"post","2":"type-post","3":"status-publish","4":"format-standard","5":"has-post-thumbnail","7":"category-arte-y-diseno","8":"tag-apunta","9":"tag-arte","10":"tag-arte-y-diseno","11":"tag-arts","12":"tag-arts-and-design","13":"tag-cuadro","14":"tag-desaparecido","15":"tag-design","16":"tag-diseno","17":"tag-entertainment","18":"tag-entretenimiento","19":"tag-es","20":"tag-espana","21":"tag-granada","22":"tag-investigacion","23":"tag-llego","24":"tag-nunca","25":"tag-picasso","26":"tag-spain"},"share_on_mastodon":{"url":"","error":""},"_links":{"self":[{"href":"https:\/\/www.europesays.com\/es\/wp-json\/wp\/v2\/posts\/183717","targetHints":{"allow":["GET"]}}],"collection":[{"href":"https:\/\/www.europesays.com\/es\/wp-json\/wp\/v2\/posts"}],"about":[{"href":"https:\/\/www.europesays.com\/es\/wp-json\/wp\/v2\/types\/post"}],"author":[{"embeddable":true,"href":"https:\/\/www.europesays.com\/es\/wp-json\/wp\/v2\/users\/2"}],"replies":[{"embeddable":true,"href":"https:\/\/www.europesays.com\/es\/wp-json\/wp\/v2\/comments?post=183717"}],"version-history":[{"count":0,"href":"https:\/\/www.europesays.com\/es\/wp-json\/wp\/v2\/posts\/183717\/revisions"}],"wp:featuredmedia":[{"embeddable":true,"href":"https:\/\/www.europesays.com\/es\/wp-json\/wp\/v2\/media\/183718"}],"wp:attachment":[{"href":"https:\/\/www.europesays.com\/es\/wp-json\/wp\/v2\/media?parent=183717"}],"wp:term":[{"taxonomy":"category","embeddable":true,"href":"https:\/\/www.europesays.com\/es\/wp-json\/wp\/v2\/categories?post=183717"},{"taxonomy":"post_tag","embeddable":true,"href":"https:\/\/www.europesays.com\/es\/wp-json\/wp\/v2\/tags?post=183717"}],"curies":[{"name":"wp","href":"https:\/\/api.w.org\/{rel}","templated":true}]}}