{"id":183740,"date":"2025-10-17T21:49:10","date_gmt":"2025-10-17T21:49:10","guid":{"rendered":"https:\/\/www.europesays.com\/es\/183740\/"},"modified":"2025-10-17T21:49:10","modified_gmt":"2025-10-17T21:49:10","slug":"tenemos-jugadores-que-no-miran-el-marcador-y-el-tiempo-y-hay-que-trabajarlo","status":"publish","type":"post","link":"https:\/\/www.europesays.com\/es\/183740\/","title":{"rendered":"Tenemos jugadores que no miran el marcador y el tiempo y hay que trabajarlo"},"content":{"rendered":"<p class=\"paragraph\">El t\u00e9cnico del Bada Huesca, Jos\u00e9 Nolasco, cuenta que tiene \u00abjugadores que no miran el marcador y el tiempo\u00bb y es un elemento que <b>hay que trabajar para mejorar y saber como actuar en distintas situaciones. <\/b>Recordaba que no es lo mismo ir ganando que perdiendo y que en los entrenamientos est\u00e1n tratando de entrenar esos aspectos para saber actuar en los partidos adecuadamente y medir los riesgos. Esa puede ser una de las claves en el encuentro de este domingo contra el Caser\u00edo Ciudad Real.\u00a0<\/p>\n<p class=\"paragraph\">Nolasco se\u00f1ala que <b>el equipo ha tenido \u00ablagunas\u00bb en algunos momentos.<\/b> Y pon\u00eda como ejemplo, un momento en el que pidi\u00f3 un tiempo muerto ante el Bidasoa y no consiguieron parar un parcial de\u00a0 \u00f3 5-0 sino que se alarg\u00f3 hasta un 8-1.\u00a0<\/p>\n<p class=\"paragraph\"><b>\u00abNunca hay que tener dos errores seguidos y los tenemos muchas veces\u00bb, dice sobre el desempe\u00f1o de los jugadores<\/b>. Y recalca que al menos hay que evitar repetir el mismo error, que es una de las \u00abm\u00e1ximas\u00bb del juego. En ese sentido comentaba que a veces el jugador quiere compensar el error y lo que hace es equivocarse por excederse en sus funciones. Y pide \u00abcabeza fr\u00eda\u00bb para manejar esa situaciones.<\/p>\n<p class=\"paragraph\">Este\u00a0 domingo\u00a0 quiere obtener una victoria porque siempre insiste en que <b>\u00abhay que ganar a los equipos que quieres dejar por detr\u00e1s\u00bb <\/b>y Ciudad Real puede ser un de ellos.\u00a0<\/p>\n<p class=\"paragraph\">Nolasco<b> quiere que el equipo encare cada encuentro \u00abcomo si fuera una final\u00bb,<\/b> como el \u00faltimo partido por salvarse de la campa\u00f1a pasada en Aranda. \u00abHay que ir al cien por cien\u00bb.<\/p>\n<p class=\"paragraph\">El entrenador pide \u00abefectividad\u00bb en todos los aspectos, en lanzamientos, bote, pases&#8230; \u00abque haya m\u00e1s acciones positivas y pocas negativas\u00bb. Y recuerda que est\u00e1n fallando lanzamientos que no deber\u00edan y cometiendo \u00aberrores no forzados\u00bb que obligan a \u00abtrabajar el doble en defensa y porter\u00eda\u00bb para compensarlo.\u00a0<\/p>\n<p class=\"paragraph\">Nolasco cree que <b>el partido contra Ciudad Real ser\u00e1 \u00abuna lucha de energ\u00edas\u00bb<\/b> que exige \u00abconcentraci\u00f3n, intensidad, ganas o tener menos fallos y saber responder cunado tienes uno\u00bb.<\/p>\n<p class=\"paragraph\">Nolasco recupera a \u00d3scar Garc\u00eda y se alegra de ello porque supone un arma m\u00e1s, pero aclara que entrar\u00e1 m\u00e1s en defensa que en ataque y progresivamente, aunque no descarta emplearlo en el futuro en la zona central.<\/p>\n<p class=\"paragraph\">Respecto a ese puesto, dec\u00eda que<b> Ignacio Su\u00e1rez est\u00e1 \u00abtomando el pulso de lo que es ser central\u00bb <\/b>y asumiendo un protagonismo mucho mayor porque la presencia de Miguel Malo o Dija en campa\u00f1as anteriores le quitaba presi\u00f3n. <b>Y de Tchitombi dice que tiene que adaptarse e \u00abintegrar\u00bb su manera de ver el balonmano en el equip<\/b>o para que \u00abaparezca algo positivo\u00bb.<\/p>\n<p class=\"paragraph\">Ve mejor a jugadores como Yoel Morales, pese a que ha tenido que hacer una pretemporada, o a Charly P\u00e9rez, tras m\u00e1s d\u00edas de entrenamiento, y a Ben Tekaya. Y cuenta que Rafa Paulo y Drasko Nenadic est\u00e1n mejor de golpes en las manos.<\/p>\n<p class=\"paragraph\">Del Ciudad Real destaca la direcci\u00f3n del veterano central \u00c1ngel P\u00e9rez de Inestrosa o la calidad del lateral David Fern\u00e1ndez, llegado tras un paso por el Oporto y la importancia de Omar Seriff en el pivote, la capacidad de Sergio L\u00f3pez en el extremo o el lanzamiento del prometedor Juan Gull.<\/p>\n<p>Decsi: \u00abLos porteros queremos aportar m\u00e1s\u00bb<\/p>\n<p class=\"paragraph\">Gabor Decsi, comenta que <b>en la porter\u00eda hay \u00abun buen d\u00fao. Nos exigimos mucho y no estamos contentos, queremos aportar m\u00e1s\u00bb<\/b>, dice pese a que est\u00e1n aportando paradas en cada partido.\u00a0<\/p>\n<p class=\"paragraph\">Cree que en su caso ha evolucionado desde que la pasada campa\u00f1a lleg\u00f3 \u00abalgo verde\u00bb. Y<b> ahora le toca asumir \u00abm\u00e1s responsabilidad. No me asusta el rol\u00bb.\u00a0<\/b><\/p>\n<p class=\"paragraph\">Y en los primeros partidos ha tenido \u00abm\u00e1s minutos\u00bb por la lesi\u00f3n de Ben Tekaya y cuenta que a\u00fan no est\u00e1 \u00aba nivel m\u00e1ximo\u00bb y trabaja duro para alcanzarlo. Explica que hay una parte \u00abmental\u00bb de concentraci\u00f3n y estar listo\u00bb para reaccionar.<\/p>\n<p class=\"paragraph\">Piensa que<b> el partido de este domingo es \u00abuna buen\u00edsima oportunidad para sumar\u00bb <\/b>ante \u00abun rival directo\u00bb y sumar \u00abdos puntos important\u00edsimos\u00bb.<\/p>\n","protected":false},"excerpt":{"rendered":"El t\u00e9cnico del Bada Huesca, Jos\u00e9 Nolasco, cuenta que tiene \u00abjugadores que no miran el marcador y el&hellip;\n","protected":false},"author":2,"featured_media":183741,"comment_status":"","ping_status":"","sticky":false,"template":"","format":"standard","meta":{"footnotes":""},"categories":[278],"tags":[376,168,25,24,375,2713,25760,16984,29400,23,167,51946],"class_list":{"0":"post-183740","1":"post","2":"type-post","3":"status-publish","4":"format-standard","5":"has-post-thumbnail","7":"category-balonmano","8":"tag-balonmano","9":"tag-deportes","10":"tag-es","11":"tag-espana","12":"tag-handball","13":"tag-jugadores","14":"tag-marcador","15":"tag-miran","16":"tag-nolasco","17":"tag-spain","18":"tag-sports","19":"tag-trabajarlo"},"share_on_mastodon":{"url":"","error":""},"_links":{"self":[{"href":"https:\/\/www.europesays.com\/es\/wp-json\/wp\/v2\/posts\/183740","targetHints":{"allow":["GET"]}}],"collection":[{"href":"https:\/\/www.europesays.com\/es\/wp-json\/wp\/v2\/posts"}],"about":[{"href":"https:\/\/www.europesays.com\/es\/wp-json\/wp\/v2\/types\/post"}],"author":[{"embeddable":true,"href":"https:\/\/www.europesays.com\/es\/wp-json\/wp\/v2\/users\/2"}],"replies":[{"embeddable":true,"href":"https:\/\/www.europesays.com\/es\/wp-json\/wp\/v2\/comments?post=183740"}],"version-history":[{"count":0,"href":"https:\/\/www.europesays.com\/es\/wp-json\/wp\/v2\/posts\/183740\/revisions"}],"wp:featuredmedia":[{"embeddable":true,"href":"https:\/\/www.europesays.com\/es\/wp-json\/wp\/v2\/media\/183741"}],"wp:attachment":[{"href":"https:\/\/www.europesays.com\/es\/wp-json\/wp\/v2\/media?parent=183740"}],"wp:term":[{"taxonomy":"category","embeddable":true,"href":"https:\/\/www.europesays.com\/es\/wp-json\/wp\/v2\/categories?post=183740"},{"taxonomy":"post_tag","embeddable":true,"href":"https:\/\/www.europesays.com\/es\/wp-json\/wp\/v2\/tags?post=183740"}],"curies":[{"name":"wp","href":"https:\/\/api.w.org\/{rel}","templated":true}]}}