{"id":183750,"date":"2025-10-17T21:56:16","date_gmt":"2025-10-17T21:56:16","guid":{"rendered":"https:\/\/www.europesays.com\/es\/183750\/"},"modified":"2025-10-17T21:56:16","modified_gmt":"2025-10-17T21:56:16","slug":"el-gran-canaria-a-estrenarse-en-la-acb-en-otra-plaza-maldita","status":"publish","type":"post","link":"https:\/\/www.europesays.com\/es\/183750\/","title":{"rendered":"El Gran Canaria, a estrenarse en la ACB en otra plaza maldita"},"content":{"rendered":"<p><a class=\"v-mdl-ath__fig-a\" href=\"https:\/\/www.canarias7.es\/autor\/daniel-herrera-rodriguez-6598.html\" title=\"Daniel Herrera Rodr\u00edguez\" rel=\"nofollow noopener\" target=\"_blank\"><br \/>\n<img decoding=\"async\" class=\"v-mdl-ath__img\" src=\"https:\/\/www.europesays.com\/es\/wp-content\/uploads\/2025\/08\/autor-6598-foto-1.jpeg\" alt=\"Daniel Herrera Rodr\u00edguez\"\/><br \/>\n<\/a><\/p>\n<p class=\"v-mdl-ath__p v-mdl-ath__p--6\">\nViernes, 17 de octubre 2025, 17:05<\/p>\n<p>| Actualizado 18:11h.<\/p>\n<p class=\"v-p\">Otra prueba de fuego para el <strong>Dreamlanda Gran Canaria en la ACB<\/strong>. No lo ten\u00eda f\u00e1cil en este arranque de la Liga Endesa, pero la hoja de ruta de los amarillos ha empezado m\u00e1s que torcida en la competici\u00f3n dom\u00e9stica -2 derrotas en 2 partidos-, afrontando ahora un tercer duelo ante un rival con cach\u00e9 de playoff como es el siempre inc\u00f3modo<strong> Baxi Manresa -s\u00e1bado a las 17.00 horas en el Nou Congost-<\/strong>.<\/p>\n<p class=\"v-p\">De poco b\u00e1lsamo han servido<strong> los dos triunfos y el liderato en la Basketball Champions League,<\/strong> ya que en ante el conjunto de El Bages, <strong>el equipo isle\u00f1o no gana en el recinto manresano desde 2020. <\/strong>Exactamente el 27 de diciembre de dicho a\u00f1o, donde los entonces pupilos de<strong> Porfi Fisac<\/strong> se impusieron por <strong>64-71.<\/strong><\/p>\n<p class=\"v-p\">Desde entonces,<strong> el Granca ha perdido los siguientes cuatro encuentros celebrados en territorio catal\u00e1n<\/strong>. Uno de ellos, el m\u00e1s duro de su historia <strong>(105-75 el 24 de mayo de 2023).<\/strong> Con esa coyuntura, el conjunto claretiano intentar\u00e1 endulzar su discreta clasificaci\u00f3n liguera -14\u00ba provisionalmente- en otro ecosistema hostil. El t\u00e9cnico<strong> Diego Ocampo<\/strong>, cuenta en su plantilla con <strong>Alfonso Plummer<\/strong> como referente anotador en este arranque de campa\u00f1a -15,5 puntos por encuentro- y al liderato en la direcci\u00f3n del franc\u00e9s <strong>Hugo Ben\u00edtez <\/strong>-9 puntos, 8 asistencias y 12,5 de valoraci\u00f3n-, junto con el soporte exterior del belga<strong> Retin Obasohan <\/strong>-8,5 puntos por choque-, sin obviar la capacidad sobre la pintura de <strong>Grant Golden <\/strong>-15 puntos, 5,5 rebotes y 16,5 de valoraci\u00f3n-. Para morbo extra, el ala-p\u00edvot let\u00f3n <strong>Marcis Steinbergs <\/strong>se medir\u00e1 a su equipo en el que se form\u00f3 baloncest\u00edsticamente.<\/p>\n<p><img decoding=\"async\" loading=\"lazy\" src=\"https:\/\/www.europesays.com\/es\/wp-content\/uploads\/2025\/10\/baximanresa1-kM3F--748x524@Canarias7.jpg\" class=\"v-a-img\" width=\"748\" height=\"524\" alt=\"El examarillo Steinbergs, defendido por Samar y Pelos, en el duelo de la pasada campa\u00f1a en Manresa.\" data-voc-vtm-id=\"in-text-traffic\"\/><\/p>\n<p>El examarillo Steinbergs, defendido por Samar y Pelos, en el duelo de la pasada campa\u00f1a en Manresa.<\/p>\n<p>ACB<\/p>\n<p><img loading=\"lazy\" decoding=\"async\" src=\"https:\/\/www.europesays.com\/es\/wp-content\/uploads\/2025\/10\/baximanresa1-kM3F--748x524@Canarias7.jpg\" class=\"v-mdl__img-z\" width=\"748\" height=\"524\" alt=\"\"\/><\/p>\n<p class=\"v-p\">Por su parte, el t\u00e9cnico amarillo, <strong>Jaka Lakovic<\/strong>, cuenta con todos sus efectivos, si bien la preocupaci\u00f3n principal del estratega esloveno se canaliza en el acoplamiento de los jugadores &#8216;nuevos&#8217; a su ecuaci\u00f3n t\u00e1ctica a la mayor brevedad posible.<\/p>\n<p class=\"v-p\">En ese tercio, el norteamericano<strong> Isaiah Wong <\/strong>sigue al alza en el cap\u00edtulo anotador (18 puntos firm\u00f3 el pasado mi\u00e9rcoles en la BCL frente al Le Mans), si bien el franc\u00e9s <strong>Louis Labeyrie <\/strong>es el que mejor n\u00fameros ha plasmado en ACB gracias a sus porcentajes en el per\u00edmetro -14,5 puntos y 15,5 de valoraci\u00f3n-. <strong>Braian Angola <\/strong>sigue asumiendo cada vez m\u00e1s galones desde la segunda unidad, a la espera de exprimir algo m\u00e1s el potencial de<strong> Kur Kuath y Eric Vila <\/strong>-que va a tener m\u00e1s protagonismo en Europa que en la Liga Endesa-. Con esta panor\u00e1mica, el duelo estar\u00e1 dirigido a nivel arbitral por los colegiados <strong>Carlos Peruga, Joaqu\u00edn Garc\u00eda Gonz\u00e1lez e Igor Esteve<\/strong>.<\/p>\n<p><a href=\"http:\/\/www.canarias7.es\/deportes\/cb-gran-canaria\/lakovic-debemos-imponer-ritmo-ante-manresa-20251017103849-nt.html#vtm_modulosEngag=mod-rel:deportes:noticia:1:cmp:2-not\" class=\"v-a-link\" title=\"Lakovic: \u00abDebemos imponer nuestro ritmo ante el Manresa\u00bb\" rel=\"nofollow noopener\" target=\"_blank\"><br \/>\n<img decoding=\"async\" loading=\"lazy\" class=\"v-a-img\" src=\"https:\/\/www.europesays.com\/es\/wp-content\/uploads\/2025\/10\/lako-U2201639343142do--366x256@Canarias7.jpg\" alt=\"Lakovic: \u00abDebemos imponer nuestro ritmo ante el Manresa\u00bb\"\/><br \/>\n<\/a><\/p>\n<p><a href=\"http:\/\/www.canarias7.es\/deportes\/cb-gran-canaria\/gran-canaria-olvida-penas-europa-agonico-triunfo-20251015224655-nt.html#vtm_modulosEngag=mod-rel:deportes:noticia:2:cmp:2-not\" class=\"v-a-link\" title=\"El Gran Canaria olvida las penas en Europa, aunque con un ag\u00f3nico triunfo ante el Le Mans (73-68)\" rel=\"nofollow noopener\" target=\"_blank\"><br \/>\n<img decoding=\"async\" loading=\"lazy\" class=\"v-a-img\" src=\"https:\/\/www.europesays.com\/es\/wp-content\/uploads\/2025\/10\/Wong1-kCVF--366x256@Canarias7.jpg\" alt=\"El Gran Canaria olvida las penas en Europa, aunque con un ag\u00f3nico triunfo ante el Le Mans (73-68)\"\/><br \/>\n<\/a><\/p>\n<p>Reporta un error<\/p>\n","protected":false},"excerpt":{"rendered":"Viernes, 17 de octubre 2025, 17:05 | Actualizado 18:11h. Otra prueba de fuego para el Dreamlanda Gran Canaria&hellip;\n","protected":false},"author":2,"featured_media":183751,"comment_status":"","ping_status":"","sticky":false,"template":"","format":"standard","meta":{"footnotes":""},"categories":[269],"tags":[302,299,298,7221,168,25,24,30999,3956,25041,1386,23,167],"class_list":{"0":"post-183750","1":"post","2":"type-post","3":"status-publish","4":"format-standard","5":"has-post-thumbnail","7":"category-baloncesto","8":"tag-acb","9":"tag-baloncesto","10":"tag-basketball","11":"tag-canaria","12":"tag-deportes","13":"tag-es","14":"tag-espana","15":"tag-estrenarse","16":"tag-gran","17":"tag-maldita","18":"tag-plaza","19":"tag-spain","20":"tag-sports"},"share_on_mastodon":{"url":"","error":""},"_links":{"self":[{"href":"https:\/\/www.europesays.com\/es\/wp-json\/wp\/v2\/posts\/183750","targetHints":{"allow":["GET"]}}],"collection":[{"href":"https:\/\/www.europesays.com\/es\/wp-json\/wp\/v2\/posts"}],"about":[{"href":"https:\/\/www.europesays.com\/es\/wp-json\/wp\/v2\/types\/post"}],"author":[{"embeddable":true,"href":"https:\/\/www.europesays.com\/es\/wp-json\/wp\/v2\/users\/2"}],"replies":[{"embeddable":true,"href":"https:\/\/www.europesays.com\/es\/wp-json\/wp\/v2\/comments?post=183750"}],"version-history":[{"count":0,"href":"https:\/\/www.europesays.com\/es\/wp-json\/wp\/v2\/posts\/183750\/revisions"}],"wp:featuredmedia":[{"embeddable":true,"href":"https:\/\/www.europesays.com\/es\/wp-json\/wp\/v2\/media\/183751"}],"wp:attachment":[{"href":"https:\/\/www.europesays.com\/es\/wp-json\/wp\/v2\/media?parent=183750"}],"wp:term":[{"taxonomy":"category","embeddable":true,"href":"https:\/\/www.europesays.com\/es\/wp-json\/wp\/v2\/categories?post=183750"},{"taxonomy":"post_tag","embeddable":true,"href":"https:\/\/www.europesays.com\/es\/wp-json\/wp\/v2\/tags?post=183750"}],"curies":[{"name":"wp","href":"https:\/\/api.w.org\/{rel}","templated":true}]}}