{"id":183756,"date":"2025-10-17T21:59:20","date_gmt":"2025-10-17T21:59:20","guid":{"rendered":"https:\/\/www.europesays.com\/es\/183756\/"},"modified":"2025-10-17T21:59:20","modified_gmt":"2025-10-17T21:59:20","slug":"exclusiva-el-contrato-con-antonio-lopez-tenia-que-haber-entregado-a-albacete-su-polemica-escultura-hace-15-anos","status":"publish","type":"post","link":"https:\/\/www.europesays.com\/es\/183756\/","title":{"rendered":"EXCLUSIVA | El contrato con Antonio L\u00f3pez: ten\u00eda que haber entregado a Albacete su pol\u00e9mica escultura hace 15 a\u00f1os"},"content":{"rendered":"<p>El Digital de Albacete ha tenido acceso en exclusiva al contrato firmado el 10 de febrero de 2009 entre la entonces alcaldesa Carmen Oliver y Antonio L\u00f3pez. Ese documento fija que el artista deb\u00eda entregar en 2010 la escultura encargada por el Ayuntamiento \u2014con la coletilla que hoy lo explica todo: el propio contrato permit\u00eda \u201cprorrogar las fechas por las causas que el artista determine\u201d\u2014. Diecis\u00e9is a\u00f1os despu\u00e9s, la obra sigue sin estar en la ciudad pese a que el artista ya ha cobrado casi <a href=\"https:\/\/www.eldigitaldealbacete.com\/2025\/09\/23\/el-sueno-de-antonio-lopez-con-las-esculturas-menos-con-la-de-albacete-que-no-la-ha-acabado-en-16-anos-a-pesar-de-haberse-embolsado-casi-70-000-euros\/\" rel=\"nofollow noopener\" target=\"_blank\">70.000 euros<\/a> de dinero p\u00fablico.<\/p>\n<p><img loading=\"lazy\" decoding=\"async\" width=\"1201\" height=\"675\" src=\"https:\/\/www.europesays.com\/es\/wp-content\/uploads\/2025\/10\/EuropaPress_5453451_artista_antonio_lopez_posa_junto_obras_presentacion_exposicion_antonio.jpg\" alt=\"\" class=\"wp-image-1076007\"  \/>Antonio L\u00f3pez \/ Foto: Alberto Paredes \u2013 Europa Press \/ Albacete<\/p>\n<p>Qu\u00e9 dice el contrato firmado en Albacete y c\u00f3mo empez\u00f3 todo<\/p>\n<p>El convenio marco rubricado en 2009 establec\u00eda el encargo de una escultura para Albacete, fijaba 2010 como horizonte de entrega y habilitaba partidas presupuestarias en 2009 y 2010 para sufragar el proyecto. Adem\u00e1s, dejaba en manos del artista la elecci\u00f3n del emplazamiento \u201cen coordinaci\u00f3n\u201d con el Ayuntamiento de Albacete. La cl\u00e1usula segunda, sin embargo, abr\u00eda la puerta a pr\u00f3rrogas \u201cpor las causas que el artista determine\u201d, una laxitud que, a la vista del resultado, ha permitido un retraso que ya roza lo <a href=\"https:\/\/www.eldigitaldealbacete.com\/2025\/09\/03\/antonio-lopez-que-roza-el-esperpento-con-su-estatua-en-albacete-al-no-haberla-acabado-aun-en-16-anos-habiendo-cobrado-casi-70-000-euros-prioriza-la-de-goya-en-zaragoza\/\" rel=\"nofollow noopener\" target=\"_blank\">inveros\u00edmil<\/a>.<\/p>\n<p><img loading=\"lazy\" decoding=\"async\" width=\"1200\" height=\"1712\" src=\"https:\/\/www.europesays.com\/es\/wp-content\/uploads\/2025\/10\/contato-1.jpg\" alt=\"\" class=\"wp-image-1084360\"  \/><\/p>\n<p>16 a\u00f1os de silencios en Albacete, pr\u00f3rrogas de facto y pagos ya efectuados<\/p>\n<p>El encargo \u2014bautizado por el propio autor como El hombre que camina\u2014 naci\u00f3 como parte de los actos previos al III Centenario de la Feria. En 2019, en un pleno municipal, el Consistorio inform\u00f3 de dos pagos realizados en \u00e9poca de Carmen Oliver por 69.600 euros y dej\u00f3 constancia de que todav\u00eda quedaba uno pendiente; a d\u00eda de hoy, Antonio L\u00f3pez ha percibido casi 70.000 euros del erario municipal. Pero de la escultura en Albacete no hay <a href=\"https:\/\/www.eldigitaldealbacete.com\/2025\/08\/28\/antonio-lopez-que-lleva-16-anos-sin-terminar-una-escultura-por-la-que-albacete-ya-le-ha-pagado-casi-70-000-euros-dice-que-el-arte-es-un-oficio-de-riesgo\/\" rel=\"nofollow noopener\" target=\"_blank\">ni rastro<\/a>.<\/p>\n<p><img loading=\"lazy\" decoding=\"async\" width=\"1200\" height=\"798\" src=\"https:\/\/www.europesays.com\/es\/wp-content\/uploads\/2025\/10\/antonio-lopez04-2.jpg\" alt=\"\" class=\"wp-image-1076005\"  \/>Antonio L\u00f3pez \/ Foto: Alberto Paredes \u2013 Europa Press \/ Albacete<\/p>\n<p>Desde entonces han pasado seis alcald\u00edas y m\u00faltiples intentos de reactivar el proyecto. En 2021 el Ayuntamiento volvi\u00f3 a tomar contacto con el artista, que asegur\u00f3 estar trabajando en la pieza, sin aportar un calendario. En 2025, la situaci\u00f3n segu\u00eda id\u00e9ntica en lo esencial: <a href=\"https:\/\/www.eldigitaldealbacete.com\/2025\/09\/27\/si-no-conociera-a-antonio-lopez-y-me-entero-de-lo-que-pasa-en-albacete-con-su-escultura-diria-vaya-personaje\/\" rel=\"nofollow noopener\" target=\"_blank\">la ciudad contin\u00faa sin la obra<\/a> pese a los compromisos y los pagos iniciales.<\/p>\n<p><img loading=\"lazy\" decoding=\"async\" width=\"1200\" height=\"798\" src=\"https:\/\/www.europesays.com\/es\/wp-content\/uploads\/2025\/10\/antonio-lopez01-1.jpg\" alt=\"\" class=\"wp-image-1076004\"  \/>Antonio L\u00f3pez \/ Foto: Alberto Paredes \u2013 Europa Press \/ Albacete<\/p>\n<p>La entrevista en El Digital de Albacete que lo cambi\u00f3 todo: \u201c\u00a1Y qu\u00e9 m\u00e1s da!\u201d<\/p>\n<p>Tras a\u00f1os sin datos concretos, El Digital de Albacete <a href=\"https:\/\/www.eldigitaldealbacete.com\/2025\/10\/01\/16-anos-tarde-y-70-000-euros-cobrados-de-albacete-y-que-mas-da-dice-antonio-lopez\/\" rel=\"nofollow noopener\" target=\"_blank\">entrevist\u00f3 recientemente a Antonio L\u00f3pez<\/a>. El artista admiti\u00f3 que la obra \u201cla abandon\u00e9 hace a\u00f1os\u201d, que \u201ctengo que acabar la cabeza\u201d y que es \u201cmuy dif\u00edcil saber cu\u00e1nto tiempo me falta\u201d. Preguntado por la percepci\u00f3n de los albacete\u00f1os tras 16 a\u00f1os de demora y casi 70.000 euros ya cobrados, fue tajante: \u201cNo me preocupa absolutamente nada\u2026 si quieren les devuelvo el dinero o les entrego un trabajo parecido del mismo precio\u2026 \u00a1qu\u00e9 m\u00e1s da!, \u00a1qu\u00e9 m\u00e1s da!\u201d, espetaba el artista utilizando un tono de voz que reflejaba una inveros\u00edmil indolencia.<\/p>\n<p><img loading=\"lazy\" decoding=\"async\" width=\"1200\" height=\"798\" src=\"https:\/\/www.europesays.com\/es\/wp-content\/uploads\/2025\/10\/antonio-lopez02-1.jpg\" alt=\"\" class=\"wp-image-1076002\"  \/>Antonio L\u00f3pez \/ Foto: Alberto Paredes \u2013 Europa Press \/ Albacete<\/p>\n<p>El contraste: Fuendetodos s\u00ed, Albacete no<\/p>\n<p>Mientras Albacete sigue esperando, L\u00f3pez ha priorizado otros encargos. La escultura de Goya en Fuendetodos (Zaragoza), promovida en octubre de 2024, se termin\u00f3 e inaugur\u00f3 en menos de un a\u00f1o. El propio artista ensalz\u00f3 all\u00ed \u201c<a href=\"https:\/\/www.eldigitaldealbacete.com\/2025\/06\/30\/antonio-lopez-admite-que-su-obra-mas-famosa-fue-ardua-pero-menos-que-la-estatua-encargada-en-albacete-hace-16-anos-y-por-la-que-ya-cobro-70-000-euros-sin-entregarla\/\" rel=\"nofollow noopener\" target=\"_blank\">el sue\u00f1o de que las obras est\u00e9n en la calle<\/a>\u201d, una frase que en Albacete suena a iron\u00eda viendo el calendario del encargo manchego.<\/p>\n<p><img loading=\"lazy\" decoding=\"async\" width=\"1200\" height=\"1461\" src=\"https:\/\/www.europesays.com\/es\/wp-content\/uploads\/2025\/09\/EuropaPress_6968886_artistas_antonio_lopez_andres_garcia_ibanez_inauguracion_escultura_homenaje-1.jp.jpeg\" alt=\"\" class=\"wp-image-1073328\"  \/>Antonio L\u00f3pez y su escultura de Goya \/ Ram\u00f3n Comet \u2013 Europa Press<\/p>\n<p>Un \u201cesperpento\u201d que enciende a la ciudadan\u00eda de Albacete<\/p>\n<p>La paciencia social est\u00e1 exhausta. Las reacciones que recogen las informaciones y redes sociales muestran un cabreo creciente por un caso que muchos ya califican de esperpento, al combinar un retraso de 16 a\u00f1os, dinero p\u00fablico adelantado y la ausencia de un compromiso temporal claro por parte del autor.<\/p>\n<p><img loading=\"lazy\" decoding=\"async\" width=\"1200\" height=\"798\" src=\"https:\/\/www.europesays.com\/es\/wp-content\/uploads\/2025\/10\/antonio-lopez03-1.jpg\" alt=\"\" class=\"wp-image-1076003\"  \/>Antonio L\u00f3pez \/ Foto: Alberto Paredes \u2013 Europa Press \/ Albacete<\/p>\n<p>Cronolog\u00eda de un incumplimiento eternizado en Albacete<\/p>\n<p>En 2009, el Ayuntamiento firma con Antonio L\u00f3pez un contrato que fija 2010 para la entrega y avala pagos en 2009 y 2010. Ese mismo a\u00f1o el artista visita emplazamientos en la ciudad con un boceto; la obra no llega para el Centenario de la Feria. En 2019, el Consistorio informa en pleno de los pagos efectuados \u2014casi 70.000 euros\u2014 y de la inexistencia de una fecha cierta de entrega. En 2021, nuevo contacto municipal y misma respuesta: \u201csigue trabajando en ello\u201d. En 2024-2025, L\u00f3pez culmina y presenta con diligencia su Goya de Fuendetodos mientras en Albacete reconoce que su estatua \u201csigue sin cabeza\u201d y que estuvo \u201cabandonada\u201d durante a\u00f1os. A d\u00eda de hoy, 16 a\u00f1os despu\u00e9s, la ciudad contin\u00faa esperando El hombre que camina.<\/p>\n<p><img loading=\"lazy\" decoding=\"async\" width=\"1191\" height=\"1707\" src=\"https:\/\/www.europesays.com\/es\/wp-content\/uploads\/2025\/10\/contrato-2.jpg\" alt=\"\" class=\"wp-image-1084359\"  \/><\/p>\n<p>El \u201cpero\u2026\u201d que explica todo lo que est\u00e1 pasando con este tema en Albacete<\/p>\n<p>\u201cAntonio L\u00f3pez ten\u00eda que entregar en 2010 por contrato su pol\u00e9mica escultura a Albacete, <strong>pero\u2026<\/strong>\u201d Al \u201cpero\u201d dio pie el propio Ayuntamiento de Albacete en 2009 al aceptar una cl\u00e1usula que permit\u00eda al artista prorrogar la entrega de la escultura m\u00e1s all\u00e1 de 2010 \u201cpor las causas que determine\u201d. Una concesi\u00f3n excepcional que, en la pr\u00e1ctica, ha convertido el calendario en papel mojado y que explica por qu\u00e9, 16 a\u00f1os y casi 70.000 euros despu\u00e9s, Albacete sigue sin la estatua por la que pag\u00f3.<\/p>\n","protected":false},"excerpt":{"rendered":"El Digital de Albacete ha tenido acceso en exclusiva al contrato firmado el 10 de febrero de 2009&hellip;\n","protected":false},"author":2,"featured_media":183757,"comment_status":"","ping_status":"","sticky":false,"template":"","format":"standard","meta":{"footnotes":""},"categories":[173],"tags":[2545,229,233,231,230,232,234,146,147,25,24,338,23],"class_list":{"0":"post-183756","1":"post","2":"type-post","3":"status-publish","4":"format-standard","5":"has-post-thumbnail","7":"category-arte-y-diseno","8":"tag-albacete","9":"tag-arte","10":"tag-arte-y-diseno","11":"tag-arts","12":"tag-arts-and-design","13":"tag-design","14":"tag-diseno","15":"tag-entertainment","16":"tag-entretenimiento","17":"tag-es","18":"tag-espana","19":"tag-portada","20":"tag-spain"},"share_on_mastodon":{"url":"","error":""},"_links":{"self":[{"href":"https:\/\/www.europesays.com\/es\/wp-json\/wp\/v2\/posts\/183756","targetHints":{"allow":["GET"]}}],"collection":[{"href":"https:\/\/www.europesays.com\/es\/wp-json\/wp\/v2\/posts"}],"about":[{"href":"https:\/\/www.europesays.com\/es\/wp-json\/wp\/v2\/types\/post"}],"author":[{"embeddable":true,"href":"https:\/\/www.europesays.com\/es\/wp-json\/wp\/v2\/users\/2"}],"replies":[{"embeddable":true,"href":"https:\/\/www.europesays.com\/es\/wp-json\/wp\/v2\/comments?post=183756"}],"version-history":[{"count":0,"href":"https:\/\/www.europesays.com\/es\/wp-json\/wp\/v2\/posts\/183756\/revisions"}],"wp:featuredmedia":[{"embeddable":true,"href":"https:\/\/www.europesays.com\/es\/wp-json\/wp\/v2\/media\/183757"}],"wp:attachment":[{"href":"https:\/\/www.europesays.com\/es\/wp-json\/wp\/v2\/media?parent=183756"}],"wp:term":[{"taxonomy":"category","embeddable":true,"href":"https:\/\/www.europesays.com\/es\/wp-json\/wp\/v2\/categories?post=183756"},{"taxonomy":"post_tag","embeddable":true,"href":"https:\/\/www.europesays.com\/es\/wp-json\/wp\/v2\/tags?post=183756"}],"curies":[{"name":"wp","href":"https:\/\/api.w.org\/{rel}","templated":true}]}}