{"id":183760,"date":"2025-10-17T22:01:07","date_gmt":"2025-10-17T22:01:07","guid":{"rendered":"https:\/\/www.europesays.com\/es\/183760\/"},"modified":"2025-10-17T22:01:07","modified_gmt":"2025-10-17T22:01:07","slug":"pase-lo-que-pase-la-huella-es-imborrable","status":"publish","type":"post","link":"https:\/\/www.europesays.com\/es\/183760\/","title":{"rendered":"Pase lo que pase, la huella es imborrable"},"content":{"rendered":"<p class=\"c-paragraph\">Este viernes, Sonsoles \u00d3nega ha recibido en su programa a <b>Daniel Guzm\u00e1n<\/b> para presentar su nuevo proyecto, <b>la pel\u00edcula La deuda<\/b>. El actor y director de cine ha recordado junto a la presentadora algunos de los momentos que han marcado su carrera y su vida personal y ha dedicado unas <b>emotivas palabras a su compa\u00f1ero y amigo Jos\u00e9 Luis Gil.<\/b>\u00a0<\/p>\n<p class=\"c-paragraph\">\u00abSuscribo lo que han dicho muchos compa\u00f1eros. <b>Es una persona maravillosa\u00bb,<\/b> ha asegurado Guzm\u00e1n en Y ahora Sonsoles. El actor, que trabaj\u00f3 con Jos\u00e9 Luis Gil en Aqu\u00ed no hay quien viva, considera que <b>es \u00abde los mejores compa\u00f1eros\u00bb que se ha encontrado<\/b> a lo largo de su carrera profesional.\u00a0<\/p>\n<p class=\"c-paragraph\">\u00abLe tengo un respeto y una admiraci\u00f3n a nivel personal y a nivel profesional que, pase lo que pase, <b>la huella es imborrable<\/b> con nosotros\u00bb, ha expresado emocionado Daniel Guzm\u00e1n, que ha asegurado que le tiene <b>\u00abun aprecio y un respeto absoluto\u00bb<\/b> a Jos\u00e9 Luis Gil.\u00a0<\/p>\n<p class=\"c-paragraph\"><b>\u00abLa vida hay que morderla\u00bb,<\/b> ha sentenciado Sonsoles \u00d3nega tras escuchar las emotivas palabras de Daniel Guzm\u00e1n. <b>\u00abPero desde ya Sonsoles.<\/b> Yo veo el tren que acaba de pasar a trescientos, de todo lo que he hecho, y <b>menos mal que he disfrutado\u00bb,<\/b> ha comentado el actor. \u00a0<\/p>\n<p class=\"c-paragraph\">Jos\u00e9 Luis Gil <b>sufri\u00f3 un ictus en 2023<\/b> del que a d\u00eda de hoy <b>contin\u00faa recuper\u00e1ndose <\/b>con el apoyo de sus familiares y de compa\u00f1eros y amigos como Daniel Guzm\u00e1n.\u00a0<\/p>\n","protected":false},"excerpt":{"rendered":"Este viernes, Sonsoles \u00d3nega ha recibido en su programa a Daniel Guzm\u00e1n para presentar su nuevo proyecto, la&hellip;\n","protected":false},"author":2,"featured_media":183761,"comment_status":"","ping_status":"","sticky":false,"template":"","format":"standard","meta":{"footnotes":""},"categories":[171],"tags":[2943,14733,146,147,25,24,50,9264,7745,23,214],"class_list":{"0":"post-183760","1":"post","2":"type-post","3":"status-publish","4":"format-standard","5":"has-post-thumbnail","7":"category-tv","8":"tag-daniel","9":"tag-emociona","10":"tag-entertainment","11":"tag-entretenimiento","12":"tag-es","13":"tag-espana","14":"tag-guzman","15":"tag-hablar","16":"tag-se","17":"tag-spain","18":"tag-tv"},"share_on_mastodon":{"url":"","error":""},"_links":{"self":[{"href":"https:\/\/www.europesays.com\/es\/wp-json\/wp\/v2\/posts\/183760","targetHints":{"allow":["GET"]}}],"collection":[{"href":"https:\/\/www.europesays.com\/es\/wp-json\/wp\/v2\/posts"}],"about":[{"href":"https:\/\/www.europesays.com\/es\/wp-json\/wp\/v2\/types\/post"}],"author":[{"embeddable":true,"href":"https:\/\/www.europesays.com\/es\/wp-json\/wp\/v2\/users\/2"}],"replies":[{"embeddable":true,"href":"https:\/\/www.europesays.com\/es\/wp-json\/wp\/v2\/comments?post=183760"}],"version-history":[{"count":0,"href":"https:\/\/www.europesays.com\/es\/wp-json\/wp\/v2\/posts\/183760\/revisions"}],"wp:featuredmedia":[{"embeddable":true,"href":"https:\/\/www.europesays.com\/es\/wp-json\/wp\/v2\/media\/183761"}],"wp:attachment":[{"href":"https:\/\/www.europesays.com\/es\/wp-json\/wp\/v2\/media?parent=183760"}],"wp:term":[{"taxonomy":"category","embeddable":true,"href":"https:\/\/www.europesays.com\/es\/wp-json\/wp\/v2\/categories?post=183760"},{"taxonomy":"post_tag","embeddable":true,"href":"https:\/\/www.europesays.com\/es\/wp-json\/wp\/v2\/tags?post=183760"}],"curies":[{"name":"wp","href":"https:\/\/api.w.org\/{rel}","templated":true}]}}