{"id":183770,"date":"2025-10-17T22:06:21","date_gmt":"2025-10-17T22:06:21","guid":{"rendered":"https:\/\/www.europesays.com\/es\/183770\/"},"modified":"2025-10-17T22:06:21","modified_gmt":"2025-10-17T22:06:21","slug":"nueva-fecha-para-el-concierto-de-valeria-castro-en-valladolid-tras-su-retirada-temporal","status":"publish","type":"post","link":"https:\/\/www.europesays.com\/es\/183770\/","title":{"rendered":"Nueva fecha para el concierto de Valeria Castro en Valladolid tras su retirada temporal"},"content":{"rendered":"<p><a class=\"v-mdl-ath__fig-a\" href=\"https:\/\/www.elnortedecastilla.es\/autor\/angela-zangroniz-7379.html\" title=\"El Norte\" rel=\"nofollow noopener\" target=\"_blank\"><br \/>\n<img decoding=\"async\" class=\"v-mdl-ath__img\" src=\"https:\/\/www.europesays.com\/es\/wp-content\/uploads\/2025\/10\/autor-7379-foto-1.jpeg\" alt=\"El Norte\"\/><br \/>\n<\/a><\/p>\n<p class=\"v-mdl-ath__p v-mdl-ath__p--6\">\nViernes, 17 de octubre 2025, 09:46<\/p>\n<p class=\"v-p\">La cantante canaria Valeria Castro ha aplazado su concierto en Valladolid, previsto para este domingo, 19 de octubre, a las 20:30 horas en el Centro Cultural Miguel Delibes, despu\u00e9s de que su gira, que tambi\u00e9n inclu\u00eda una actuaci\u00f3n en Burgos, se haya paralizado al retirarse la artista temporalmente de los escenarios por motivos de salud mental. La que puso voz a la banda sonora de la Seminci 2023 junto a Vetusta Morla, ha sido objeto de burla en redes sociales tras su pol\u00e9mica actuaci\u00f3n el pasado lunes 13 de octubre en el famoso programa de canto &#8216;Operaci\u00f3n Triunfo 2025&#8217;. Castro, acudi\u00f3 como invitada junto a Dani Fern\u00e1ndez para cantar &#8216;\u00bfY si lo hacemos?&#8217;. <\/p>\n<p class=\"v-p\">La decisi\u00f3n de la cantautora de tomarse un descanso de los escenarios viene dada por los problemas de salud mental con los que lleva tiempo lidiando que se han acrecentado despu\u00e9s de las cr\u00edticas recibidas. \u00abLos \u00faltimos meses no han sido f\u00e1ciles para m\u00ed y las \u00faltimas semanas, de manera progresiva, todo se me ha ido agarrando a la garganta\u00bb, escrib\u00eda Castro en un comunicado publicado en sus redes sociales.<\/p>\n<p><a href=\"http:\/\/www.elnortedecastilla.es\/gente-estilo\/valeria-castro-retira-temporalmente-escenarios-tras-polemica-20251016154852-ntrc.html#vtm_modulosEngag=mod-rel:culturas:noticia:1:cmp:2-not\" class=\"v-a-link\" title=\"Valeria Castro se retira temporalmente de los escenarios tras su pol\u00e9mica actuaci\u00f3n en &#039;OT 2025&#039;\" rel=\"nofollow noopener\" target=\"_blank\"><br \/>\n<img decoding=\"async\" loading=\"lazy\" class=\"v-a-img\" src=\"https:\/\/www.europesays.com\/es\/wp-content\/uploads\/2025\/10\/mort-k1HE--366x256@RC.jpg\" alt=\"Valeria Castro se retira temporalmente de los escenarios tras su pol\u00e9mica actuaci\u00f3n en 'OT 2025'\"\/><br \/>\n<\/a><\/p>\n<p><a href=\"http:\/\/www.elnortedecastilla.es\/culturas\/musica\/siento-privilegiada-vivir-renovacion-musica-tradicional-20240306194800-nt.html#vtm_modulosEngag=mod-rel:culturas:noticia:2:cmp:2-not\" class=\"v-a-link\" title=\"\u00abMe siento privilegiada por vivir esta renovaci\u00f3n de la m\u00fasica tradicional\u00bb\" rel=\"nofollow noopener\" target=\"_blank\"><br \/>\n<img decoding=\"async\" loading=\"lazy\" class=\"v-a-img\" src=\"https:\/\/www.europesays.com\/es\/wp-content\/uploads\/2025\/10\/vale-kftC--366x256@El Norte.jpg\" alt=\"\u00abMe siento privilegiada por vivir esta renovaci\u00f3n de la m\u00fasica tradicional\u00bb\"\/><br \/>\n<\/a><\/p>\n<p class=\"v-p\">El concierto de Valladolid, que estaba previsto para este domingo 19 de octubre a las 20:30 horas, finalmente ser\u00e1 pospuesto y se celebrar\u00e1 el 22 de febrero del pr\u00f3ximo a\u00f1o, seg\u00fan indica la web del Centro Cultural Miguel Delibes. Adem\u00e1s, indican que las entradas ya adquiridas seguir\u00e1n siendo v\u00e1lidas para la nueva fecha, sin necesidad de realizar alg\u00fan cambio. <\/p>\n<p class=\"v-p\">Para los afectados por el cambio, informan de que se puede solicitar la devoluci\u00f3n del dinero de la entrada por el mismo canal oficial en el que fueron compradas. La fecha l\u00edmite para solicitar la devoluci\u00f3n es el 16 de noviembre. <\/p>\n<p class=\"v-p\">De esta forma, la cantautora permanecer\u00e1 alejada de los escenarios durante un tiempo. \u00abEl agotamiento y mi salud mental, que se ha ido mermando, me han ido apagando poquito a poco. Por mucho que haya intentado dar lo mejor de m\u00ed en cada escenario al que me he subido, hay veces en las que todo esto es imposible de gestionar y se hace evidente\u00bb, mencionaba la cantante a cerca de los problemas de salud mental que ha ido acarreando recientemente.<\/p>\n<p>Pol\u00e9mica en redes sociales<\/p>\n<p class=\"v-p\">Castro se encontraba en medio de su gira cuando el pasado lunes 13 de octubre se subi\u00f3 a los escenarios del famoso programa de canto &#8216;Operaci\u00f3n Triunfo 2025&#8217; junto a su amigo Dani Fern\u00e1ndez. Cantaron &#8216;\u00bfY si lo hacemos?&#8217;, una canci\u00f3n conjunta que ha acumulado miles de reproducciones en internet y que ha sido objeto de pol\u00e9mica en las redes sociales tras la actuaci\u00f3n de la cantante en el programa.<\/p>\n<p class=\"v-p\">Como indicaba en su comunicado, los diferentes problemas con los que ha tenido que lidiar han provocado que su voz se vea afectada y no suene de la misma manera que otras veces. Despu\u00e9s de la avalancha de comentarios negativos que ha recibido, la cantante se ha visto obligada a tomarse un tiempo. \u00abDespu\u00e9s de reflexionar mucho y, aconsejada por expertos, me veo obligada a tomar una peque\u00f1a pausa en este camino para recuperarme f\u00edsica y mentalmente; tengo claro que en ning\u00fan sitio soy tan feliz como encima de un escenario, pero tambi\u00e9n creo que les debo a ustedes y a mi misma hacerlo desde el estado y el lugar que merece\u00bb, escrib\u00eda la canaria. <\/p>\n<p>Reporta un error<\/p>\n","protected":false},"excerpt":{"rendered":"Viernes, 17 de octubre 2025, 09:46 La cantante canaria Valeria Castro ha aplazado su concierto en Valladolid, previsto&hellip;\n","protected":false},"author":2,"featured_media":183771,"comment_status":"","ping_status":"","sticky":false,"template":"","format":"standard","meta":{"footnotes":""},"categories":[91],"tags":[14982,2339,146,147,25,24,1151,795,23,28981,1607],"class_list":{"0":"post-183770","1":"post","2":"type-post","3":"status-publish","4":"format-standard","5":"has-post-thumbnail","7":"category-entretenimiento","8":"tag-castro","9":"tag-concierto","10":"tag-entertainment","11":"tag-entretenimiento","12":"tag-es","13":"tag-espana","14":"tag-fecha","15":"tag-nueva","16":"tag-spain","17":"tag-valeria","18":"tag-valladolid"},"share_on_mastodon":{"url":"","error":""},"_links":{"self":[{"href":"https:\/\/www.europesays.com\/es\/wp-json\/wp\/v2\/posts\/183770","targetHints":{"allow":["GET"]}}],"collection":[{"href":"https:\/\/www.europesays.com\/es\/wp-json\/wp\/v2\/posts"}],"about":[{"href":"https:\/\/www.europesays.com\/es\/wp-json\/wp\/v2\/types\/post"}],"author":[{"embeddable":true,"href":"https:\/\/www.europesays.com\/es\/wp-json\/wp\/v2\/users\/2"}],"replies":[{"embeddable":true,"href":"https:\/\/www.europesays.com\/es\/wp-json\/wp\/v2\/comments?post=183770"}],"version-history":[{"count":0,"href":"https:\/\/www.europesays.com\/es\/wp-json\/wp\/v2\/posts\/183770\/revisions"}],"wp:featuredmedia":[{"embeddable":true,"href":"https:\/\/www.europesays.com\/es\/wp-json\/wp\/v2\/media\/183771"}],"wp:attachment":[{"href":"https:\/\/www.europesays.com\/es\/wp-json\/wp\/v2\/media?parent=183770"}],"wp:term":[{"taxonomy":"category","embeddable":true,"href":"https:\/\/www.europesays.com\/es\/wp-json\/wp\/v2\/categories?post=183770"},{"taxonomy":"post_tag","embeddable":true,"href":"https:\/\/www.europesays.com\/es\/wp-json\/wp\/v2\/tags?post=183770"}],"curies":[{"name":"wp","href":"https:\/\/api.w.org\/{rel}","templated":true}]}}