{"id":183780,"date":"2025-10-17T22:12:12","date_gmt":"2025-10-17T22:12:12","guid":{"rendered":"https:\/\/www.europesays.com\/es\/183780\/"},"modified":"2025-10-17T22:12:12","modified_gmt":"2025-10-17T22:12:12","slug":"asistentes-de-excepcion-a-un-partido-de-balonmano-tras-ser-convocado-por-la-seleccion","status":"publish","type":"post","link":"https:\/\/www.europesays.com\/es\/183780\/","title":{"rendered":"asistentes de excepci\u00f3n a un partido de balonmano tras ser convocado por la Selecci\u00f3n"},"content":{"rendered":"<p>La Liga ASOBAL, la profesional de balonmano, celebra una jornada m\u00e1s con, entre otros, el encuentro entre el Sanicentro Guadalajara y el Fraikin Granollers. Es en este \u00faltimo en el que juega <strong>Pablo Urdangar\u00edn<\/strong>. Siguiendo la estela de su padre, incluso ha sido convocado para unos pr\u00f3ximos amistosos con la selecci\u00f3n nacional. <strong>Su t\u00eda, la Infanta Elena, y uno de sus hermanos, Miguel Urdangar\u00edn<\/strong>, acud\u00edan a las gradas del polideportivo David Santamar\u00eda para ver el encuentro y mostrarle todo su apoyo ante los pr\u00f3ximos pasos que va a dar.\u00a0<\/p>\n<p>Celebraron en uno de los palcos donde se encontraban de los goles que se marcaron y esperaron a su sobrino y hermano respectivamente al que, tras la finalizaci\u00f3n del partido, <strong>esperaban y recib\u00edan con los brazos abiertos<\/strong>. El hijo mayor de la Infanta Cristina e I\u00f1aki Urdangar\u00edn anot\u00f3 dos goles siendo uno de ellos en un momento \u00fanico, en el minuto 55, que hizo que incluso se abrazaran y celebraran como si hubiera valido todo un t\u00edtulo.\u00a0<\/p>\n<p><a href=\"https:\/\/www.semana.es\/medio\/2025\/10\/17\/olympia-beracasa-miguel-urdangarin-y-la-infanta-elena-muy-sonrientes-en-el-partido-de-pablo-urdangarin_1efb626b_251017235007_800x535.webp\" class=\"open\" title=\"Olympia Beracasa, Miguel Urdangar\u00edn y la Infanta Elena muy sonrientes en el partido de Pablo Urdangar\u00edn\" rel=\"nofollow noopener\" target=\"_blank\"><img loading=\"lazy\" decoding=\"async\"   src=\"https:\/\/www.europesays.com\/es\/wp-content\/uploads\/2025\/10\/olympia-beracasa-miguel-urdangarin-y-la-infanta-elena-muy-sonrientes-en-el-partido-de-pablo-urdangar.webp\" alt=\"Olympia Beracasa, Miguel Urdangar\u00edn y la Infanta Elena muy sonrientes en el partido de Pablo Urdangar\u00edn\" class=\"lazyload\" width=\"800\" height=\"535\" data-aspectratio=\"800\/535\"\/>&#13;<\/p>\n<p>Olympia Beracasa, Miguel Urdangar\u00edn y la Infanta Elena muy sonrientes en el partido de Pablo Urdangar\u00edn<\/p>\n<p class=\"by\">Jose Ignacio Viseras \/ GTRES<\/p>\n<p>Lo cierto es que<strong> el equipo de Pablo Urdangar\u00edn terminaba llev\u00e1ndose la victoria<\/strong> 29 frente a 32, desatando la alegr\u00eda entre todos los que los apoyaban desde las gradas. As\u00ed se lo hicieron saber cuando, a ra\u00edz de las fotograf\u00edas que han podido captar de estos momentos, le felicitaban por el triunfo.<\/p>\n<p>&#13;<img decoding=\"async\" src=\"https:\/\/www.europesays.com\/es\/wp-content\/uploads\/2025\/10\/los-gestos-de-amor-de-johanna-zott-y-pablo-urdangarin-en-el-ultimo-partido-de-balonmano-del-joven_47.webp\" alt=\"Los gestos de amor de Johanna Zott y Pablo Urdangar\u00edn en el \u00faltimo partido de balonmano del joven\" class=\"widget-article-image image lazyload\"\/><\/p>\n<p>En esas instant\u00e1neas tambi\u00e9n se puede ver a <strong>Olympia Beracasa<\/strong>, con la que Miguel <a href=\"https:\/\/www.semana.es\/casas-reales\/asi-es-olympia-beracasa-nuevo-amor-venezolano-miguel-urdangarin_2793391\" rel=\"nofollow noopener\" target=\"_blank\">mantendr\u00eda una relaci\u00f3n sentimental desde julio de 2024<\/a>. Actualmente se encuentra viviendo en el Palacio de la Zarzuela junto a su abuela la Reina Sof\u00eda y realiza pr\u00e1cticas medioambientales sin remuneraci\u00f3n, como se ha podido conocer en los \u00faltimos meses.\u00a0<\/p>\n<p>Pablo Urdangar\u00edn recibe una gran noticia, convocado con la Selecci\u00f3n Nacional de Balonmano<\/p>\n<p>El 30 de octubre y 1 de noviembre Pablo Urdangar\u00edn podr\u00e1 ser uno de los deportistas que disputen los amistosos de Espa\u00f1a como preparaci\u00f3n de futuras competiciones. El combinado nacional se enfrentar\u00e1 en estas dos ocasiones a Suecia y tendr\u00e1 la oportunidad de participar as\u00ed <strong>despu\u00e9s de la progresi\u00f3n en el Granollers<\/strong>. As\u00ed lo destacan medios deportivos y especializados como &#8216;El Pa\u00eds&#8217; haciendo un recorrido por lo que est\u00e1 siendo su temporada.\u00a0<\/p>\n<p><a href=\"https:\/\/www.semana.es\/medio\/2025\/10\/18\/la-infanta-elena-no-se-pierde-el-partido-de-balonmano-de-su-sobrino-pablo-urdangarin_44f4bcbf_251018000325_800x1200.webp\" class=\"open\" title=\"La Infanta Elena no se pierde el partido de balonmano de su sobrino Pablo Urdangar\u00edn\" rel=\"nofollow noopener\" target=\"_blank\"><img loading=\"lazy\" decoding=\"async\"   src=\"https:\/\/www.europesays.com\/es\/wp-content\/uploads\/2025\/10\/la-infanta-elena-no-se-pierde-el-partido-de-balonmano-de-su-sobrino-pablo-urdangarin_44f4bcbf_251018.webp\" alt=\"La Infanta Elena no se pierde el partido de balonmano de su sobrino Pablo Urdangar\u00edn\" class=\"lazyload\" width=\"800\" height=\"1200\" data-aspectratio=\"800\/1200\"\/>&#13;<\/p>\n<p>La Infanta Elena no se pierde el partido de balonmano de su sobrino Pablo Urdangar\u00edn<\/p>\n<p class=\"by\">Jose Ignacio Viseras \/ GTRES<\/p>\n<p>Se convierte as\u00ed en uno de los cuatro deportistas que el seleccionador espa\u00f1ol ha incluido en su lista. <strong>Su padre I\u00f1aki Urdangar\u00edn lleg\u00f3 a la Selecci\u00f3n tambi\u00e9n en su trayectoria como jugador de balonmano<\/strong>. En su momento debutaba con 18 a\u00f1os y pudo formar parte de la misma hasta los Juegos de Sidney, anotando 371 goles en 170 partidos recuerda el citado medio. De hecho fue en uno de estos partidos, en los Juegos Ol\u00edmpicos de Atlanta donde se conocieron.\u00a0<\/p>\n<p>&#13;<img decoding=\"async\" src=\"https:\/\/www.europesays.com\/es\/wp-content\/uploads\/2025\/10\/las-hermanas-del-rey-felipe-vi-las-infantas-elena-y-cristina-juntas-en-el-homenaje-a-la-bandera-en-t.webp\" alt=\"Las hermanas del Rey Felipe VI, las infantas Elena y Cristina, juntas en el Homenaje a la Bandera en Torrej\u00f3n de Ardoz. \" class=\"widget-article-image image lazyload\"\/>La Infanta Elena y la Infanta Cristina, un reencuentro p\u00fablico en Torrej\u00f3n de Ardoz<\/p>\n<p>Hacia mucho tiempo que su madre, la Infanta Cristina, y su t\u00eda, la Infanta Elena, no aparec\u00edan juntas en un acto p\u00fablico. Fue el 5 de octubre cuando <strong>en Torrej\u00f3n de Ardoz, en la jura de banderas de la fiestas de la localidad, aparec\u00edan<\/strong> en este acto tan simb\u00f3lico. Las hijas de Juan Carlos I y la Reina Sof\u00eda llegaban al municipio madrile\u00f1o muy sonrientes y elegantes. Tambi\u00e9n resaltaba que casi parec\u00edan conjuntadas por los looks que eleg\u00edan que combinaban a la perfecci\u00f3n.\u00a0<\/p>\n<p>Mientras que una de las hermanas del Rey Felipe VI <strong>vive en Ginebra, Suiza<\/strong>, desde 2013, la otra contin\u00faa con su residencia en Madrid. Y es este uno de los motivos que dificulta m\u00e1s estos momentos frente a los medios de comunicaci\u00f3n. Ambas mantienen una estrecha relaci\u00f3n y arropan a sus sobrinos siempre que pueden, como ha sido en esta ocasi\u00f3n.<\/p>\n<p>&#13;<img decoding=\"async\" src=\"https:\/\/www.europesays.com\/es\/wp-content\/uploads\/2025\/10\/irene-urdangarin-y-la-infanta-elena-en-sanxenxo-en-una-lancha_7eb326ea_250914170754_600x600.webp.webp\" alt=\"Irene Urdangarin y la infanta Elena en Sanxenxo en una lancha\" class=\"widget-article-image image lazyload\"\/><\/p>\n<p><strong>La Infanta Elena tambi\u00e9n aparec\u00eda acompa\u00f1ada de Irene Urdangar\u00edn a mediados del mes de septiembre<\/strong> para apoyar a su padre el rey Juan Carlos en su paso por Sanxenxo.\u00a0 Junto a ellas tambi\u00e9n se pudo ver a Simoneta G\u00f3mez-Acebo. No es el \u00fanico momento mar\u00edtimo que ha compartido con su padre este a\u00f1o. Semanas despu\u00e9s ambos participaban en el Mundial de Vela que se celebraba al otro lado del mundo, en Nueva York.<\/p>\n<p>En esta ocasi\u00f3n<strong> se convert\u00edan en competidores<\/strong> despu\u00e9s de que ambos participaran en dos equipos distintos. Se trataba del Campeonato del Mundo de la clase 6 metros de Vela. El rey em\u00e9rito volv\u00eda a formar parte de la tripulaci\u00f3n del &#8216;Brib\u00f3n&#8217; para esto.\u00a0<\/p>\n<p>\u00a0<\/p>\n","protected":false},"excerpt":{"rendered":"La Liga ASOBAL, la profesional de balonmano, celebra una jornada m\u00e1s con, entre otros, el encuentro entre el&hellip;\n","protected":false},"author":2,"featured_media":183781,"comment_status":"","ping_status":"","sticky":false,"template":"","format":"standard","meta":{"footnotes":""},"categories":[278],"tags":[376,168,25,24,375,23,167],"class_list":{"0":"post-183780","1":"post","2":"type-post","3":"status-publish","4":"format-standard","5":"has-post-thumbnail","7":"category-balonmano","8":"tag-balonmano","9":"tag-deportes","10":"tag-es","11":"tag-espana","12":"tag-handball","13":"tag-spain","14":"tag-sports"},"share_on_mastodon":{"url":"","error":""},"_links":{"self":[{"href":"https:\/\/www.europesays.com\/es\/wp-json\/wp\/v2\/posts\/183780","targetHints":{"allow":["GET"]}}],"collection":[{"href":"https:\/\/www.europesays.com\/es\/wp-json\/wp\/v2\/posts"}],"about":[{"href":"https:\/\/www.europesays.com\/es\/wp-json\/wp\/v2\/types\/post"}],"author":[{"embeddable":true,"href":"https:\/\/www.europesays.com\/es\/wp-json\/wp\/v2\/users\/2"}],"replies":[{"embeddable":true,"href":"https:\/\/www.europesays.com\/es\/wp-json\/wp\/v2\/comments?post=183780"}],"version-history":[{"count":0,"href":"https:\/\/www.europesays.com\/es\/wp-json\/wp\/v2\/posts\/183780\/revisions"}],"wp:featuredmedia":[{"embeddable":true,"href":"https:\/\/www.europesays.com\/es\/wp-json\/wp\/v2\/media\/183781"}],"wp:attachment":[{"href":"https:\/\/www.europesays.com\/es\/wp-json\/wp\/v2\/media?parent=183780"}],"wp:term":[{"taxonomy":"category","embeddable":true,"href":"https:\/\/www.europesays.com\/es\/wp-json\/wp\/v2\/categories?post=183780"},{"taxonomy":"post_tag","embeddable":true,"href":"https:\/\/www.europesays.com\/es\/wp-json\/wp\/v2\/tags?post=183780"}],"curies":[{"name":"wp","href":"https:\/\/api.w.org\/{rel}","templated":true}]}}