{"id":183782,"date":"2025-10-17T22:13:13","date_gmt":"2025-10-17T22:13:13","guid":{"rendered":"https:\/\/www.europesays.com\/es\/183782\/"},"modified":"2025-10-17T22:13:13","modified_gmt":"2025-10-17T22:13:13","slug":"cornada-a-urtasun-las-ventas-supera-el-millon-de-espectadores-en-2025-libertad-digital","status":"publish","type":"post","link":"https:\/\/www.europesays.com\/es\/183782\/","title":{"rendered":"Cornada a Urtasun: Las Ventas supera el mill\u00f3n de espectadores en 2025 &#8211; Libertad Digital"},"content":{"rendered":"<p><a href=\"https:\/\/www.las-ventas.com\/\" rel=\"nofollow noreferrer noopener\" target=\"_blank\"><strong>Plaza 1<\/strong><\/a>, la empresa que gestiona la <a href=\"https:\/\/www.libertaddigital.com\/lugares\/las-ventas\/1.html\" rel=\"nofollow noopener\" target=\"_blank\"><strong>Monumental de Las Ventas<\/strong><\/a> desde 2016, ha publicado las estad\u00edsticas de la temporada 2025 que concluy\u00f3 el pasado domingo 12 de octubre con <a href=\"https:\/\/www.libertaddigital.com\/cultura\/toros\/2025-10-09\/j-expectacion-total-por-el-doblete-de-morante-en-las-ventas-el-12-o-no-hay-mesas-disponibles-en-los-alrededores-7305579\/\" rel=\"nofollow noopener\" target=\"_blank\"><strong>una jornada para la historia <\/strong><\/a>de la tauromaquia con el exitoso festival para erigir una estatua a <strong>Antonio Chenel Anto\u00f1ete<\/strong> por la ma\u00f1ana y con la Corrida de la Hispanidad por la tarde en la que de manera inesperada <a href=\"https:\/\/www.libertaddigital.com\/personajes\/morante-de-la-puebla\/\" rel=\"nofollow noopener\" target=\"_blank\"><strong>Morante de la Puebla<\/strong><\/a> se <a href=\"https:\/\/www.libertaddigital.com\/cultura\/toros\/2025-10-12\/morante-de-la-puebla-se-corta-la-coleta-tras-un-nuevo-triunfo-en-las-ventas-7307194\/\" rel=\"nofollow noopener\" target=\"_blank\">quit\u00f3 la coleta en el centro del ruedo<\/a> tras cortar dos orejas a un toro.<\/p>\n<p>Para la historia la de 2025 ser\u00e1 la temporada de Morante, especialmente en Madrid, donde el genio de La Puebla del R\u00edo cuaj\u00f3 tres tardes para el recuerdo: <a href=\"https:\/\/esradio.libertaddigital.com\/es-la-manana-de-federico\/al-alimon\/2025-05-29\/un-presidente-sin-criterio-niega-el-premio-a-morante-en-las-ventas-7259699\/\" rel=\"nofollow noopener\" target=\"_blank\"><strong>la de la Corrida de la Prensa<\/strong><\/a>, con una faena sin premio que fue un tratado de tauromaquia; la de la Beneficencia, donde <a href=\"https:\/\/www.libertaddigital.com\/cultura\/toros\/2025-06-09\/puerta-grande-morante-las-ventas-2025-7263581\/\" rel=\"nofollow noopener\" target=\"_blank\"><strong>sali\u00f3 por primera vez por la Puerta Grande<\/strong><\/a> de Las Ventas y la de la Hispanidad, donde dijo adi\u00f3s o hasta luego. Con Morante nunca se sabe.<\/p>\n<p>En Las Ventas tambi\u00e9n ha sido una temporada de r\u00e9cord de asistencia. Tras varias temporadas en la que la Monumental de la Calle de Alcal\u00e1 rozaba el mill\u00f3n de espectadores este 2025 lo ha superado. <strong>1.008.226 espectadores<\/strong> han pasado por la plaza de toros de Madrid en <strong>62 festejos<\/strong> celebrados desde el 23 de marzo al 12 de octubre. La media de asistencia ha sido de 16.261 espectadores concentr\u00e1ndose la mayor\u00eda en las dos principales ferias: la de <a href=\"https:\/\/www.libertaddigital.com\/temas\/feria-de-san-isidro\/\" rel=\"nofollow noopener\" target=\"_blank\"><strong>San Isidro<\/strong><\/a> y la de <a href=\"https:\/\/www.libertaddigital.com\/cultura\/toros\/2025-10-02\/previa-de-la-feria-de-otono-2025-expectacion-con-morante-triunfadores-de-san-isidro-y-un-gran-homenaje-a-antonete-7302798\/\" rel=\"nofollow noopener\" target=\"_blank\"><strong>Oto\u00f1o<\/strong><\/a>.<\/p>\n<p>El informe presentado por Plaza 1 destaca que se han conseguido este 2025 <strong>dieciocho llenos de No Hay Billetes <\/strong>y que pr\u00e1cticamente en la mitad de los festejos celebrados en Las Ventas acudieron 18.000 espectadores. Adem\u00e1s, la Feria de Oto\u00f1o consigui\u00f3 un <a href=\"https:\/\/www.libertaddigital.com\/cultura\/toros\/2025-09-17\/los-toros-siguen-imbatibles-en-madrid-las-ventas-roza-los-20-000-abonados-para-la-feria-de-otono-del-doblete-de-morante-7296803\/\" rel=\"nofollow noopener\" target=\"_blank\"><strong>r\u00e9cord de abonados que roz\u00f3 los 20.000<\/strong><\/a> (19.428). Seg\u00fan la empresa es el mejor dato de los \u00faltimos quince a\u00f1os y que confirma \u00abel excelente momento que vive la tauromaquia en la plaza m\u00e1s importante del mundo\u00bb.<\/p>\n<p>&#13;<br \/>\n    Relacionado&#13;<br \/>\n    &#13;<\/p>\n<p>Los conocidos este viernes son unos datos que chocan contra el inter\u00e9s del ministro de Cultura, <strong>Ernest Urtasun<\/strong>, en <a href=\"https:\/\/www.libertaddigital.com\/cultura\/toros\/2025-10-08\/urtasun-no-se-rinde-y-ya-prepara-un-plan-b-para-volver-a-la-carga-contra-la-tauromaquia-7305714\/\" rel=\"nofollow noopener\" target=\"_blank\">acabar con la tauromaquia<\/a> porque, seg\u00fan el socio del presidente del Gobierno, Pedro S\u00e1nchez, \u00e9sta no interesa y por ello hab\u00eda que sacar adelante la ILP No es Mi cultura, que <a href=\"https:\/\/www.libertaddigital.com\/cultura\/toros\/2025-10-07\/el-congreso-rechaza-la-ilp-antitaurina-de-los-socios-de-sanchez-7305215\/\" rel=\"nofollow noopener\" target=\"_blank\"><strong>fracas\u00f3 en el Congreso de los Diputados<\/strong><\/a> hace dos semanas.<\/p>\n<p>Cinco puertas grandes<\/p>\n<p>Esta temporada ha sido en Las Ventas la de Morante de la Puebla, pero tambi\u00e9n otros matadores de toros han cruzado a hombros como el genio cigarrero el umbral de la Puerta Grande. A las dos de Morante en la Corrida de la Beneficencia y en la Hispanidad hay que unir la de <a href=\"https:\/\/www.libertaddigital.com\/cultura\/toros\/2023-10-28\/alejandro-talavante-temporada-2023-las-ventas-hotel-7063660\/\" rel=\"nofollow noopener\" target=\"_blank\"><strong>Alejandro Talavante<\/strong><\/a>, el 9 de mayo, d\u00eda del inicio de San Isidro 2025; la de <a href=\"https:\/\/www.libertaddigital.com\/cultura\/toros\/2025-06-21\/borja-jimenez-es-importante-dar-paso-a-todo-torero-que-se-lo-gana-en-la-plaza-7268233\/\" rel=\"nofollow noopener\" target=\"_blank\"><strong>Borja Jim\u00e9nez<\/strong><\/a> en la Corrida In Memoriam a <strong>Victorino Mart\u00edn <\/strong>el 15 de junio y la de <strong>Emilio de Justo<\/strong> el 3 de octubre. Salvo la primera de Morante, las dem\u00e1s han sido con faenas de dos orejas. En Las Ventas esta campa\u00f1a ha habido, adem\u00e1s, 28 faenas en la que se ha cortado una oreja.<\/p>\n<p>Entre los datos que publica Plaza 1 destaca que veinte matadores de toros han confirmado su alternativa y dieciocho novilleros se han presentado en la Monumental de la Calle de Alcal\u00e1. Adem\u00e1s, se han lidiado en Las Ventas <strong>384 reses de 21 encastes diferentes<\/strong>. Dos de esos toros, Brigadier de Pedraza de Yeltes y Milhojas de Victorino Mart\u00edn, fueron premiados con la vuelta al ruedo p\u00f3stuma.<\/p>\n","protected":false},"excerpt":{"rendered":"Plaza 1, la empresa que gestiona la Monumental de Las Ventas desde 2016, ha publicado las estad\u00edsticas de&hellip;\n","protected":false},"author":2,"featured_media":183783,"comment_status":"","ping_status":"","sticky":false,"template":"","format":"standard","meta":{"footnotes":""},"categories":[277],"tags":[373,168,25,24,3728,23,167,625,374,444],"class_list":{"0":"post-183782","1":"post","2":"type-post","3":"status-publish","4":"format-standard","5":"has-post-thumbnail","7":"category-toreo","8":"tag-bullfighting","9":"tag-deportes","10":"tag-es","11":"tag-espana","12":"tag-las-ventas","13":"tag-spain","14":"tag-sports","15":"tag-tauromaquia","16":"tag-toreo","17":"tag-toros"},"share_on_mastodon":{"url":"","error":""},"_links":{"self":[{"href":"https:\/\/www.europesays.com\/es\/wp-json\/wp\/v2\/posts\/183782","targetHints":{"allow":["GET"]}}],"collection":[{"href":"https:\/\/www.europesays.com\/es\/wp-json\/wp\/v2\/posts"}],"about":[{"href":"https:\/\/www.europesays.com\/es\/wp-json\/wp\/v2\/types\/post"}],"author":[{"embeddable":true,"href":"https:\/\/www.europesays.com\/es\/wp-json\/wp\/v2\/users\/2"}],"replies":[{"embeddable":true,"href":"https:\/\/www.europesays.com\/es\/wp-json\/wp\/v2\/comments?post=183782"}],"version-history":[{"count":0,"href":"https:\/\/www.europesays.com\/es\/wp-json\/wp\/v2\/posts\/183782\/revisions"}],"wp:featuredmedia":[{"embeddable":true,"href":"https:\/\/www.europesays.com\/es\/wp-json\/wp\/v2\/media\/183783"}],"wp:attachment":[{"href":"https:\/\/www.europesays.com\/es\/wp-json\/wp\/v2\/media?parent=183782"}],"wp:term":[{"taxonomy":"category","embeddable":true,"href":"https:\/\/www.europesays.com\/es\/wp-json\/wp\/v2\/categories?post=183782"},{"taxonomy":"post_tag","embeddable":true,"href":"https:\/\/www.europesays.com\/es\/wp-json\/wp\/v2\/tags?post=183782"}],"curies":[{"name":"wp","href":"https:\/\/api.w.org\/{rel}","templated":true}]}}