{"id":183788,"date":"2025-10-17T22:18:09","date_gmt":"2025-10-17T22:18:09","guid":{"rendered":"https:\/\/www.europesays.com\/es\/183788\/"},"modified":"2025-10-17T22:18:09","modified_gmt":"2025-10-17T22:18:09","slug":"f1-clasificacion-esprint-del-gp-de-estados-unidos-en-directo-alonso-y-sainz-hoy-en-vivo","status":"publish","type":"post","link":"https:\/\/www.europesays.com\/es\/183788\/","title":{"rendered":"F1 Clasificaci\u00f3n esprint del GP de Estados Unidos en directo: Alonso y Sainz hoy, en vivo"},"content":{"rendered":"<p>La realidad es que todo puede suceder en esta clasificaci\u00f3n al esprint, pero mirando al pasado, <strong>Max Verstappen puede ser el claro favorito. <\/strong>El de Red Bull se llev\u00f3 esta minipole hace un a\u00f1o, pero adem\u00e1s, fue capaz de ganar el s\u00e1bado&#8230; <strong>y tambi\u00e9n el domingo. <\/strong>De hecho, desde que este formato se estren\u00f3 en 2023, las dos ediciones que se corrieron en Austin con este formato, las ha ganado el vigente campe\u00f3n del mundo.\u00a0<\/p>\n","protected":false},"excerpt":{"rendered":"La realidad es que todo puede suceder en esta clasificaci\u00f3n al esprint, pero mirando al pasado, Max Verstappen&hellip;\n","protected":false},"author":2,"featured_media":183789,"comment_status":"","ping_status":"","sticky":false,"template":"","format":"standard","meta":{"footnotes":""},"categories":[270],"tags":[168,25,24,306,271,272,23,167],"class_list":{"0":"post-183788","1":"post","2":"type-post","3":"status-publish","4":"format-standard","5":"has-post-thumbnail","7":"category-formula-1","8":"tag-deportes","9":"tag-es","10":"tag-espana","11":"tag-f1","12":"tag-formula-1","13":"tag-formula1","14":"tag-spain","15":"tag-sports"},"share_on_mastodon":{"url":"","error":""},"_links":{"self":[{"href":"https:\/\/www.europesays.com\/es\/wp-json\/wp\/v2\/posts\/183788","targetHints":{"allow":["GET"]}}],"collection":[{"href":"https:\/\/www.europesays.com\/es\/wp-json\/wp\/v2\/posts"}],"about":[{"href":"https:\/\/www.europesays.com\/es\/wp-json\/wp\/v2\/types\/post"}],"author":[{"embeddable":true,"href":"https:\/\/www.europesays.com\/es\/wp-json\/wp\/v2\/users\/2"}],"replies":[{"embeddable":true,"href":"https:\/\/www.europesays.com\/es\/wp-json\/wp\/v2\/comments?post=183788"}],"version-history":[{"count":0,"href":"https:\/\/www.europesays.com\/es\/wp-json\/wp\/v2\/posts\/183788\/revisions"}],"wp:featuredmedia":[{"embeddable":true,"href":"https:\/\/www.europesays.com\/es\/wp-json\/wp\/v2\/media\/183789"}],"wp:attachment":[{"href":"https:\/\/www.europesays.com\/es\/wp-json\/wp\/v2\/media?parent=183788"}],"wp:term":[{"taxonomy":"category","embeddable":true,"href":"https:\/\/www.europesays.com\/es\/wp-json\/wp\/v2\/categories?post=183788"},{"taxonomy":"post_tag","embeddable":true,"href":"https:\/\/www.europesays.com\/es\/wp-json\/wp\/v2\/tags?post=183788"}],"curies":[{"name":"wp","href":"https:\/\/api.w.org\/{rel}","templated":true}]}}