{"id":183796,"date":"2025-10-17T22:22:07","date_gmt":"2025-10-17T22:22:07","guid":{"rendered":"https:\/\/www.europesays.com\/es\/183796\/"},"modified":"2025-10-17T22:22:07","modified_gmt":"2025-10-17T22:22:07","slug":"la-justicia-funciona-pero-tengo-miedo-de-la-mano-larga-de-esperanza-aguirre","status":"publish","type":"post","link":"https:\/\/www.europesays.com\/es\/183796\/","title":{"rendered":"La Justicia funciona, pero tengo miedo de la mano larga de Esperanza Aguirre"},"content":{"rendered":"<p class=\"article-text\">\n        \u00ed\u00f1igo Ram\u00edrez de Haro sabe lo que son las miserias de la aristocracia porque lleva a\u00f1os conviviendo con ellas. Su \u00faltimo paso por los juzgados fue para reclamar m\u00e1s de 700.000 euros <a href=\"https:\/\/www.eldiario.es\/politica\/marido-esperanza-aguirre-justifica-venta-goya-pagar-deudas-todavia-debo-pico-banco_1_12644558.html\" target=\"_blank\" data-mrf-recirculation=\"links-noticia\" class=\"link\" rel=\"nofollow noopener\">a su hermano Fernando<\/a>, el actual conde de Bornos y esposo de <a href=\"https:\/\/www.eldiario.es\/temas\/el-goya-de-esperanza-aguirre\/\" target=\"_blank\" data-mrf-recirculation=\"links-noticia\" class=\"link\" rel=\"nofollow noopener\">Esperanza Aguirre<\/a>, por vender un Goya familiar y no repartir el dinero. En su \u00faltima novela, &#8216;<a href=\"https:\/\/www.editorialrenacimiento.com\/narrativa\/3305-los-hipocritas.html\" target=\"_blank\" data-mrf-recirculation=\"links-noticia\" class=\"link\" rel=\"nofollow noopener\">Los Hip\u00f3critas<\/a>&#8216; (Renacimiento), este diplom\u00e1tico, dramaturgo y escritor dibuja una UNESCO llena de cinismo, mentiras, machismo y racismo mientras espera que una sentencia diga si recupera o no el dinero del Goya ap\u00f3crifo que su hermano, denuncia, vendi\u00f3 a escondidas.\n    <\/p>\n<p class=\"article-text\">\n        <strong>En su anterior libro, \u2018La Mala Sangre\u2019, repasa su historia familiar y c\u00f3mo su relaci\u00f3n con su hermano se trunca cuando vende el Goya y, adem\u00e1s, nunca le paga su parte. En \u2018Los Hip\u00f3critas\u2019 la obra de arte vuelve a aparecer, pero esta vez como un lejano objeto de conflicto. \u00bfQu\u00e9 ha cambiado desde ese primer libro?<\/strong>\n    <\/p>\n","protected":false},"excerpt":{"rendered":"\u00ed\u00f1igo Ram\u00edrez de Haro sabe lo que son las miserias de la aristocracia porque lleva a\u00f1os conviviendo con&hellip;\n","protected":false},"author":2,"featured_media":183797,"comment_status":"","ping_status":"","sticky":false,"template":"","format":"standard","meta":{"footnotes":""},"categories":[173],"tags":[10163,229,233,231,230,5835,232,234,146,147,25,24,9572,6526,3980,16494,5178,2158,21239,3238,5486,4794,23],"class_list":{"0":"post-183796","1":"post","2":"type-post","3":"status-publish","4":"format-standard","5":"has-post-thumbnail","7":"category-arte-y-diseno","8":"tag-aguirre","9":"tag-arte","10":"tag-arte-y-diseno","11":"tag-arts","12":"tag-arts-and-design","13":"tag-cuadro","14":"tag-design","15":"tag-diseno","16":"tag-entertainment","17":"tag-entretenimiento","18":"tag-es","19":"tag-espana","20":"tag-esperanza","21":"tag-funciona","22":"tag-goya","23":"tag-haro","24":"tag-inigo","25":"tag-justicia","26":"tag-larga","27":"tag-mano","28":"tag-miedo","29":"tag-ramirez","30":"tag-spain"},"share_on_mastodon":{"url":"","error":""},"_links":{"self":[{"href":"https:\/\/www.europesays.com\/es\/wp-json\/wp\/v2\/posts\/183796","targetHints":{"allow":["GET"]}}],"collection":[{"href":"https:\/\/www.europesays.com\/es\/wp-json\/wp\/v2\/posts"}],"about":[{"href":"https:\/\/www.europesays.com\/es\/wp-json\/wp\/v2\/types\/post"}],"author":[{"embeddable":true,"href":"https:\/\/www.europesays.com\/es\/wp-json\/wp\/v2\/users\/2"}],"replies":[{"embeddable":true,"href":"https:\/\/www.europesays.com\/es\/wp-json\/wp\/v2\/comments?post=183796"}],"version-history":[{"count":0,"href":"https:\/\/www.europesays.com\/es\/wp-json\/wp\/v2\/posts\/183796\/revisions"}],"wp:featuredmedia":[{"embeddable":true,"href":"https:\/\/www.europesays.com\/es\/wp-json\/wp\/v2\/media\/183797"}],"wp:attachment":[{"href":"https:\/\/www.europesays.com\/es\/wp-json\/wp\/v2\/media?parent=183796"}],"wp:term":[{"taxonomy":"category","embeddable":true,"href":"https:\/\/www.europesays.com\/es\/wp-json\/wp\/v2\/categories?post=183796"},{"taxonomy":"post_tag","embeddable":true,"href":"https:\/\/www.europesays.com\/es\/wp-json\/wp\/v2\/tags?post=183796"}],"curies":[{"name":"wp","href":"https:\/\/api.w.org\/{rel}","templated":true}]}}