{"id":183798,"date":"2025-10-17T22:23:09","date_gmt":"2025-10-17T22:23:09","guid":{"rendered":"https:\/\/www.europesays.com\/es\/183798\/"},"modified":"2025-10-17T22:23:09","modified_gmt":"2025-10-17T22:23:09","slug":"el-culpable-sin-rostro-la-verdad","status":"publish","type":"post","link":"https:\/\/www.europesays.com\/es\/183798\/","title":{"rendered":"El culpable sin rostro | La Verdad"},"content":{"rendered":"<p>Uno de los objetivos de todo autor es la verosimilitud; es decir, lograr que la historia que se narra se mueva siempre dentro de lo  &#8230; l\u00f3gico dentro del g\u00e9nero que se encuadra, sea este el realismo o lo fant\u00e1stico. Sin embargo, muchos narradores optan en los di\u00e1logos de sus personajes por emplear un lenguaje culto incluso cuando se trata de personas con pocos estudios o analfabetos. Inma Pelegr\u00edn, sin embargo, no ha tenido miedo a que los protagonistas de su novela &#8216;Fosca&#8217; hablen como lo que son: unos campesinos de mediados del siglo XX. Este es solo uno de los aciertos de una novela sobresaliente, con el que la poeta lorquina, con una s\u00f3lida y larga trayectoria en la l\u00edrica, debuta en la narrativa con un libro que la ha hecho acreedora del Premio Lumen de novela. <\/p>\n<p class=\"v-p\">El lenguaje de &#8216;Fosca&#8217; posee una enorme riqueza l\u00e9xica y su mayor logro est\u00e1 en recuperar palabras del dialecto murciano a trav\u00e9s de sus personajes. As\u00ed, encontramos vocablos aut\u00f3ctonos de nuestra Regi\u00f3n como \u00abbajocas\u00bb, \u00ablebrillo\u00bb, \u00abpoyete\u00bb, \u00abcansera\u00bb, \u00abcalistros\u00bb, \u00ableja\u00bb, \u00abregomello\u00bb o \u00abzagales\u00bb. Adem\u00e1s, los protagonistas se expresan con coloquialismos o vulgarismos y en los di\u00e1logos se imita la pronunciaci\u00f3n murciana: \u00abpas\u00e1s\u00bb, \u00abentresudao\u00bb, \u00abentodav\u00eda\u00bb, \u00abnaide\u00bb, etc. Este lenguaje y el paisaje donde se desarrolla la acci\u00f3n, una casa en mitad del campo lorquino, con sus ramblas y su fosca acuciante en el verano, enmarcan el libro en ese resurgimiento de la literatura rural que se ha producido en los \u00faltimos a\u00f1os. <\/p>\n<p>\nGabi, el narrador, debe descubrir cu\u00e1l de sus hermanos ha sido el culpable de un ataque (indirecto) contra \u00e9l. Aunque el chico ha estado presente, su incapacidad para identificar las caras de las personas le impide descubrir qui\u00e9n es\n<\/p>\n<p>Similitudes<\/p>\n<p class=\"v-p\">Si bien ha habido otros libros que se han centrado en estos \u00faltimos a\u00f1os en los pueblos murcianos, &#8216;La noche de arena&#8217; (2024) de Trif\u00f3n Abad o &#8216;Ropasuelta&#8217; (2024) de Santos Mart\u00ednez, en las pedan\u00edas de la capital, &#8216;El dolor de los dem\u00e1s&#8217; (2018) de Miguel \u00c1ngel Hernandez, e incluso en la sierra entre \u00c1guilas y Lorca, &#8216;Almenara&#8217; (2024) de Miguel \u00c1ngel Ruiz, la m\u00e1s cercana geogr\u00e1ficamente al libro de Pelegr\u00edn, todos lo hac\u00edan desde el presente. Por ello, veo m\u00e1s concomitancias con otros libros que se desarrollaban en otras partes de Espa\u00f1a pero en la misma \u00e9poca que &#8216;Fosca&#8217;. En este sentido podemos recordar el cl\u00e1sico &#8216;Los santos inocentes&#8217; (1981) de Miguel Delibes y el m\u00e1s reciente &#8216;Intemperie&#8217; (2013) de Jes\u00fas Carrasco, con el que encuentro bastantes similitudes. <\/p>\n<p>&#8216;Fosca&#8217;, de Inma Pelegr\u00edn<\/p>\n<p><img decoding=\"async\" loading=\"lazy\" src=\"https:\/\/www.europesays.com\/es\/wp-content\/uploads\/2025\/10\/Imagen 81hGeSvOD1L._UF1000,1000_QL80_-k7IB--366x206@La Verdad.jpg\" class=\"v-a-img\" width=\"366\" height=\"206\" alt=\"'Fosca', de Inma Pelegr\u00edn\"\/><\/p>\n<p class=\"v-p\">En este duro contexto, el campo lorquino hacia la mitad del siglo XX, es donde viven la familia formada por el Padre, la Madre y sus cuatro hijos adolescentes. Si los tres mayores se rigen por la brutalidad, el desinter\u00e9s por la escuela y el sometimiento al Padre, el peque\u00f1o, Gabi, es, por el contrario, el m\u00e1s sensible y el preferido de la Madre. Esto no le evita que tenga que ayudar en las tareas agr\u00edcolas a las que se dedica la familia y lo convierten en el blanco de las burlas y los abusos de sus tres hermanos: el violento Miguel, el taciturno Rafa y el epil\u00e9ptico Seraf\u00edn. Un papel importante en la trama tambi\u00e9n juegan la vecina Marcela, que vive sola en la casa m\u00e1s cercana a la familia, y la perra Sombra, la mejor amiga y confidente de Gabi. <\/p>\n<p class=\"v-p\">El eje de la trama de la novela es una investigaci\u00f3n: la que debe hacer Gabi, el narrador, para descubrir cu\u00e1l de sus hermanos ha sido el culpable de un ataque (indirecto) contra \u00e9l. Aunque el chico ha estado presente, su incapacidad para identificar las caras de las personas le impide descubrir cu\u00e1l de sus tres hermanos ha sido el autor del hecho. Por ello debe comenzar a investigar si el \u00abHermano alima\u00f1a\u00bb, como \u00e9l lo define, es Seraf\u00edn, Miguel o Rafa. Este misterio, ya de por s\u00ed intrigante, consigue enganchar enormemente al lector gracias a dos mecanismos narrativos que considero de una gran inteligencia por parte de la autora: el uso del narrador en primera persona y el relato en presente. Ambos consiguen que acompa\u00f1emos a Gabi en su desasosiego y en su venganza y nos impliquemos mucho m\u00e1s con sus sentimientos. <\/p>\n<p>\nEl lenguaje de &#8216;Fosca&#8217; posee una enorme riqueza l\u00e9xica y su mayor logro est\u00e1 en recuperar palabras del dialecto murciano a trav\u00e9s de sus personajes: \u00abBajocas\u00bb, \u00ablebrillo\u00bb, \u00abpoyete\u00bb, \u00abcansera\u00bb, \u00abcalistros\u00bb, \u00ableja\u00bb, \u00abregomello\u00bb&#8230;\n<\/p>\n<p>Noche de autos<\/p>\n<p class=\"v-p\">Durante esta investigaci\u00f3n el narrador se centra en tres aspectos que van estructurando la parte central del libro: en primer lugar, en tratar de acordarse, ya que no puede hacerlo del rostro del ejecutor, de todos los detalles de la noche de autos. En segundo lugar, realiza una retrospectiva de su relaci\u00f3n con cada uno de sus hermanos para hallar posibles motivos que pudieran haber llevado a uno de ellos a atacarlo de aquella manera. En estas analepsis tambi\u00e9n recuerda algunos buenos momentos (un ba\u00f1o en la playa, la defensa frente a un mat\u00f3n en el colegio, las risas tras una tarde de trabajo) pero tiene que espigarlos entre un cat\u00e1logo de iniquidades sufridas a manos de los tres mayores. Mientras tanto, Gabi debe aparentar que no fue testigo del acto para que el \u00abHermano alima\u00f1a\u00bb no sospeche que est\u00e1 intentando descubrirlo y as\u00ed deje alguna pista que ayude al protagonista a desvelar el rostro del culpable y su identidad. <\/p>\n<p class=\"v-p\">Otro aspecto que destaca en la novela de Inma Pelegr\u00edn tiene que ver con el retrato de la \u00e9poca. Adem\u00e1s de mediante el l\u00e9xico, que llama la atenci\u00f3n por su verosimilitud como ya he indicado, la autora reconstruye con precisi\u00f3n el ambiente de la Lorca rural de hace tres cuartos de siglo con la reproducci\u00f3n en el texto de muchas de sus costumbres. En las recetas que prepara la Madre, en los remedios caseros que conoce Marcela para casi todas las enfermedades, como para las verrugas que llenan las manos de Gabi, en los castigos corporales en el colegio o en los rituales del cortejo y de la muerte hallamos un mundo no tan lejano que parece haber desaparecido para siempre. <\/p>\n<p class=\"v-p\">Logra con &#8216;Fosca&#8217; Inma Pelegr\u00edn un debut extraordinario en la novela. Nos ofrece una historia dura e intensa sobre la violencia, la amistad y la venganza. Adem\u00e1s, logra captar perfectamente un ambiente concreto, el del campo lorquino de mitad del siglo XX, pero que representa a toda una \u00e9poca en nuestro pa\u00eds.<\/p>\n","protected":false},"excerpt":{"rendered":"Uno de los objetivos de todo autor es la verosimilitud; es decir, lograr que la historia que se&hellip;\n","protected":false},"author":2,"featured_media":183799,"comment_status":"","ping_status":"","sticky":false,"template":"","format":"standard","meta":{"footnotes":""},"categories":[172],"tags":[224,24649,146,147,25,24,225,22283,23],"class_list":{"0":"post-183798","1":"post","2":"type-post","3":"status-publish","4":"format-standard","5":"has-post-thumbnail","7":"category-libros","8":"tag-books","9":"tag-culpable","10":"tag-entertainment","11":"tag-entretenimiento","12":"tag-es","13":"tag-espana","14":"tag-libros","15":"tag-rostro","16":"tag-spain"},"share_on_mastodon":{"url":"","error":""},"_links":{"self":[{"href":"https:\/\/www.europesays.com\/es\/wp-json\/wp\/v2\/posts\/183798","targetHints":{"allow":["GET"]}}],"collection":[{"href":"https:\/\/www.europesays.com\/es\/wp-json\/wp\/v2\/posts"}],"about":[{"href":"https:\/\/www.europesays.com\/es\/wp-json\/wp\/v2\/types\/post"}],"author":[{"embeddable":true,"href":"https:\/\/www.europesays.com\/es\/wp-json\/wp\/v2\/users\/2"}],"replies":[{"embeddable":true,"href":"https:\/\/www.europesays.com\/es\/wp-json\/wp\/v2\/comments?post=183798"}],"version-history":[{"count":0,"href":"https:\/\/www.europesays.com\/es\/wp-json\/wp\/v2\/posts\/183798\/revisions"}],"wp:featuredmedia":[{"embeddable":true,"href":"https:\/\/www.europesays.com\/es\/wp-json\/wp\/v2\/media\/183799"}],"wp:attachment":[{"href":"https:\/\/www.europesays.com\/es\/wp-json\/wp\/v2\/media?parent=183798"}],"wp:term":[{"taxonomy":"category","embeddable":true,"href":"https:\/\/www.europesays.com\/es\/wp-json\/wp\/v2\/categories?post=183798"},{"taxonomy":"post_tag","embeddable":true,"href":"https:\/\/www.europesays.com\/es\/wp-json\/wp\/v2\/tags?post=183798"}],"curies":[{"name":"wp","href":"https:\/\/api.w.org\/{rel}","templated":true}]}}