{"id":183802,"date":"2025-10-17T22:25:10","date_gmt":"2025-10-17T22:25:10","guid":{"rendered":"https:\/\/www.europesays.com\/es\/183802\/"},"modified":"2025-10-17T22:25:10","modified_gmt":"2025-10-17T22:25:10","slug":"korn-en-iberoamerica-videos-de-sirenia-y-despised-icon","status":"publish","type":"post","link":"https:\/\/www.europesays.com\/es\/183802\/","title":{"rendered":"KORN en Iberoam\u00e9rica. V\u00eddeos de SIRENIA y DESPISED ICON."},"content":{"rendered":"<p>\u00a0<\/p>\n<p style=\"text-align: center;\"><strong><a href=\"#KORN\">KORN en Iberoam\u00e9rica<\/a> \u2013 <a href=\"#SIRENIA2\">V\u00eddeos de SIRENIA<\/a> y <a href=\"#DESPISED_ICON\">DESPISED ICON<\/a>.<\/strong><\/p>\n<p><a href=\"https:\/\/www.kornofficial.com\/\" target=\"_blank\" rel=\"noopener nofollow\"><strong>KORN<\/strong><\/a> han anunciado las siguientes fechas en Iberoam\u00e9rica:<\/p>\n<p>Mayo<\/p>\n<ul>\n<li>2 Bogot\u00e1, Colombia<\/li>\n<li>5 Lima, Per\u00fa<\/li>\n<li>8 Santiago, Chile<\/li>\n<li>10 Buenos Aires, Argentina<\/li>\n<li>13 Asunci\u00f3n, Paraguay<\/li>\n<li>16 S\u00e3o Paulo, Brasil<\/li>\n<li>19 Ciudad de M\u00e9xico, M\u00e9xico<\/li>\n<\/ul>\n<p>El pr\u00f3ximo 21 de noviembre saldr\u00e1 a trav\u00e9s de Tempo Music una reedici\u00f3n del disco de <a href=\"https:\/\/www.kornofficial.com\/\" target=\"_blank\" rel=\"noopener nofollow\"><strong>KORN<\/strong><\/a> \u201cSee You On The Other Side\u201d.<\/p>\n<p>Todos los detalles en esta <a href=\"https:\/\/www.rafabasa.com\/2025\/09\/23\/korn-enthroned-wytch-hazel\/#KORN\" rel=\"nofollow noopener\" target=\"_blank\">noticia<\/a>.<\/p>\n<p>En principio el grupo est\u00e1 preparando su <a href=\"https:\/\/www.rafabasa.com\/2025\/06\/18\/black-sabbath-evanescence-korn\/#KORN\" rel=\"nofollow noopener\" target=\"_blank\">pr\u00f3ximo disco<\/a>.<\/p>\n<p><img fetchpriority=\"high\" decoding=\"async\" src=\"https:\/\/www.europesays.com\/es\/wp-content\/uploads\/2025\/10\/korn_madrid2017_1_500x267.jpg\" alt=\"korn\" width=\"500\" height=\"267\"\/><\/p>\n<p>Su \u00faltimo \u201cRequiem\u201d sali\u00f3 el 4 de febrero de 2022 a trav\u00e9s de Loma Vista Recordings.<\/p>\n<p>Todos los detalles en esta <a href=\"https:\/\/www.rafabasa.com\/2021\/11\/11\/korn-lee-aaron-nervochaos\/#KORN\" target=\"_blank\" rel=\"noopener nofollow\">noticia<\/a>.<\/p>\n<p>M\u00e1s sobre la banda en este <a href=\"https:\/\/www.rafabasa.com\/2023\/02\/10\/korn-the-winery-dogs-revolution-saints\/#KORN\" target=\"_blank\" rel=\"noopener nofollow\">bloque<\/a>.<\/p>\n<p>\u00a0<\/p>\n<p>\u00a0<\/p>\n<p>\u00a0<\/p>\n<p><a href=\"https:\/\/www.facebook.com\/sirenia\/\" target=\"_blank\" rel=\"noopener nofollow\"><strong>SIRENIA<\/strong><\/a> han estrenado un nuevo v\u00eddeo para su single \u201cNightside Den\u201d que sirve de adelanto a su pr\u00f3ximo trabajo \u201cAmanita Messis\u201d.<\/p>\n<p><a href=\"https:\/\/www.facebook.com\/sirenia\/\" target=\"_blank\" rel=\"noopener nofollow\"><strong>SIRENIA<\/strong><\/a> editaron el 26 de mayo de 2023 a trav\u00e9s de Napalm Records su \u00faltimo \u00e1lbum \u201c1977\u201d.<\/p>\n<p>Todos los detalles en esta <a href=\"https:\/\/www.rafabasa.com\/2023\/03\/23\/nuevo-disco-de-sirenia-titulado-1977\/\" target=\"_blank\" rel=\"noopener nofollow\">noticia<\/a> y sus \u00faltimos v\u00eddeos en <a href=\"https:\/\/www.rafabasa.com\/2023\/05\/25\/sirenia-estrena-su-tercer-y-ultimo-sencillo-titulado-wintry-heart\/\" target=\"_blank\" rel=\"noopener nofollow\">esta<\/a>.<\/p>\n<p>\u00a0<\/p>\n<p>\u00a0<\/p>\n<p><strong>DESPISED ICON<\/strong> han estrenado un nuevo v\u00eddeo titulado \u201cThe Apparition\u201d.<\/p>\n<p><strong>DESPISED ICON<\/strong> editar\u00e1n el 31 de octubre a trav\u00e9s de Nuclear Blast un nuevo disco titulado \u201cShadow Work\u201d.<\/p>\n<p>Todos los detalles en esta <a href=\"https:\/\/www.rafabasa.com\/2025\/08\/11\/aerosmith-cinderella-despised-icon\/#DESPISED_ICON\" rel=\"nofollow noopener\" target=\"_blank\">noticia<\/a>.<\/p>\n<p>\u00a0<\/p>\n<p align=\"center\"><strong>Sigue el\u00a0<a href=\"https:\/\/whatsapp.com\/channel\/0029VaCprxVBA1f555USvT2O\" target=\"_blank\" rel=\"nofollow noopener\">Canal de RAFABASA.COM en WhatsApp<\/a>, donde encontrar\u00e1s todas nuestras novedades al instante<\/strong><\/p>\n<p>\u00a0<\/p>\n<p>\u00a0<\/p>\n<p>\u00a0<\/p>\n","protected":false},"excerpt":{"rendered":"\u00a0 KORN en Iberoam\u00e9rica \u2013 V\u00eddeos de SIRENIA y DESPISED ICON. KORN han anunciado las siguientes fechas en&hellip;\n","protected":false},"author":2,"featured_media":183803,"comment_status":"","ping_status":"","sticky":false,"template":"","format":"standard","meta":{"footnotes":""},"categories":[170],"tags":[51954,146,147,25,24,42851,184,185,49120,23],"class_list":{"0":"post-183802","1":"post","2":"type-post","3":"status-publish","4":"format-standard","5":"has-post-thumbnail","7":"category-musica","8":"tag-despised-icon","9":"tag-entertainment","10":"tag-entretenimiento","11":"tag-es","12":"tag-espana","13":"tag-korn","14":"tag-music","15":"tag-musica","16":"tag-sirenia","17":"tag-spain"},"share_on_mastodon":{"url":"","error":""},"_links":{"self":[{"href":"https:\/\/www.europesays.com\/es\/wp-json\/wp\/v2\/posts\/183802","targetHints":{"allow":["GET"]}}],"collection":[{"href":"https:\/\/www.europesays.com\/es\/wp-json\/wp\/v2\/posts"}],"about":[{"href":"https:\/\/www.europesays.com\/es\/wp-json\/wp\/v2\/types\/post"}],"author":[{"embeddable":true,"href":"https:\/\/www.europesays.com\/es\/wp-json\/wp\/v2\/users\/2"}],"replies":[{"embeddable":true,"href":"https:\/\/www.europesays.com\/es\/wp-json\/wp\/v2\/comments?post=183802"}],"version-history":[{"count":0,"href":"https:\/\/www.europesays.com\/es\/wp-json\/wp\/v2\/posts\/183802\/revisions"}],"wp:featuredmedia":[{"embeddable":true,"href":"https:\/\/www.europesays.com\/es\/wp-json\/wp\/v2\/media\/183803"}],"wp:attachment":[{"href":"https:\/\/www.europesays.com\/es\/wp-json\/wp\/v2\/media?parent=183802"}],"wp:term":[{"taxonomy":"category","embeddable":true,"href":"https:\/\/www.europesays.com\/es\/wp-json\/wp\/v2\/categories?post=183802"},{"taxonomy":"post_tag","embeddable":true,"href":"https:\/\/www.europesays.com\/es\/wp-json\/wp\/v2\/tags?post=183802"}],"curies":[{"name":"wp","href":"https:\/\/api.w.org\/{rel}","templated":true}]}}