{"id":183809,"date":"2025-10-17T22:29:19","date_gmt":"2025-10-17T22:29:19","guid":{"rendered":"https:\/\/www.europesays.com\/es\/183809\/"},"modified":"2025-10-17T22:29:19","modified_gmt":"2025-10-17T22:29:19","slug":"las-hijastras-de-mayra-gomez-kemp-todavia-no-han-vendido-la-casa-y-el-estudio-que-ella-tenia-en-arguelles-este-es-el-motivo","status":"publish","type":"post","link":"https:\/\/www.europesays.com\/es\/183809\/","title":{"rendered":"Las hijastras de Mayra G\u00f3mez Kemp todav\u00eda no han vendido la casa y el estudio que ella ten\u00eda en Arg\u00fcelles: este es el motivo"},"content":{"rendered":"<p class=\"paragraph\" id=\"paragraph_1\">El pasado 13 de octubre de 2025 se cumplieron 365 d\u00edas desde que pereci\u00f3 una de las presentadoras m\u00e1s queridas y admiradas de Espa\u00f1a, <strong>Mayra G\u00f3mez Kemp<\/strong>. No son palabras hechas ni vacuas:<strong> el cari\u00f1o que su p\u00fablico le profesaba se le brindaba d\u00eda a d\u00eda<\/strong>.<\/p>\n<p class=\"paragraph\" id=\"paragraph_2\">Su vasta carrera en televisi\u00f3n -ah\u00ed, uno de los programas m\u00e1s emblem\u00e1ticos del pa\u00eds, Un, dos, tres&#8230; responda otra vez- le granjearon el respeto y la admiraci\u00f3n de propios y extra\u00f1os. Mayra, pese a todo lo anterior, muri\u00f3 sola en su casa de Madrid.<strong> Se cay\u00f3 y el golpe fue mortal<\/strong>. <\/p>\n<p class=\"paragraph\" id=\"paragraph_3\">Hab\u00eda tenido, en su \u00faltimo tramo de vida, distintos achaques de salud, que la debilitaron. Se lleg\u00f3 a quejar, incluso, de que su vivienda ten\u00eda muchas escaleras. Mayra viv\u00eda en la zona madrile\u00f1a de Arg\u00fcelles, en un <strong>d\u00faplex de m\u00e1s de 150 metros cuadrados<\/strong>. <\/p>\n<p><img loading=\"lazy\" decoding=\"async\" alt=\"La casa de Mayra G\u00f3mez Kemp, desalojada cinco meses despu\u00e9s de su muerte: el motivo y la intenci\u00f3n de sus hijastras\" height=\"180\" src=\"https:\/\/www.europesays.com\/es\/wp-content\/uploads\/2025\/10\/930167145_259374118_320x180.jpg\" width=\"320\" data-lazy-status=\"processed\" data-lazy-info=\"remove loading item 1\"\/><\/p>\n<p><img decoding=\"async\" alt=\"Mayra G\u00f3mez Kemp, en el extinto plat\u00f3 de '\u00a1Qu\u00e9 tiempo tan feliz!'.\" data-imgm=\"true\" height=\"180\" loading=\"lazy\"  src=\"https:\/\/www.europesays.com\/es\/wp-content\/uploads\/2025\/10\/1003743970459_259376070_1024x576.jpg\"  width=\"320\"\/><\/p>\n<p>                                                            Mayra G\u00f3mez Kemp, en el extinto plat\u00f3 de &#8216;\u00a1Qu\u00e9 tiempo tan feliz!&#8217;.<\/p>\n<p>                    Gtres<\/p>\n<p class=\"paragraph\" id=\"paragraph_4\">All\u00ed vivi\u00f3 la estrella de la televisi\u00f3n junto a su marido, <strong>Alberto Berco<\/strong>, hasta que \u00e9ste perdi\u00f3 la vida en enero de 2021. Seg\u00fan ha podido conocer <strong>EL ESPA\u00d1OL<\/strong>, este era el \u00fanico bien inmueble que Mayra pose\u00eda en ese edificio, si bien tambi\u00e9n dispon\u00eda de otro \u00ab<strong>estudio<\/strong>\u00bb por el mismo barrio.<\/p>\n<p class=\"paragraph\" id=\"paragraph_5\">\u00abEs una sola vivienda que tiene dos plantas, pero<strong> una \u00fanica entrada<\/strong>. Se han dicho muchas cosas que no son ciertas, como que ten\u00eda una casa de M\u00e1laga. Las propiedades de Mayra son dos: esta casa y el estudio\u00bb, explica una fuente de total solvencia. <\/p>\n<p class=\"paragraph\" id=\"paragraph_6\">G\u00f3mez Kemp no tuvo hijos en vida, pero hay dos personas, dos mujeres, que fueron capitales en su red afectiva, como unas hijas; las sinti\u00f3 como familia. Se trata de las hijas de su marido Alberto: <strong>Roxana<\/strong> y <strong>Viviana<\/strong>. Tal fue el v\u00ednculo que ellas son las herederas de la presentadora.<\/p>\n<p class=\"paragraph\" id=\"paragraph_7\">As\u00ed, Roxana y Viviana son las responsables de velar por su legado y, sobre todo, cuidar y proteger el patrimonio que le dej\u00f3 la eterna Mayra G\u00f3mez Kemp. A nivel patrimonial, conviene puntualizar, la comunicadora amas\u00f3 una discreta fortuna.<strong> La joya de la corona es la casa donde vivi\u00f3<\/strong>.<\/p>\n<p class=\"paragraph\" id=\"paragraph_8\">El pasado marzo, EL ESPA\u00d1OL se hizo eco de que las hijastras de Mayra hab\u00edan desalojado el inmueble, lo hab\u00edan vaciado con la intenci\u00f3n de darle una salida: alquilarlo o venderlo. <strong>Ellas viven en Argentina y tocaba ser pr\u00e1cticas<\/strong>. Han viajado a Espa\u00f1a puntualmente para los tr\u00e1mites.<\/p>\n<p class=\"paragraph\" id=\"paragraph_9\">Hace un tiempo se explic\u00f3 a este diario que G\u00f3mez Kemp dijo dicho a sus hijastras que se deshicieran de su casa. Este extremo, se conf\u00eda, preocupa a las hijastras de la presentadora, pues no quieren, bajo ning\u00fan concepto, que nadie entienda que se est\u00e1n <strong>extralimitando<\/strong>. <\/p>\n<p><img decoding=\"async\" alt=\"La presentadora, en una instant\u00e1nea captada en 2014.\" data-imgm=\"true\" height=\"1152\" loading=\"lazy\"  src=\"https:\/\/www.europesays.com\/es\/wp-content\/uploads\/2025\/10\/1003743970464_259376118_960x1706.jpg\"  width=\"648\"\/><\/p>\n<p>                                                            La presentadora, en una instant\u00e1nea captada en 2014.<\/p>\n<p>                    Gtres<\/p>\n<p class=\"paragraph\" id=\"paragraph_11\">Han seguido \u00ab<strong>a rajatabla<\/strong>\u00bb la \u00faltima voluntad de Mayra. Ten\u00eda una hermana, <strong>Georgina<\/strong>, pero este encargo supo en qui\u00e9n depositarlo. En otro orden de cosas, una de las fuentes con las que se contacta explica que la tambi\u00e9n actriz ya <strong>entreg\u00f3 en vida objetos y joyas de valor<\/strong>.<\/p>\n<p class=\"paragraph\" id=\"paragraph_12\">Volviendo a la casa de Arg\u00fcelles, \u00bfhan tomado alguna decisi\u00f3n Roxana y Viviana en este tiempo? <strong>S\u00ed y no<\/strong>. Han determinado, por un lado, que no quieren alquilarlo, detalla una fuente bien informada.<\/p>\n<p class=\"paragraph\" id=\"paragraph_13\">Sobre todo, por el \u00abtraj\u00edn\u00bb que supondr\u00eda, teniendo en cuenta que ellas viven en Argentina. As\u00ed pues, desean venderlo, pero a\u00fan no lo han hecho. La casa, pues, sigue cerrada a la espera de un potencial comprador. \u00ab<strong>Tienen claro que no quieren malvender<\/strong>\u00ab, apostillan.<\/p>\n<p class=\"paragraph\" id=\"paragraph_14\">EL ESPA\u00d1OL se ha desplazado a la calle donde vivi\u00f3 Mayra y, en un establecimiento gastron\u00f3mico cercano, la definen hoy como una mujer \u00ab<strong>s\u00faper amorosa<\/strong>, siempre ten\u00eda una buena palabra para todos. En sus \u00faltimos d\u00edas sal\u00eda poco, eso es verdad\u00bb.<\/p>\n<p>El \u00abpozo oscuro\u00bb de Mayra<\/p>\n<p class=\"paragraph\" id=\"paragraph_15\">Mayra <strong>viv\u00eda sola <\/strong>y, seg\u00fan relat\u00f3 entonces una de sus hijastras, <strong>Roxana<\/strong>, la artista se cay\u00f3 en casa. \u00ab<strong>Sabemos que se cay\u00f3<\/strong>,<strong> se golpe\u00f3 <\/strong>y que eso fue la causa de la muerte, pero no tenemos lujo de detalles\u00bb, manifest\u00f3 una de las hijas del esposo de Mayra.<\/p>\n<p class=\"paragraph\" data-mrf-recirculation=\"links-parrafos\" id=\"paragraph_16\">No se refer\u00eda Roxana al percance dom\u00e9stico que, d\u00edas antes de morir, sufri\u00f3 G\u00f3mez Kemp y por el que estuvo cerca de<a cmp-ltrk=\"links-parrafos\" cmp-ltrk-idx=\"2\" data-mrf-link=\"https:\/\/www.elespanol.com\/corazon\/famosos\/20241013\/historia-amor-mayra-gomez-kemp-alberto-berco-anos-union-encontro-sin-vida\/893160754_0.html\" href=\"https:\/\/www.elespanol.com\/corazon\/famosos\/20241013\/historia-amor-mayra-gomez-kemp-alberto-berco-anos-union-encontro-sin-vida\/893160754_0.html?utm_cmp_rs=linksinline\" mrfobservableid=\"0e9551eb-d1ee-4d85-8029-7a2caf18057d\" rel=\"nofollow noopener\" target=\"_blank\"><strong> 20 horas tirada en el suelo<\/strong> de su casa sin ser atendida<\/a>. De aquel rev\u00e9s se repuso y fue dada de alta. Pero el destino, fatal, le ten\u00eda a la presentadora un nuevo e <strong>irreversible final<\/strong>.<\/p>\n<p class=\"paragraph\" data-mrf-recirculation=\"links-parrafos\" id=\"paragraph_17\">Sabido es que la comunicadora<strong> no tuvo hijos<\/strong>, pero hall\u00f3 en la descendencia de su marido a las personas que la trataron y cuidaron como si fuera su madre. Mayra ejerci\u00f3 ese papel de progenitora. No s\u00f3lo esto, tambi\u00e9n hizo las veces de <strong>abuela<\/strong> cuando llegaron los nietos.<\/p>\n<p class=\"paragraph\" data-mrf-recirculation=\"links-parrafos\" id=\"paragraph_18\">\u00ab<strong>Era locura con los peque\u00f1os cada vez que iba a Buenos Aires<\/strong>\u00ab, se confi\u00f3 a EL ESPA\u00d1OL hace un tiempo. \u00abMayra era feliz y <strong>estaba llena con Roxana y Viviana<\/strong>. Hablaban mucho y Viviana estuvo en Madrid semanas antes de morir\u00bb.<\/p>\n<p class=\"paragraph\" data-mrf-recirculation=\"links-parrafos\" id=\"paragraph_19\">La tambi\u00e9n actriz y cantante ten\u00eda a muchas personas que la quer\u00edan. No pasaba un d\u00eda sin que su tel\u00e9fono sonara; <strong>los amigos siempre contaban con ella para visitarla o salir a comer<\/strong>. \u00abOtra cosa es que ella se encerrara en s\u00ed misma y ya no quisiera ver a nadie.<\/p>\n<p><img decoding=\"async\" alt=\"Mayra junto a su marido, Alberto Berco.\" data-imgm=\"true\" height=\"854\" loading=\"lazy\"  src=\"https:\/\/www.europesays.com\/es\/wp-content\/uploads\/2025\/10\/1003743970468_259376198_1280x1706.jpg\"  width=\"640\"\/><\/p>\n<p>                                                            Mayra junto a su marido, Alberto Berco.<\/p>\n<p>                    Gtres<\/p>\n<p class=\"paragraph\" data-mrf-recirculation=\"links-parrafos\" id=\"paragraph_21\">Cay\u00f3 en un pozo oscuro, como en depresi\u00f3n, con la muerte de Alberto. Tuvo picos y momentos buenos, pero<strong> nunca se repuso de la muerte de Alberto<\/strong>\u00ab, se asever\u00f3.<\/p>\n<p class=\"paragraph\" data-mrf-recirculation=\"links-parrafos\" id=\"paragraph_22\">Mayra toc\u00f3 fondo a nivel an\u00edmico y la ca\u00edda dom\u00e9stica que la llev\u00f3 al hospital merm\u00f3 sobremanera su estado. Pocas personas conocen que la artista ten\u00eda una hermana, Georgina, <strong>dos a\u00f1os mayor que ella<\/strong>, afincada en Estados Unidos.<\/p>\n<p class=\"paragraph\" data-mrf-recirculation=\"links-parrafos\" id=\"paragraph_23\">EL ESPA\u00d1OL conoci\u00f3, meses atr\u00e1s, que la relaci\u00f3n entre las hermanas era <strong>cordial<\/strong> en el tramo final. Tanto que Mayra \u00ab<strong>mir\u00f3 billetes en verano<\/strong>\u00bb para visitar a su hermana la pasada Navidad. Eso s\u00ed, esa cordialidad no siempre fue tal. \u00abEl a\u00f1o pasado tuvieron una <strong>pelea<\/strong>, un desacuerdo\u00bb, se sostuvo a EL ESPA\u00d1OL.<\/p>\n<p class=\"paragraph\" data-mrf-recirculation=\"links-parrafos\" id=\"paragraph_24\">Fue la relaci\u00f3n entre hermanas algo intermitente, pero, afortunadamente, prim\u00f3 siempre <strong>el cari\u00f1o y el amor<\/strong>.<\/p>\n","protected":false},"excerpt":{"rendered":"El pasado 13 de octubre de 2025 se cumplieron 365 d\u00edas desde que pereci\u00f3 una de las presentadoras&hellip;\n","protected":false},"author":2,"featured_media":183810,"comment_status":"","ping_status":"","sticky":false,"template":"","format":"standard","meta":{"footnotes":""},"categories":[91],"tags":[146,147,25,24,367,256,563,205,4809,10852,23],"class_list":{"0":"post-183809","1":"post","2":"type-post","3":"status-publish","4":"format-standard","5":"has-post-thumbnail","7":"category-entretenimiento","8":"tag-entertainment","9":"tag-entretenimiento","10":"tag-es","11":"tag-espana","12":"tag-familia","13":"tag-famosos","14":"tag-hijos","15":"tag-madrid","16":"tag-muertes","17":"tag-presentadores","18":"tag-spain"},"share_on_mastodon":{"url":"","error":""},"_links":{"self":[{"href":"https:\/\/www.europesays.com\/es\/wp-json\/wp\/v2\/posts\/183809","targetHints":{"allow":["GET"]}}],"collection":[{"href":"https:\/\/www.europesays.com\/es\/wp-json\/wp\/v2\/posts"}],"about":[{"href":"https:\/\/www.europesays.com\/es\/wp-json\/wp\/v2\/types\/post"}],"author":[{"embeddable":true,"href":"https:\/\/www.europesays.com\/es\/wp-json\/wp\/v2\/users\/2"}],"replies":[{"embeddable":true,"href":"https:\/\/www.europesays.com\/es\/wp-json\/wp\/v2\/comments?post=183809"}],"version-history":[{"count":0,"href":"https:\/\/www.europesays.com\/es\/wp-json\/wp\/v2\/posts\/183809\/revisions"}],"wp:featuredmedia":[{"embeddable":true,"href":"https:\/\/www.europesays.com\/es\/wp-json\/wp\/v2\/media\/183810"}],"wp:attachment":[{"href":"https:\/\/www.europesays.com\/es\/wp-json\/wp\/v2\/media?parent=183809"}],"wp:term":[{"taxonomy":"category","embeddable":true,"href":"https:\/\/www.europesays.com\/es\/wp-json\/wp\/v2\/categories?post=183809"},{"taxonomy":"post_tag","embeddable":true,"href":"https:\/\/www.europesays.com\/es\/wp-json\/wp\/v2\/tags?post=183809"}],"curies":[{"name":"wp","href":"https:\/\/api.w.org\/{rel}","templated":true}]}}