{"id":183815,"date":"2025-10-17T22:33:10","date_gmt":"2025-10-17T22:33:10","guid":{"rendered":"https:\/\/www.europesays.com\/es\/183815\/"},"modified":"2025-10-17T22:33:10","modified_gmt":"2025-10-17T22:33:10","slug":"san-sebastian-prohibe-fumar-en-las-playas-y-regula-el-acceso-de-mascotas","status":"publish","type":"post","link":"https:\/\/www.europesays.com\/es\/183815\/","title":{"rendered":"San Sebasti\u00e1n proh\u00edbe fumar en las playas y regula el acceso de mascotas"},"content":{"rendered":"<p>\n                    Publicado                 17\/10\/2025 &#8211; 13:48 CEST<br \/>\n                \u2022Ultima actualizaci\u00f3n<br \/>\n                                     14:05\n                                        <\/p>\n<p>          <img decoding=\"async\" class=\"c-ad__placeholder__logo\" src=\"https:\/\/static.euronews.com\/website\/images\/logos\/logo-euronews-stacked-outlined-72x72-grey-9.svg\" width=\"72\" height=\"72\" alt=\"\" loading=\"lazy\"\/><br \/>\n          PUBLICIDAD<\/p>\n<p>El Ayuntamiento de Donostia <a href=\"https:\/\/www.donostia.eus\/home.nsf\/0\/A1862E43652F0949C1258D2600353B32?OpenDocument&amp;idioma=cas\" target=\"_blank\" rel=\"noreferrer nofollow noopener\">ha puesto en marcha<\/a> el proceso para actualizar su Ordenanza de Uso y Aprovechamiento de Playas con el objetivo de convertir sus arenales en espacios m\u00e1s saludables, tranquilos y respetuosos con el medio ambiente. <\/p>\n<p>La medida m\u00e1s destacada es la <strong>prohibici\u00f3n total de fumar en las playas<\/strong>, una decisi\u00f3n respaldada por datos alarmantes: seg\u00fan un estudio de AZTI, <a href=\"https:\/\/es.euronews.com\/tag\/cigarrillo\" rel=\"nofollow noopener\" target=\"_blank\">las colillas<\/a> representan entre el 30% y el 50% de los residuos recogidos en las playas guipuzcoanas. <strong>Cada colilla puede contaminar entre 500 y 1.000 litros de agua de ma<\/strong>r y liberar sustancias t\u00f3xicas durante a\u00f1os.<\/p>\n<p>\u00abEsta actualizaci\u00f3n normativa <strong>da respuesta a una demanda social clara<\/strong> y busca mejorar la convivencia, la calidad ambiental y el bienestar colectivo\u00bb, ha se\u00f1alado \u00cd\u00f1igo Garc\u00eda, concejal delegado de Diversidad, Inclusi\u00f3n y Medio Ambiente. <\/p>\n<p>La medida se ampara en la Ley 7\/2022 de residuos y suelos contaminados, que habilita a los ayuntamientos a regular y sancionar el consumo de tabaco en las playas. Con esta iniciativa, <strong>San Sebasti\u00e1n se convertir\u00eda en la segunda localidad vasca en prohibir el tabaco en sus arenales, despu\u00e9s de Zarautz<\/strong>, cuya ordenanza entr\u00f3 en vigor el pasado 7 de octubre.<\/p>\n<p>Playas adaptadas a las mascotas y sin contaminaci\u00f3n ac\u00fastica<\/p>\n<p>La nueva normativa tambi\u00e9n introduce cambios significativos en el <strong>acceso de perros a las playas durante todo el a\u00f1o<\/strong>, adapt\u00e1ndose a la Ley Vasca de Protecci\u00f3n de los Animales Dom\u00e9sticos. Durante los meses de verano, <strong>los canes podr\u00e1n acceder a los arenales de 21:00 a 00:00<\/strong>, justo antes del inicio de las labores de limpieza con maquinaria municipal. Esta medida busca compatibilizar el uso recreativo de las playas con el bienestar animal y la convivencia ciudadana.<\/p>\n<p>Adem\u00e1s, el Ayuntamiento de <a href=\"https:\/\/es.euronews.com\/tag\/san-sebastian\" rel=\"nofollow noopener\" target=\"_blank\">San Sebasti\u00e1n<\/a> incorporar\u00e1 una <strong>regulaci\u00f3n espec\u00edfica sobre el uso de altavoces, reproductores de m\u00fasica y otros dispositivos sonoros<\/strong> en las playas. Hasta ahora solo exist\u00edan paneles informativos con recomendaciones, pero el aumento de estos aparatos ha hecho necesario establecer una norma clara para garantizar el bienestar ac\u00fastico y la tranquilidad de todos los usuarios.<\/p>\n<p>Proceso participativo y entrada en vigor<\/p>\n<p>El proceso de modificaci\u00f3n arrancar\u00e1 el pr\u00f3ximo lunes, 20 de octubre, con una <strong>consulta previa a la ciudadan\u00eda<\/strong> en la que cualquier persona, entidad o colectivo podr\u00e1 presentar sus aportaciones y sugerencias sobre la nueva regulaci\u00f3n. El largo proceso de tramitaci\u00f3n se prev\u00e9 culminar hacia junio de 2026, antes del inicio de la temporada playera.<\/p>\n<p>El Ayuntamiento ha advertido que <strong>el incumplimiento de las nuevas normas conllevar\u00e1 las sanciones correspondientes,<\/strong> conforme a la legislaci\u00f3n vigente. \u00abQueremos que nuestras playas sigan siendo un s\u00edmbolo de calidad ambiental y bienestar para todas y todos los donostiarras, y eso solo ser\u00e1 posible con la implicaci\u00f3n colectiva\u00bb, ha concluido Garc\u00eda.<\/p>\n","protected":false},"excerpt":{"rendered":"Publicado 17\/10\/2025 &#8211; 13:48 CEST \u2022Ultima actualizaci\u00f3n 14:05 PUBLICIDAD El Ayuntamiento de Donostia ha puesto en marcha el&hellip;\n","protected":false},"author":2,"featured_media":183816,"comment_status":"","ping_status":"","sticky":false,"template":"","format":"standard","meta":{"footnotes":""},"categories":[8],"tags":[17,18,35812,25,24,13,14,11,19,20,9,10,15,16,8515,776,51979,6086,23,12,21,22],"class_list":{"0":"post-183815","1":"post","2":"type-post","3":"status-publish","4":"format-standard","5":"has-post-thumbnail","7":"category-espana","8":"tag-breaking-news","9":"tag-breakingnews","10":"tag-donostia-san-sebastian","11":"tag-es","12":"tag-espana","13":"tag-featured-news","14":"tag-featurednews","15":"tag-headlines","16":"tag-latest-news","17":"tag-latestnews","18":"tag-news","19":"tag-noticias","20":"tag-noticias-destacadas","21":"tag-noticiasdestacadas","22":"tag-perro","23":"tag-playa","24":"tag-prohibido-fumar","25":"tag-san-sebastian","26":"tag-spain","27":"tag-titulares","28":"tag-ultimas-noticias","29":"tag-ultimasnoticias"},"share_on_mastodon":{"url":"","error":""},"_links":{"self":[{"href":"https:\/\/www.europesays.com\/es\/wp-json\/wp\/v2\/posts\/183815","targetHints":{"allow":["GET"]}}],"collection":[{"href":"https:\/\/www.europesays.com\/es\/wp-json\/wp\/v2\/posts"}],"about":[{"href":"https:\/\/www.europesays.com\/es\/wp-json\/wp\/v2\/types\/post"}],"author":[{"embeddable":true,"href":"https:\/\/www.europesays.com\/es\/wp-json\/wp\/v2\/users\/2"}],"replies":[{"embeddable":true,"href":"https:\/\/www.europesays.com\/es\/wp-json\/wp\/v2\/comments?post=183815"}],"version-history":[{"count":0,"href":"https:\/\/www.europesays.com\/es\/wp-json\/wp\/v2\/posts\/183815\/revisions"}],"wp:featuredmedia":[{"embeddable":true,"href":"https:\/\/www.europesays.com\/es\/wp-json\/wp\/v2\/media\/183816"}],"wp:attachment":[{"href":"https:\/\/www.europesays.com\/es\/wp-json\/wp\/v2\/media?parent=183815"}],"wp:term":[{"taxonomy":"category","embeddable":true,"href":"https:\/\/www.europesays.com\/es\/wp-json\/wp\/v2\/categories?post=183815"},{"taxonomy":"post_tag","embeddable":true,"href":"https:\/\/www.europesays.com\/es\/wp-json\/wp\/v2\/tags?post=183815"}],"curies":[{"name":"wp","href":"https:\/\/api.w.org\/{rel}","templated":true}]}}