{"id":183819,"date":"2025-10-17T22:35:08","date_gmt":"2025-10-17T22:35:08","guid":{"rendered":"https:\/\/www.europesays.com\/es\/183819\/"},"modified":"2025-10-17T22:35:08","modified_gmt":"2025-10-17T22:35:08","slug":"balonmano-division-de-honor-plata-la-resistencia-del-oar-otra-vez-a-prueba-frente-al-eivissa-en-casa","status":"publish","type":"post","link":"https:\/\/www.europesays.com\/es\/183819\/","title":{"rendered":"BALONMANO DIVISI\u00d3N DE HONOR PLATA La resistencia del OAR, otra vez a prueba frente al Eivissa en casa"},"content":{"rendered":"<p class=\"ft-text\">Nueva jornada de la Divisi\u00f3n de Honor Plata y nueva prueba de fuego para la solidez y el car\u00e1cter del <strong>Attica 21 OAR<\/strong>. La escuadra de Nando Gonz\u00e1lez recibe este s\u00e1bado en San Francisco Javier al <strong>Eivissa <\/strong>(20.00 horas), uno de los candidatos a luchar por el ascenso de aqu\u00ed a final de curso.<\/p>\n<p class=\"ft-text\">El equipo balear aterriza en A Coru\u00f1a como uno de los tres m\u00e1s goleadores de la categor\u00eda (161 tantos a favor, solo por detr\u00e1s del <strong>Cisne <\/strong>y el <strong>Burgos<\/strong>) y someter\u00e1 a examen a la zaga oarista que, a su vez, es una de las tres que menos encaja. Choque de din\u00e1micas y de alta tensi\u00f3n que har\u00e1 retumbar las paredes de un pabell\u00f3n con ganas de celebrar el cuarto triunfo coru\u00f1\u00e9s.<\/p>\n<p><a id=\"comments\" name=\"comments\" title=\"\" class=\"ft-anchor ft-anchor--absolute ft-helper-spacer-voffset-xlg\" rel=\"\"><\/a><\/p>\n","protected":false},"excerpt":{"rendered":"Nueva jornada de la Divisi\u00f3n de Honor Plata y nueva prueba de fuego para la solidez y el&hellip;\n","protected":false},"author":2,"featured_media":183820,"comment_status":"","ping_status":"","sticky":false,"template":"","format":"standard","meta":{"footnotes":""},"categories":[278],"tags":[376,168,8656,25,24,3419,375,5967,5972,2761,13398,23,167,1079],"class_list":{"0":"post-183819","1":"post","2":"type-post","3":"status-publish","4":"format-standard","5":"has-post-thumbnail","7":"category-balonmano","8":"tag-balonmano","9":"tag-deportes","10":"tag-division-de-honor-plata","11":"tag-es","12":"tag-espana","13":"tag-frente","14":"tag-handball","15":"tag-oar","16":"tag-oar-coruna","17":"tag-prueba","18":"tag-resistencia","19":"tag-spain","20":"tag-sports","21":"tag-vez"},"share_on_mastodon":{"url":"","error":""},"_links":{"self":[{"href":"https:\/\/www.europesays.com\/es\/wp-json\/wp\/v2\/posts\/183819","targetHints":{"allow":["GET"]}}],"collection":[{"href":"https:\/\/www.europesays.com\/es\/wp-json\/wp\/v2\/posts"}],"about":[{"href":"https:\/\/www.europesays.com\/es\/wp-json\/wp\/v2\/types\/post"}],"author":[{"embeddable":true,"href":"https:\/\/www.europesays.com\/es\/wp-json\/wp\/v2\/users\/2"}],"replies":[{"embeddable":true,"href":"https:\/\/www.europesays.com\/es\/wp-json\/wp\/v2\/comments?post=183819"}],"version-history":[{"count":0,"href":"https:\/\/www.europesays.com\/es\/wp-json\/wp\/v2\/posts\/183819\/revisions"}],"wp:featuredmedia":[{"embeddable":true,"href":"https:\/\/www.europesays.com\/es\/wp-json\/wp\/v2\/media\/183820"}],"wp:attachment":[{"href":"https:\/\/www.europesays.com\/es\/wp-json\/wp\/v2\/media?parent=183819"}],"wp:term":[{"taxonomy":"category","embeddable":true,"href":"https:\/\/www.europesays.com\/es\/wp-json\/wp\/v2\/categories?post=183819"},{"taxonomy":"post_tag","embeddable":true,"href":"https:\/\/www.europesays.com\/es\/wp-json\/wp\/v2\/tags?post=183819"}],"curies":[{"name":"wp","href":"https:\/\/api.w.org\/{rel}","templated":true}]}}