{"id":183825,"date":"2025-10-17T22:40:10","date_gmt":"2025-10-17T22:40:10","guid":{"rendered":"https:\/\/www.europesays.com\/es\/183825\/"},"modified":"2025-10-17T22:40:10","modified_gmt":"2025-10-17T22:40:10","slug":"paredes-acoge-el-final-del-circuito-btt-diputacion","status":"publish","type":"post","link":"https:\/\/www.europesays.com\/es\/183825\/","title":{"rendered":"Paredes acoge el final del circuito BTT Diputaci\u00f3n"},"content":{"rendered":"<p>El Circuito Provincial de BTT Diputaci\u00f3n de Palencia llega a su final este domingo en Paredes de Nava, donde la IV Cautivo Bike Race definir\u00e1 a los vencedores absolutos de la temporada 2025. Organizada por el Club Villa de Paredes con la colaboraci\u00f3n del Ayuntamiento local y el Servicio de Deportes de la Diputaci\u00f3n, la prueba reunir\u00e1 a unos 80 ciclistas en una jornada que combina deporte, naturaleza y promoci\u00f3n tur\u00edstica de la provincia.<\/p>\n<p>La salida est\u00e1 programada a las 10.00 horas desde la Plaza Mayor de Paredes de Nava. Los participantes podr\u00e1n elegir entre dos recorridos: uno corto de 30 kil\u00f3metros para disfrutar del entorno y otro largo de 61 kil\u00f3metros \u2013con 400 metros de desnivel positivo\u2013, que ser\u00e1 el \u00fanico puntuable para el circuito provincial. Las rutas atravesar\u00e1n paisajes emblem\u00e1ticos como la Ermita de Carejas, la Senda del Cautivo, la Ermita del Cristo en Becerril de Campos, y los montes de Perales, Cepuda y Marcelino, antes de regresar al municipio anfitri\u00f3n.<\/p>\n<p>Esta prueba llega tras la suspensi\u00f3n de las citas de Cervera de Pisuerga y Baltan\u00e1s, lo que ha motiv\u00f3 una leve modificaci\u00f3n del Reglamento del Circuito para adaptar las clasificaciones finales.\u00a0<\/p>\n<p>Las categor\u00edas en liza \u2013J\u00fanior, \u00c9lite\/Sub23, M\u00e1ster 30, M\u00e1ster 40, M\u00e1ster 50 y Femenina\u2013 se jugar\u00e1n el t\u00edtulo provincial en esta \u00faltima manga. Todos los premiados recibir\u00e1n su reconocimiento en el tradicional acto de entrega de trofeos, que se celebrar\u00e1 en las pr\u00f3ximas semanas.<\/p>\n","protected":false},"excerpt":{"rendered":"El Circuito Provincial de BTT Diputaci\u00f3n de Palencia llega a su final este domingo en Paredes de Nava,&hellip;\n","protected":false},"author":2,"featured_media":183826,"comment_status":"","ping_status":"","sticky":false,"template":"","format":"standard","meta":{"footnotes":""},"categories":[273],"tags":[21378,40171,29317,313,312,168,43510,25,24,1409,2949,23,167],"class_list":{"0":"post-183825","1":"post","2":"type-post","3":"status-publish","4":"format-standard","5":"has-post-thumbnail","7":"category-ciclismo","8":"tag-baltanas","9":"tag-becerril-de-campos","10":"tag-cervera-de-pisuerga","11":"tag-ciclismo","12":"tag-cycling","13":"tag-deportes","14":"tag-diputacion-de-palencia","15":"tag-es","16":"tag-espana","17":"tag-naturaleza","18":"tag-paredes-de-nava","19":"tag-spain","20":"tag-sports"},"share_on_mastodon":{"url":"","error":""},"_links":{"self":[{"href":"https:\/\/www.europesays.com\/es\/wp-json\/wp\/v2\/posts\/183825","targetHints":{"allow":["GET"]}}],"collection":[{"href":"https:\/\/www.europesays.com\/es\/wp-json\/wp\/v2\/posts"}],"about":[{"href":"https:\/\/www.europesays.com\/es\/wp-json\/wp\/v2\/types\/post"}],"author":[{"embeddable":true,"href":"https:\/\/www.europesays.com\/es\/wp-json\/wp\/v2\/users\/2"}],"replies":[{"embeddable":true,"href":"https:\/\/www.europesays.com\/es\/wp-json\/wp\/v2\/comments?post=183825"}],"version-history":[{"count":0,"href":"https:\/\/www.europesays.com\/es\/wp-json\/wp\/v2\/posts\/183825\/revisions"}],"wp:featuredmedia":[{"embeddable":true,"href":"https:\/\/www.europesays.com\/es\/wp-json\/wp\/v2\/media\/183826"}],"wp:attachment":[{"href":"https:\/\/www.europesays.com\/es\/wp-json\/wp\/v2\/media?parent=183825"}],"wp:term":[{"taxonomy":"category","embeddable":true,"href":"https:\/\/www.europesays.com\/es\/wp-json\/wp\/v2\/categories?post=183825"},{"taxonomy":"post_tag","embeddable":true,"href":"https:\/\/www.europesays.com\/es\/wp-json\/wp\/v2\/tags?post=183825"}],"curies":[{"name":"wp","href":"https:\/\/api.w.org\/{rel}","templated":true}]}}