{"id":183831,"date":"2025-10-17T22:43:10","date_gmt":"2025-10-17T22:43:10","guid":{"rendered":"https:\/\/www.europesays.com\/es\/183831\/"},"modified":"2025-10-17T22:43:10","modified_gmt":"2025-10-17T22:43:10","slug":"almeyda-ofrece-una-lista-de-24-para-recibir-al-mallorca-con-solo-una-novedad","status":"publish","type":"post","link":"https:\/\/www.europesays.com\/es\/183831\/","title":{"rendered":"Almeyda ofrece una lista de 24 para recibir al Mallorca con s\u00f3lo una novedad"},"content":{"rendered":"<p class=\"parrafo\">El entrenador del <strong>Sevilla FC<\/strong>, el argentino <strong>Mat\u00edas Almeyda<\/strong>, ha convocado a <strong>24 futbolistas<\/strong> para recibir este <strong>s\u00e1bado<\/strong> <strong>18 de octubre<\/strong> a partir de las <strong>14:00 horas<\/strong> al <strong>RCD Mallorca<\/strong>, cita marcada por la pol\u00e9mica de manera externa al <a href=\"https:\/\/www.estadiodeportivo.com\/futbol\/sevilla-fc\/problema-serio-con-horario-del-sevilla-mallorca-enfado-con-laliga-20251015-516471.html\" target=\"_blank\" class=\"intext-link\" rel=\"nofollow noopener\">no cambiar LaLiga su franja pese a las altas temperaturas que se esperan en la capital hispalense<\/a>, por encima de los <strong>30 grados<\/strong> ya inmersos en la segunda quincena del antepen\u00faltimo mes de <strong>2025<\/strong>. Buscar\u00e1n los nervionenses su tercera victoria consecutiva, que reforzar\u00eda su nueva vitola de posible aspirante a <strong>Europa<\/strong>, aunque prefieren en el <strong>Ram\u00f3n S\u00e1nchez-Pizju\u00e1n<\/strong> ir paso a paso, sin lanzar las campanas al vuelo de manera precipitada.<\/p>\n<p>Noticias Relacionadas<\/p>\n<p class=\"parrafo\">En el cap\u00edtulo estrictamente deportivo, no ha habido contingencias durante el \u00e9xodo de internacionales, m\u00e1s all\u00e1 de que <a href=\"https:\/\/www.estadiodeportivo.com\/futbol\/sevilla-fc\/akor-adams-recupera-tiempo-perdido-20251017-516735.html\" target=\"_blank\" class=\"intext-link\" rel=\"nofollow noopener\">Akor Adams lleg\u00f3 el \u00faltimo y se ejercit\u00f3 aparte del grupo el jueves<\/a>, por lo que, cansancio aparte, el &#8216;<strong>Pelado<\/strong>&#8216; podr\u00e1 contar con todos los que se marcharon con sus selecciones, casos de los porteros <strong>Vlachodimos<\/strong> y <strong>Nyland<\/strong>, el lateral zurdo <strong>Suazo<\/strong>, los mediocentros <strong>Gudelj <\/strong>y <strong>Sow<\/strong>, m\u00e1s el extremo y mediapunta <strong>Vargas<\/strong> y el ariete nigeriano. Seguir\u00e1n en el dique seco, al menos una jornada m\u00e1s, el tambi\u00e9n estilete <strong>Alfon<\/strong><strong> Gonz\u00e1lez<\/strong>, el central <strong>Tanguy Nianzou<\/strong> y el pivote <strong>Joan Jord\u00e1n<\/strong>. Llega a tiempo <strong>Adnan Januzaj<\/strong>, restablecido de sus molestias de tobillo, quien ya forzara ante el <strong>Bar\u00e7a<\/strong>, cuando tambi\u00e9n pudo ser de la partida el zaguero <strong>Kike Salas<\/strong>. Las \u00fanicas bajas por decisi\u00f3n t\u00e9cnica ser\u00e1n las de <strong>Andr\u00e9s Castr\u00edn <\/strong>(vuelve al filial esta semana) y el cancerbero <strong>\u00c1lvaro Fern\u00e1ndez<\/strong>, que no cuenta para el entrenador y deber\u00e1 buscar una salida de nuevo en enero.<\/p>\n<p><a class=\"elementos-rel-t2\" href=\"https:\/\/www.estadiodeportivo.com\/futbol\/mallorca\/baja-ultima-hora-mallorca-antes-visitar-sevilla-20251017-516796.html\" title=\"Baja de \u00faltima hora en el R.C.D. Mallorca antes de visitar al Sevilla FC\" rel=\"nofollow noopener\" target=\"_blank\">Baja de \u00faltima hora en el R.C.D. Mallorca antes de visitar al Sevilla FC<img decoding=\"async\" src=\"https:\/\/www.europesays.com\/es\/wp-content\/uploads\/2025\/10\/9167c60e-a6e9-4b73-a9f4-86bf08fc5bd4_320x180.jpeg\" alt=\"Baja de \u00faltima hora en el R.C.D. Mallorca antes de visitar al Sevilla FC\"\/><\/a><a class=\"elementos-rel-t2\" href=\"https:\/\/www.estadiodeportivo.com\/futbol\/mallorca\/candidato-rival-mallorca-arrasate-visita-mejor-sevilla-con-mensaje-para-almeyda-sorprende-20251017-516770.html\" title=\"De candidato a rival, el Mallorca de Arrasate visita &quot;al mejor Sevilla&quot; con mensaje para Almeyda: &quot;No me sorprende&quot;     \" rel=\"nofollow noopener\" target=\"_blank\">De candidato a rival, el Mallorca de Arrasate visita \u00abal mejor Sevilla\u00bb con mensaje para Almeyda: \u00abNo me sorprende\u00bb     <img decoding=\"async\" src=\"https:\/\/www.europesays.com\/es\/wp-content\/uploads\/2025\/10\/2edccdfa-6c52-4cc6-8739-e0b1949e1463_320x180.jpeg\" alt=\"De candidato a rival, el Mallorca de Arrasate visita &quot;al mejor Sevilla&quot; con mensaje para Almeyda: &quot;No me sorprende&quot;     \"\/><\/a><a class=\"elementos-rel-t2\" href=\"https:\/\/www.estadiodeportivo.com\/futbol\/sevilla-fc\/almeyda-rechaza-idea-con-juanlu-haria-experimento-20251017-516754.html\" title=\"Almeyda rechaza la idea de Garc\u00eda Pimienta con Juanlu: &quot;No, no. Har\u00eda un experimento&quot;\" rel=\"nofollow noopener\" target=\"_blank\">Almeyda rechaza la idea de Garc\u00eda Pimienta con Juanlu: \u00abNo, no. Har\u00eda un experimento\u00bb<img decoding=\"async\" src=\"https:\/\/www.europesays.com\/es\/wp-content\/uploads\/2025\/10\/1ee00e1d-e235-4119-8bd6-4f296726681e_320x180.jpeg\" alt=\"Almeyda rechaza la idea de Garc\u00eda Pimienta con Juanlu: &quot;No, no. Har\u00eda un experimento&quot;\"\/><\/a>La lista completa de convocados de Almeyda para el Sevilla &#8211; Mallorca<\/p>\n<p class=\"parrafo\">La n\u00f3mina de citados para el primer compromiso tras el segundo par\u00f3n de selecciones del curso es la conformada por: los guardametas <strong>\u00d6rjan Nyland<\/strong>, <strong>Odysseas Vlachodimos<\/strong> y <strong>Alberto Flores<\/strong>; los defensas <strong>Jos\u00e9 \u00c1ngel Carmona<\/strong>, <strong>Juanlu<\/strong> <strong>S\u00e1nchez<\/strong>, <strong>C\u00e9sar<\/strong> <strong>Azpilicueta<\/strong>, <strong>Marcao<\/strong> <strong>Teixeira<\/strong>, <strong>F\u00e1bio<\/strong> <strong>Cardoso<\/strong>, <strong>Ram\u00f3n<\/strong> <strong>Mart\u00ednez<\/strong>, <strong>Kike Salas<\/strong>, <strong>Gabriel<\/strong> <strong>Suazo<\/strong> y <strong>Joaqu\u00edn<\/strong> <strong>Mart\u00ednez<\/strong> &#8216;<strong>Oso<\/strong>&#8216;; los centrocampistas <strong>Nemanja<\/strong> <strong>Gudelj<\/strong>, <strong>Lucien<\/strong> <strong>Agoum\u00e9<\/strong>, <strong>Batista<\/strong> <strong>Mendy<\/strong>, <strong>Djibril<\/strong> <strong>Sow<\/strong>, <strong>Manu<\/strong> <strong>Bueno<\/strong>, <strong>Adnan<\/strong> <strong>Januzaj<\/strong>, <strong>Rub\u00e9n<\/strong> <strong>Vargas<\/strong>, <strong>Chidera<\/strong> <strong>Ejuke <\/strong>y &#8216;<strong>Peque<\/strong>&#8216; <strong>Fern\u00e1ndez<\/strong>; as\u00ed como los delanteros <strong>Alexis<\/strong> <strong>S\u00e1nchez<\/strong>, <strong>Isaac<\/strong> <strong>Romero<\/strong> y <strong>Akor<\/strong> <strong>Adams<\/strong>. El \u00fanico apercibido de sanci\u00f3n, de forma sorprendente pues suele ser un recurso desde el banquillo, el <strong>Gerard Fern\u00e1ndez<\/strong>, mientras que el pivote ex del <strong>Inter de Mil\u00e1n<\/strong> ha visto tres amarillas en el torneo dom\u00e9stico y entrar\u00eda en ese peligroso apartado de recibir otra ante los baleares.<\/p>\n<p><img decoding=\"async\" src=\"https:\/\/www.europesays.com\/es\/wp-content\/uploads\/2025\/10\/3e607c93-f2a1-4ef3-abf8-770c876cfe3b_800x800.png\" loading=\"lazy\"\/><\/p>\n","protected":false},"excerpt":{"rendered":"El entrenador del Sevilla FC, el argentino Mat\u00edas Almeyda, ha convocado a 24 futbolistas para recibir este s\u00e1bado&hellip;\n","protected":false},"author":2,"featured_media":183832,"comment_status":"","ping_status":"","sticky":false,"template":"","format":"standard","meta":{"footnotes":""},"categories":[268],"tags":[168,25,24,284,280,282,2991,13752,2993,281,23,167],"class_list":{"0":"post-183831","1":"post","2":"type-post","3":"status-publish","4":"format-standard","5":"has-post-thumbnail","7":"category-futbol","8":"tag-deportes","9":"tag-es","10":"tag-espana","11":"tag-estadio-deportivo","12":"tag-football","13":"tag-futbol","14":"tag-matias-almeyda","15":"tag-rcd-mallorca","16":"tag-sevilla-futbol-club","17":"tag-soccer","18":"tag-spain","19":"tag-sports"},"share_on_mastodon":{"url":"","error":""},"_links":{"self":[{"href":"https:\/\/www.europesays.com\/es\/wp-json\/wp\/v2\/posts\/183831","targetHints":{"allow":["GET"]}}],"collection":[{"href":"https:\/\/www.europesays.com\/es\/wp-json\/wp\/v2\/posts"}],"about":[{"href":"https:\/\/www.europesays.com\/es\/wp-json\/wp\/v2\/types\/post"}],"author":[{"embeddable":true,"href":"https:\/\/www.europesays.com\/es\/wp-json\/wp\/v2\/users\/2"}],"replies":[{"embeddable":true,"href":"https:\/\/www.europesays.com\/es\/wp-json\/wp\/v2\/comments?post=183831"}],"version-history":[{"count":0,"href":"https:\/\/www.europesays.com\/es\/wp-json\/wp\/v2\/posts\/183831\/revisions"}],"wp:featuredmedia":[{"embeddable":true,"href":"https:\/\/www.europesays.com\/es\/wp-json\/wp\/v2\/media\/183832"}],"wp:attachment":[{"href":"https:\/\/www.europesays.com\/es\/wp-json\/wp\/v2\/media?parent=183831"}],"wp:term":[{"taxonomy":"category","embeddable":true,"href":"https:\/\/www.europesays.com\/es\/wp-json\/wp\/v2\/categories?post=183831"},{"taxonomy":"post_tag","embeddable":true,"href":"https:\/\/www.europesays.com\/es\/wp-json\/wp\/v2\/tags?post=183831"}],"curies":[{"name":"wp","href":"https:\/\/api.w.org\/{rel}","templated":true}]}}