{"id":183837,"date":"2025-10-17T22:46:12","date_gmt":"2025-10-17T22:46:12","guid":{"rendered":"https:\/\/www.europesays.com\/es\/183837\/"},"modified":"2025-10-17T22:46:12","modified_gmt":"2025-10-17T22:46:12","slug":"la-literatura-abandona-la-intimidad","status":"publish","type":"post","link":"https:\/\/www.europesays.com\/es\/183837\/","title":{"rendered":"La literatura abandona la intimidad"},"content":{"rendered":"<p><a class=\"v-mdl-ath__fig-a\" href=\"https:\/\/www.lasprovincias.es\/autor\/moises-rodriguez-838.html\" title=\"Mois\u00e9s Rodr\u00edguez\" rel=\"nofollow noopener\" target=\"_blank\"><br \/>\n<img decoding=\"async\" class=\"v-mdl-ath__img\" src=\"https:\/\/www.europesays.com\/es\/wp-content\/uploads\/2025\/10\/autor-838-foto-2.jpeg\" alt=\"Mois\u00e9s Rodr\u00edguez\"\/><br \/>\n<\/a><\/p>\n<p class=\"v-mdl-ath__p v-mdl-ath__p--6\">\nS\u00e1bado, 18 de octubre 2025, 00:37<\/p>\n<p class=\"v-p\">Leer ha dejado de ser una actividad \u00edntima e individual, al menos en parte. \u00abHace a\u00f1os ve\u00edamos las <a href=\"https:\/\/www.lasprovincias.es\/culturas\/libros\/nueva-york-valencia-funciona-reading-party-20250620005325-nt.html\" target=\"_self\" data-voc-vtm-id=\"in-text-traffic\" title=\"&#039;reading party&#039;en las series sobre Nueva York\" data-mrf-link=\"www.lasprovincias.es\" rel=\"nofollow noopener\">&#8216;reading party&#8217;en las series sobre Nueva York<\/a> como algo muy raro. Ahora han llegado a Valencia, y lo extra\u00f1o es que haya una librer\u00eda o una biblioteca municipal que no organice un club de lectura, incluso varios\u00bb, reflexiona Santiago \u00c1lvarez. \u00c9l reconoce que ha crecido entre libros y que, por lo tanto, cualquier actividad relacionada con la literatura le atrae. Por eso escribe, est\u00e1 al frente de tres festivales (Valencia Negra, X\u00e0bia Negra y Torrent Hist\u00f3rica), y coordina cuatro clubes de lectura: \u00abNo es por echarme flores, pero esa figura es fundamental\u00bb.<\/p>\n<p class=\"v-p\">Pone un ejemplo: el del reci\u00e9n llegado que se pasa tres o cuatro sesiones sin hablar m\u00e1s que para el saludo inicial y el de la despedida. \u00abY cuando al fin interviene es la persona que m\u00e1s aporta de todo el grupo. Los clubes de lectura son un elemento socializador porque suelen generarse amistades m\u00e1s all\u00e1 de las reuniones\u00bb, incide Santiago \u00c1lvarez. Valencia ha tejido una especie de movimiento en torno a los libros, algo que podr\u00edamos llamar literatura de proximidad: aficionados y autores, tambi\u00e9n libreros y editores, que han conformado una comunidad donde los clubes son una pieza fundamental. \u00abFormamos parte de un territorio asociacionista, mira por ejemplo las comisiones falleras\u00bb, apunta Santiago \u00c1lvarez, a lo que podr\u00edan a\u00f1adirse otros ejemplos, como las agrupaciones en un movimiento de masas, que podr\u00eda parecer individual pero no lo es tanto, como el running.<\/p>\n<p>IV\u00c1N ARLANDIS\/LP\/IRENE MARSILLA<\/p>\n<p><img decoding=\"async\" loading=\"lazy\" src=\"https:\/\/www.europesays.com\/es\/wp-content\/uploads\/2025\/10\/reading party-U24310264883RXy-1200x841@Las Provincias.jpg\" class=\"v-mdl__img-z\" width=\"1200\" height=\"841\" alt=\"Imagen principal - La literatura abandona la intimidad\"\/><\/p>\n<p><img decoding=\"async\" loading=\"lazy\" src=\"https:\/\/www.europesays.com\/es\/wp-content\/uploads\/2025\/10\/Cena Literaria con Rosario Raro-U05457031605QVa-1200x851@Las Provincias.jpg\" class=\"v-mdl__img-z\" width=\"1200\" height=\"851\" alt=\"Imagen secundaria 1 - La literatura abandona la intimidad\"\/><\/p>\n<p><img decoding=\"async\" loading=\"lazy\" src=\"https:\/\/www.europesays.com\/es\/wp-content\/uploads\/2025\/10\/PHOTO-2025-10-08-12-11-59-U71847186513xGk-711x841@Las Provincias.jpg\" class=\"v-mdl__img-z\" width=\"711\" height=\"841\" alt=\"Imagen secundaria 2 - La literatura abandona la intimidad\"\/><\/p>\n<p class=\"v-p\">Un club de lectura b\u00e1sicamente consiste en leer un libro y quedar un d\u00eda a comentarlo. Cambia mucho que no acuda el autor, respecto a que est\u00e9 presente. \u00abPersonalmente me gustan m\u00e1s los clubes que las presentaciones, porque ah\u00ed no tengo que &#8216;vender&#8217; la obra. Y tambi\u00e9n puede pasar que venga alguien que no se lo ha le\u00eddo y que despu\u00e9s de la charla decida comprarlo, buscar uno de los anteriores, o animarse cuando dos a\u00f1os despu\u00e9s publicas el siguiente\u00bb, comenta Javier Alandes, que est\u00e1 en plena promoci\u00f3n de su novela &#8216;El rey de bronce&#8217;. <\/p>\n<p class=\"v-p\">\u00abA m\u00ed son eventos que me enriquecen, porque si se crea un clima de confianza y se acogen bien, puedes aprender mucho de las opiniones de los lectores\u00bb, indica el autor valenciano. Los clubes de lectura suelen ser presenciales, aunque tambi\u00e9n hay online. En cuanto a los primeros, lo habitual es que al finalizar el autor dedique unos minutos al final para dedicar la obra a los presentes que lo requieran.<\/p>\n<p class=\"v-p\">Los clubes de lectura en Valencia \u2013y ya si hablamos de fuera de la ciudad, a\u00fan m\u00e1s\u2013 han proliferado como setas. Los hay de todos tipos, y son un caladero perfecto para los autores, tanto los de la Comunitat, como los de otras partes de Espa\u00f1a. Hay p\u00fablicos y otros organizados de forma privada, por ejemplo el que alberga el club de tenis Penyacanyada. Uno de este tipo, Plumas y Cubiertos, tiene una peculiaridad: que cuando un escritor ha acudido en tres ocasiones le regalan una pluma serigrafiada con su nombre. \u00abSoy el \u00fanico junto a Santiago D\u00edaz (exitoso autor de novela negra) que lo tiene por el momento\u00bb, comenta con un \u00e1pice de orgullo Javier Alandes. Ambas organizaciones han sido pioneras en darle una vuelta de tuerca a este tipo de eventos: la reuni\u00f3n se celebra alrededor de una mesa y mantel, con una cena. <\/p>\n<p class=\"v-p\">\u00abAl final se genera un clima en el que te relajas, y ya no s\u00f3lo se habla del libro, tambi\u00e9n de otros aspectos como cu\u00e1ndo escribimos, el m\u00e9todo&#8230;\u00bb, indica Alandes. Esta tendencia ha derivado en otra: primero eventos para directamente tomar algo con el autor en cuesti\u00f3n y, finalmente, cenas. Esto es algo que se celebra desde hace alg\u00fan tiempo en Elche: \u00abPero hay mucha gente, a veces acuden 200 personas, y creo que pierde un poco la esencia\u00bb.<\/p>\n<p class=\"v-p\">Susana Alfonso, otra apasionada de la literatura que ha hecho de los libros su profesi\u00f3n, impuls\u00f3 en la primavera de este a\u00f1o las cenas con autores. En este oto\u00f1o literario va a retomar la iniciativa el jueves 23 de octubre, a las 21:30 horas en Ubik Caf\u00e9. La invitada ser\u00e1 la escritora valenciana Bego\u00f1a Valero, autora de &#8216;Un testigo llamado Cervantes&#8217; (Sargantana) y que charlar\u00e1 sobre su nueva novela, de nuevo publicada de la mano de la editorial que acaba de celebrar su d\u00e9cimo aniversario. \u00abEsta idea surge de que como lectora me gusta esa cercan\u00eda con los escritores, de generar oportunidad de hablar con ellos y no de su \u00faltima obra publicada\u00bb, se\u00f1ala Alfonso: \u00abMe ha pasado que he acudido a presentaciones y despu\u00e9s me han invitado a ir a cenar en un peque\u00f1o grupo con autores. Normalmente esos momentos han sido muy enriquecedores, y se me ocurri\u00f3 impulsarlo, pero con no m\u00e1s de 30 personas\u00bb.<\/p>\n<p class=\"v-p\">Antes de verano Javier Alandes, Rosario Raro y Mamen Monsoriu. Estos tres autores son valencianos, pero cada vez son m\u00e1s los escritores del panorama nacional, como el mencionado Santiago D\u00edaz o V\u00edctor del \u00c1rbol, habituales en estos tipos de eventos en Valencia. \u00abFomentar todos estos encuentros sirve para acercar al autor y al lector, generar comunidad. Es un impulso a seguir apostando por los libros de papel. Cuando alguien que idolatramos est\u00e1 delante de nosotros, se hace tangible y alcanzable, eso favorece que la admiraci\u00f3n crezca\u00bb, se\u00f1ala Mamen Monsoriu, otra persona que lo es todo en el panorama literario de esta ciudad. <\/p>\n<p><a href=\"http:\/\/www.lasprovincias.es\/culturas\/libros\/renuncia-ferran-torrent-premio-institucional-hicieron-albert-20251015123231-nt.html#vtm_modulosEngag=mod-rel:culturas:noticia:1:cmp:1-not\" class=\"v-a-link\" aria-label=\"Imagen\" rel=\"nofollow noopener\" target=\"_blank\"><\/p>\n<p><img decoding=\"async\" loading=\"lazy\" src=\"https:\/\/www.europesays.com\/es\/wp-content\/uploads\/2025\/10\/newspaint-1760522990273-1200x840-kfbH--366x256@Las Provincias.jpg\" class=\"v-a-img\" width=\"258\" height=\"180\" alt=\"\" data-voc-vtm-id=\"in-text-traffic\"\/><\/p>\n<p><\/a><\/p>\n<p class=\"v-p\">Librera \u2013regenta &#8216;Imperio&#8217;, en Russafa\u2013, tambi\u00e9n es escritora y ahora est\u00e1 en promoci\u00f3n de su novela &#8216;La Segunda&#8217;. Esta misma semana ha participado en otro encuentro con lectores, con los que comparti\u00f3 un verm\u00fa en el restaurante El Muelle. La propia Monsoriu impulsa varios clubes de lectura y presentaciones de libros en su establecimiento. \u00abYo creo que este concepto de crear comunidad es important\u00edsimo, tanto para los lectores como el negocio\u00bb, asevera.<\/p>\n<p class=\"v-p\">Hay otra oferta de literatura en colectivo que tambi\u00e9n est\u00e1 proliferando en Valencia, que son las &#8216;reading party&#8217;. Esto no es nada m\u00e1s \u2013o nada menos\u2013 que generar un espacio confortable con oferta de consumici\u00f3n (normalmente el sal\u00f3n de un hotel) donde gente desconocida se re\u00fane a leer, cada uno su libro. \u00abEs interesante porque es otra forma de socializar, y de conocer la obra que est\u00e1 consumiendo una persona que tienes al lado. Puede servir para hacer amistades, o para descubrir autores\u00bb, se\u00f1ala Susana Alfonso. Una vuelta de tuerca a la literatura en plural son las visitas guiadas en novelas que discurren por Valencia. \u00abYo esto lo he organizado, pero es m\u00e1s complejo\u00bb, admite Santiago \u00c1lvarez. El escritor, en este caso, debe tener alma de gu\u00eda tur\u00edstico.<\/p>\n<p>Reporta un error<\/p>\n<p class=\"v-crt__t\"> L\u00edmite de sesiones alcanzadas<\/p>\n<p class=\"v-crt__p\">El acceso al contenido Premium est\u00e1 abierto por cortes\u00eda del establecimiento donde te encuentras, pero ahora mismo hay demasiados usuarios conectados a las vez.<\/p>\n<p class=\"v-crt__p\">Por favor, int\u00e9ntalo pasados unos minutos.<\/p>\n<p>\nVolver a intentar\n<\/p>\n<p class=\"v-crt__t\">Sesi\u00f3n cerrada<\/p>\n<p class=\"v-crt__p\">Al iniciar sesi\u00f3n desde un dispositivo distinto, por seguridad, se cerr\u00f3 la \u00faltima sesi\u00f3n en este.<\/p>\n<p class=\"v-crt__p\">Para continuar disfrutando de su suscripci\u00f3n digital, inicie sesi\u00f3n en este dispositivo.<\/p>\n<p>\nEste contenido es exclusivo para suscriptores\n<\/p>\n<p class=\"text\">\u00bfTienes una suscripci\u00f3n? <a href=\"https:\/\/secure.lasprovincias.es\/login\/login.html#vca=suscribete&amp;vso=lasprovincias&amp;vmc=on&amp;vli=cdn-ce-link-login\" class=\"login\" data-voc-vtm-id=\"comienzoSuscripcionON\" data-voc-vtm-info=\"cdn-ce-link-login\" rel=\"nofollow noopener\" target=\"_blank\">Inicia sesi\u00f3n<\/a><\/p>\n","protected":false},"excerpt":{"rendered":"S\u00e1bado, 18 de octubre 2025, 00:37 Leer ha dejado de ser una actividad \u00edntima e individual, al menos&hellip;\n","protected":false},"author":2,"featured_media":183838,"comment_status":"","ping_status":"","sticky":false,"template":"","format":"standard","meta":{"footnotes":""},"categories":[172],"tags":[2302,224,146,147,25,24,30849,225,671,23],"class_list":{"0":"post-183837","1":"post","2":"type-post","3":"status-publish","4":"format-standard","5":"has-post-thumbnail","7":"category-libros","8":"tag-abandona","9":"tag-books","10":"tag-entertainment","11":"tag-entretenimiento","12":"tag-es","13":"tag-espana","14":"tag-intimidad","15":"tag-libros","16":"tag-literatura","17":"tag-spain"},"share_on_mastodon":{"url":"","error":""},"_links":{"self":[{"href":"https:\/\/www.europesays.com\/es\/wp-json\/wp\/v2\/posts\/183837","targetHints":{"allow":["GET"]}}],"collection":[{"href":"https:\/\/www.europesays.com\/es\/wp-json\/wp\/v2\/posts"}],"about":[{"href":"https:\/\/www.europesays.com\/es\/wp-json\/wp\/v2\/types\/post"}],"author":[{"embeddable":true,"href":"https:\/\/www.europesays.com\/es\/wp-json\/wp\/v2\/users\/2"}],"replies":[{"embeddable":true,"href":"https:\/\/www.europesays.com\/es\/wp-json\/wp\/v2\/comments?post=183837"}],"version-history":[{"count":0,"href":"https:\/\/www.europesays.com\/es\/wp-json\/wp\/v2\/posts\/183837\/revisions"}],"wp:featuredmedia":[{"embeddable":true,"href":"https:\/\/www.europesays.com\/es\/wp-json\/wp\/v2\/media\/183838"}],"wp:attachment":[{"href":"https:\/\/www.europesays.com\/es\/wp-json\/wp\/v2\/media?parent=183837"}],"wp:term":[{"taxonomy":"category","embeddable":true,"href":"https:\/\/www.europesays.com\/es\/wp-json\/wp\/v2\/categories?post=183837"},{"taxonomy":"post_tag","embeddable":true,"href":"https:\/\/www.europesays.com\/es\/wp-json\/wp\/v2\/tags?post=183837"}],"curies":[{"name":"wp","href":"https:\/\/api.w.org\/{rel}","templated":true}]}}