{"id":183839,"date":"2025-10-17T22:47:22","date_gmt":"2025-10-17T22:47:22","guid":{"rendered":"https:\/\/www.europesays.com\/es\/183839\/"},"modified":"2025-10-17T22:47:22","modified_gmt":"2025-10-17T22:47:22","slug":"telecinco-anuncia-la-emision-de-nuevos-capitulos-de-la-que-se-avecina","status":"publish","type":"post","link":"https:\/\/www.europesays.com\/es\/183839\/","title":{"rendered":"Telecinco anuncia la emisi\u00f3n de nuevos cap\u00edtulos de &#8216;La que se avecina&#8217;"},"content":{"rendered":"<p><a class=\"v-mdl-ath__fig-a\" href=\"https:\/\/www.lasprovincias.es\/autor\/andoni-torres-493.html\" title=\"Andoni Torres\" rel=\"nofollow noopener\" target=\"_blank\"><br \/>\n<img decoding=\"async\" class=\"v-mdl-ath__img\" src=\"https:\/\/www.europesays.com\/es\/wp-content\/uploads\/2025\/10\/autor-493-foto-2.jpeg\" alt=\"Andoni Torres\"\/><br \/>\n<\/a><\/p>\n<p class=\"v-mdl-ath__p v-mdl-ath__p--6\">\nViernes, 17 de octubre 2025, 20:09<\/p>\n<p>| Actualizado 20:56h.<\/p>\n<p class=\"v-p\">Buenas noticias para los seguidores de <a href=\"https:\/\/www.lasprovincias.es\/culturas\/tv\/avecina-llora-muerte-actor-carismatico-20250729172054-nt.html\" target=\"_blank\" title=\"www.lasprovincias.es\" data-voc-vtm-id=\"in-text-traffic\" data-mrf-link=\"www.lasprovincias.es\" rel=\"nofollow noopener\">&#8216;La que se avecina&#8217;<\/a>. Telecinco ha anunciado la emisi\u00f3n de nuevos cap\u00edtulos de LQSA. Se trata, en realidad, de los episodios de la temporada 14 de la serie ya emitidos en la plataforma Prime Video.<\/p>\n<p class=\"v-p\">Telecinco program\u00f3 el primer cap\u00edtulo de la temporada 14 en noviembre de 2023, que despu\u00e9s pas\u00f3 a emitirse en exclusiva en Prime Video. Ahora, casi dos a\u00f1os despu\u00e9s, los fans de la serie podr\u00e1n ver en abierto la tanda completa de episodios.<\/p>\n<p class=\"v-p\">La cadena de Mediaset no ha concretado a\u00fan la fecha exacta del estreno de los nuevos cap\u00edtulos, aunque adelanta que ser\u00e1 \u00abmuy pronto\u00bb. En el v\u00eddeo de promoci\u00f3n, Amador Rivas y Agust\u00edn Gordillo van a la consulta del m\u00e9dico donde el &#8216;cuqui&#8217; recibe una importante noticia: \u00abTu cr\u00e1neo est\u00e1 lleno principalmente de l\u00edquido cefalorraqu\u00eddeo. Le falta m\u00e1s o menos el 90% del cerebro normal\u00bb.<\/p>\n<p class=\"v-p\">No es m\u00e1s que una de las hilarantes escenas de la temporada 14 de LQSA. En ella, los Recio estrenan pescader\u00eda y van lanzados a recuperar su imperio. Sin embargo, la marquesa pondr\u00e1 todo su empe\u00f1o en desahuciarles del local de su hermana y hacerles fracasar.<\/p>\n<p><a href=\"http:\/\/www.lasprovincias.es\/culturas\/tv\/adios-definitivo-personajes-queridos-avecina-descansa-paz-20250604210735-nt.html#vtm_modulosEngag=mod-rel:culturas:noticia:1:cmp:1-not\" class=\"v-a-link\" aria-label=\"Imagen\" rel=\"nofollow noopener\" target=\"_blank\"><\/p>\n<p><img decoding=\"async\" loading=\"lazy\" src=\"https:\/\/www.europesays.com\/es\/wp-content\/uploads\/2025\/10\/lqsa-jpg-kWEE--366x256@Las Provincias.jpg\" class=\"v-a-img\" width=\"258\" height=\"180\" alt=\"\" data-voc-vtm-id=\"in-text-traffic\"\/><\/p>\n<p><\/a><\/p>\n<p class=\"v-p\">Amador descubre algo inaudito sobre su salud que explica su pasado y que cambiar\u00e1 su vida, y Ferm\u00edn sigue intentando echarle morro y vivir seg\u00fan su c\u00f3digo de p\u00edcaro de playa, pero ni Bruno ni el universo se lo pondr\u00e1n f\u00e1cil. Yoli y Lola deciden irse a vivir juntas, lo que causa el enfado de Menchu.<\/p>\n<p class=\"v-p\">Adem\u00e1s, durante la temporada 14 de LQSA regresan a la serie viejos conocidos: Lola y Yoli (Macarena G\u00f3mez y Miren Ibarguren), Chusa (Paz Padilla) y Teodoro (Ernesto Sevilla). A ellos se unir\u00e1n nuevos personajes. <\/p>\n<p>Reporta un error<\/p>\n","protected":false},"excerpt":{"rendered":"Viernes, 17 de octubre 2025, 20:09 | Actualizado 20:56h. Buenas noticias para los seguidores de &#8216;La que se&hellip;\n","protected":false},"author":2,"featured_media":183840,"comment_status":"","ping_status":"","sticky":false,"template":"","format":"standard","meta":{"footnotes":""},"categories":[171],"tags":[4187,7746,12146,2455,146,147,25,24,5024,23,692,214],"class_list":{"0":"post-183839","1":"post","2":"type-post","3":"status-publish","4":"format-standard","5":"has-post-thumbnail","7":"category-tv","8":"tag-anuncia","9":"tag-avecina","10":"tag-capitulos","11":"tag-emision","12":"tag-entertainment","13":"tag-entretenimiento","14":"tag-es","15":"tag-espana","16":"tag-nuevos","17":"tag-spain","18":"tag-telecinco","19":"tag-tv"},"share_on_mastodon":{"url":"","error":""},"_links":{"self":[{"href":"https:\/\/www.europesays.com\/es\/wp-json\/wp\/v2\/posts\/183839","targetHints":{"allow":["GET"]}}],"collection":[{"href":"https:\/\/www.europesays.com\/es\/wp-json\/wp\/v2\/posts"}],"about":[{"href":"https:\/\/www.europesays.com\/es\/wp-json\/wp\/v2\/types\/post"}],"author":[{"embeddable":true,"href":"https:\/\/www.europesays.com\/es\/wp-json\/wp\/v2\/users\/2"}],"replies":[{"embeddable":true,"href":"https:\/\/www.europesays.com\/es\/wp-json\/wp\/v2\/comments?post=183839"}],"version-history":[{"count":0,"href":"https:\/\/www.europesays.com\/es\/wp-json\/wp\/v2\/posts\/183839\/revisions"}],"wp:featuredmedia":[{"embeddable":true,"href":"https:\/\/www.europesays.com\/es\/wp-json\/wp\/v2\/media\/183840"}],"wp:attachment":[{"href":"https:\/\/www.europesays.com\/es\/wp-json\/wp\/v2\/media?parent=183839"}],"wp:term":[{"taxonomy":"category","embeddable":true,"href":"https:\/\/www.europesays.com\/es\/wp-json\/wp\/v2\/categories?post=183839"},{"taxonomy":"post_tag","embeddable":true,"href":"https:\/\/www.europesays.com\/es\/wp-json\/wp\/v2\/tags?post=183839"}],"curies":[{"name":"wp","href":"https:\/\/api.w.org\/{rel}","templated":true}]}}