{"id":183849,"date":"2025-10-17T22:53:12","date_gmt":"2025-10-17T22:53:12","guid":{"rendered":"https:\/\/www.europesays.com\/es\/183849\/"},"modified":"2025-10-17T22:53:12","modified_gmt":"2025-10-17T22:53:12","slug":"casio-celebra-los-40-anos-de-volver-al-futuro-con-esta-joya","status":"publish","type":"post","link":"https:\/\/www.europesays.com\/es\/183849\/","title":{"rendered":"Casio celebra los 40 a\u00f1os de Volver al Futuro con esta joya"},"content":{"rendered":"<p>El 21 de octubre es una fecha ic\u00f3nica para la cl\u00e1sica pel\u00edcula <a href=\"https:\/\/es.digitaltrends.com\/entretenimiento\/volver-al-futuro-4-posible-regreso\/\" rel=\"nofollow noopener\" target=\"_blank\"><strong>Volver al Futuro<\/strong><\/a>, porque ese d\u00eda de 2015, <a href=\"https:\/\/es.digitaltrends.com\/entretenimiento\/perdida-en-el-futuro-el-documental-sobre-la-guitarra-gibson-de-marty-mcfly\/\" rel=\"nofollow noopener\" target=\"_blank\"><strong>Marty McFly<\/strong><\/a> decide viajar en el DeLorean. Y adem\u00e1s este a\u00f1o se cumplen 40 a\u00f1os de la cinta, por lo que <a href=\"https:\/\/es.digitaltrends.com\/vestibles\/el-reloj-samurai-de-casio-combina-tecnologia-antigua-y-moderna\/\" rel=\"nofollow noopener\" target=\"_blank\"><strong>Casio<\/strong><\/a> est\u00e1 entregando a los fan\u00e1ticos un verdadero regalo.<\/p>\n<p>Se trata de un bello reloj ochentero de la marca que ahora revive con otro dise\u00f1o y m\u00e1s agregados relacionados con la pel\u00edcula.<\/p>\n<p>El personaje de <a href=\"https:\/\/es.digitaltrends.com\/entretenimiento\/michael-j-fox-documental-apple-tv\/\" rel=\"nofollow noopener\" target=\"_blank\"><strong>Michael J. Fox<\/strong><\/a> en realidad usa un Casio CA-53W en <strong>Volver al Futuro<\/strong>, con una correa y un estuche de pl\u00e1stico, pero el nuevo CA-500WEBF-1A de Casio se basa en un modelo posterior que cambi\u00f3 el pl\u00e1stico por el metal. La funcionalidad del reloj sigue siendo la misma, incluida una calculadora de 8 d\u00edgitos, capacidades de fecha y hora, un cron\u00f3metro y alarmas diarias y horarias, pero ahora incorpora elementos de dise\u00f1o del DeLorean de viaje en el tiempo de\u00a0Back to the Future. El teclado del reloj presenta etiquetas inspiradas en los circuitos de tiempo del veh\u00edculo, mientras que en la parte posterior encontrar\u00e1 un grabado del condensador de flujo.<\/p>\n<p><img decoding=\"async\" data-wp-class--hide=\"state.isContentHidden\" data-wp-class--show=\"state.isContentVisible\" data-wp-init=\"callbacks.setButtonStyles\" data-wp-on-async--click=\"actions.showLightbox\" data-wp-on-async--load=\"callbacks.setButtonStyles\" data-wp-on-async-window--resize=\"callbacks.setButtonStyles\" src=\"https:\/\/www.europesays.com\/es\/wp-content\/uploads\/2025\/10\/casio_calculator_bttf2.webp\" alt=\"\" class=\"wp-image-1081469\"  \/><\/p>\n<p>\t\tImagen utilizada con permiso del titular de los derechos de autor<\/p>\n<p>El Casio CA-500WEBF-1A estar\u00e1 disponible para pedidos anticipados a partir del 21 de octubre de 2025,\u00a0<a href=\"https:\/\/go.skimresources.com\/?id=1025X1701640&amp;xs=1&amp;url=https%3A%2F%2Fhypebeast.com%2F2025%2F10%2Fback-to-the-future-casio-ca-500webf-calculator-watch-collaboration-release-info&amp;xcust=__vg1016awD__800797__________________theverge.com\" rel=\"sponsored noreferrer noopener nofollow\" target=\"_blank\">seg\u00fan\u00a0Hypebeast<\/a>, y actualmente\u00a0<a href=\"https:\/\/go.skimresources.com\/?id=1025X1701640&amp;xs=1&amp;url=https%3A%2F%2Fwww.casio.com%2Fus%2Fwatches%2Fcasio%2Fproduct.CA-500WEBF-1A%2F&amp;xcust=__vg1016awD__800797__________________theverge.com\" rel=\"sponsored noreferrer noopener nofollow\" target=\"_blank\">figura en el sitio web de la compa\u00f1\u00eda por $ 120<\/a>. Vendr\u00e1 en un empaque que parece una copia en VHS de la pel\u00edcula original.<\/p>\n<p><img decoding=\"async\" data-wp-class--hide=\"state.isContentHidden\" data-wp-class--show=\"state.isContentVisible\" data-wp-init=\"callbacks.setButtonStyles\" data-wp-on-async--click=\"actions.showLightbox\" data-wp-on-async--load=\"callbacks.setButtonStyles\" data-wp-on-async-window--resize=\"callbacks.setButtonStyles\" src=\"https:\/\/www.europesays.com\/es\/wp-content\/uploads\/2025\/10\/casio_calculator_bttf3.webp\" alt=\"\" class=\"wp-image-1081470\"  \/><\/p>\n<p>\t\tImagen utilizada con permiso del titular de los derechos de autor<\/p>\n<p>Los festejos ya est\u00e1n confirmados para octubre de 2025, mes ic\u00f3nico dentro de la saga (recordemos que el 21 de octubre de 2015 fue la fecha a la que Marty viaj\u00f3 en la segunda pel\u00edcula). En varios pa\u00edses habr\u00e1 reestrenos en cines.<\/p>\n<ul class=\"wp-block-list\">\n<li>En M\u00e9xico, la cinta regresa a salas el 23 de octubre de 2025, acompa\u00f1ada de art\u00edculos de colecci\u00f3n como palomeras con forma de DeLorean.<\/li>\n<li>En Chile y otros pa\u00edses, Universal anunci\u00f3 funciones especiales en formatos premium como IMAX y 4DX hacia finales de octubre<\/li>\n<\/ul>\n","protected":false},"excerpt":{"rendered":"El 21 de octubre es una fecha ic\u00f3nica para la cl\u00e1sica pel\u00edcula Volver al Futuro, porque ese d\u00eda&hellip;\n","protected":false},"author":2,"featured_media":183850,"comment_status":"","ping_status":"","sticky":false,"template":"","format":"standard","meta":{"footnotes":""},"categories":[81],"tags":[47251,119,123,124,25,24,117,121,122,23,118,120,51983,31759],"class_list":{"0":"post-183849","1":"post","2":"type-post","3":"status-publish","4":"format-standard","5":"has-post-thumbnail","7":"category-ciencia-y-tecnologia","8":"tag-casio","9":"tag-ciencia","10":"tag-ciencia-y-tecnologia","11":"tag-cienciaytecnologia","12":"tag-es","13":"tag-espana","14":"tag-science","15":"tag-science-and-technology","16":"tag-scienceandtechnology","17":"tag-spain","18":"tag-technology","19":"tag-tecnologia","20":"tag-tecnologia-vestible","21":"tag-volver-al-futuro"},"share_on_mastodon":{"url":"","error":""},"_links":{"self":[{"href":"https:\/\/www.europesays.com\/es\/wp-json\/wp\/v2\/posts\/183849","targetHints":{"allow":["GET"]}}],"collection":[{"href":"https:\/\/www.europesays.com\/es\/wp-json\/wp\/v2\/posts"}],"about":[{"href":"https:\/\/www.europesays.com\/es\/wp-json\/wp\/v2\/types\/post"}],"author":[{"embeddable":true,"href":"https:\/\/www.europesays.com\/es\/wp-json\/wp\/v2\/users\/2"}],"replies":[{"embeddable":true,"href":"https:\/\/www.europesays.com\/es\/wp-json\/wp\/v2\/comments?post=183849"}],"version-history":[{"count":0,"href":"https:\/\/www.europesays.com\/es\/wp-json\/wp\/v2\/posts\/183849\/revisions"}],"wp:featuredmedia":[{"embeddable":true,"href":"https:\/\/www.europesays.com\/es\/wp-json\/wp\/v2\/media\/183850"}],"wp:attachment":[{"href":"https:\/\/www.europesays.com\/es\/wp-json\/wp\/v2\/media?parent=183849"}],"wp:term":[{"taxonomy":"category","embeddable":true,"href":"https:\/\/www.europesays.com\/es\/wp-json\/wp\/v2\/categories?post=183849"},{"taxonomy":"post_tag","embeddable":true,"href":"https:\/\/www.europesays.com\/es\/wp-json\/wp\/v2\/tags?post=183849"}],"curies":[{"name":"wp","href":"https:\/\/api.w.org\/{rel}","templated":true}]}}