{"id":183858,"date":"2025-10-17T23:00:24","date_gmt":"2025-10-17T23:00:24","guid":{"rendered":"https:\/\/www.europesays.com\/es\/183858\/"},"modified":"2025-10-17T23:00:24","modified_gmt":"2025-10-17T23:00:24","slug":"cain-velasquez-condenado-a-5-anos-de-prision-por-tiroteo-en-2022","status":"publish","type":"post","link":"https:\/\/www.europesays.com\/es\/183858\/","title":{"rendered":"Ca\u00edn Vel\u00e1squez, condenado a 5 a\u00f1os de prisi\u00f3n por tiroteo en 2022"},"content":{"rendered":"<p>Una corte de Santa Clara, California, sentenci\u00f3 a cinco a\u00f1os de c\u00e1rcel al excampe\u00f3n de la UFC Ca\u00edn Vel\u00e1squez por un tiroteo en 2022.<\/p>\n<p>El <strong>excampe\u00f3n de peso pesado de la UFC, <a data-player-guid=\"fc9b3136-c5b7-4ecf-ba38-308034dbf4f3\" href=\"http:\/\/www.espn.com\/mma\/fighter\/_\/id\/2335654\/cain-velasquez\" rel=\"nofollow noopener\" target=\"_blank\">Cain Vel\u00e1squez<\/a>, fue sentenciado<\/strong> este lunes a <strong>cinco a\u00f1os de prisi\u00f3n por un tiroteo<\/strong> ocurrido en febrero de 2022.<\/p>\n<p><strong>Vel\u00e1squez<\/strong>, de 42 a\u00f1os, quien ha estado fuera de la c\u00e1rcel desde noviembre de 2022 y en arresto domiciliario, <strong>recibi\u00f3 cr\u00e9dito por 1,283 d\u00edas de tiempo cumplido<\/strong>.<\/p>\n<p><img class=\" lazyload lazyload\" data-image-container=\".inline-photo\" height=\"320\" width=\"570\"\/>Una corte de Santa Clara, California, sentenci\u00f3 a cinco a\u00f1os de c\u00e1rcel al excampe\u00f3n de la UFC Ca\u00edn Vel\u00e1squez por un tiroteo en 2022.\u00a0Jeff Bottari\/Zuffa LLC<\/p>\n<p><strong>Vel\u00e1squez<\/strong> fue <strong>sentenciado<\/strong> en la <strong>corte<\/strong> del condado de <strong>Santa Clara en San Jos\u00e9, California<\/strong>.<\/p>\n<p>En agosto, se declar\u00f3 inocente de los cargos por intento de asesinato, agresi\u00f3n y posesi\u00f3n de armas. Los cargos se derivaron de un incidente en el que <strong>Vel\u00e1squez<\/strong> persigui\u00f3 y dispar\u00f3 repetidamente contra el veh\u00edculo de un hombre acusado de abusar sexualmente de su hijo menor de edad. El padre del hombre, quien se encontraba con \u00e9l en el veh\u00edculo, recibi\u00f3 un disparo y result\u00f3 herido durante el incidente.<\/p>\n<p>\u00ab<strong>Los resultados de hoy son agridulces; esper\u00e1bamos que el Sr. Vel\u00e1squez no fuera encarcelado. Sin embargo, los hechos son claros: Ca\u00edn Vel\u00e1squez es un buen hombre, un padre devoto y un miembro respetado de la comunidad<\/strong>\u00ab, declar\u00f3 Renee M. Hessling, abogada de Vel\u00e1squez, en un comunicado. \u00abLo que \u00e9l y su familia han soportado ha sido una aut\u00e9ntica pesadilla, una que no merec\u00edan. A lo largo de todo este proceso, Ca\u00edn ha demostrado valent\u00eda y fortaleza de car\u00e1cter. Ha asumido la responsabilidad de sus actos y ha rendido cuentas.<\/p>\n<p>\u00abLa sentencia dictada hoy refleja la complejidad de la situaci\u00f3n y reconoce al hombre detr\u00e1s de los titulares. Cuando sea liberado, seguir\u00e1 dando ejemplo: protegiendo, contribuyendo y cuidando a quienes lo rodean\u00bb.<\/p>\n<p><strong>Vel\u00e1squez<\/strong> asumi\u00f3 p\u00fablicamente la responsabilidad de sus acciones en una inusual entrevista publicada recientemente.<\/p>\n<p>Ca\u00edn Vel\u00e1squez, condenado a 5 a\u00f1os de prisi\u00f3n por tiroteo en 2022<\/p>\n<p><img decoding=\"async\" src=\"https:\/\/www.europesays.com\/es\/wp-content\/uploads\/2025\/08\/ufc-espn-plus.png\" alt=\"UFC por ESPN+\"\/><br \/>\nTom Aspinall defiende el t\u00edtulo de peso pesado ante Ciryl Gane en la pelea estelar de UFC 321 en horario especial desde Abu Dhabi.<\/p>\n<p><b>UFC 321: Aspinall vs. Gane<\/b><br \/>\u2022 S\u00e1bado Octubre 25, Etihad Arena, Abu Dhabi, Emiratos \u00c1rabes Unidos<br \/>\u2022 <b>Principal:<\/b> 2 pm ET, ESPN+ PPV<br \/>\u2022 <b>Prelims:<\/b> <a href=\"https:\/\/espndeportes.espn.com\/watch\/player\/_\/id\/546ffe0b-c39b-4219-b456-f5f7d1d5f589#bucketId=2\" target=\"_blank\" rel=\"nofollow noopener\">10 am ET, ESPN+\/Disney+\/FX<\/a><\/p>\n<p><a href=\"https:\/\/plus.espn.com\/es\/\" target=\"_blank\" rel=\"nofollow noopener\">Suscr\u00edbete a ESPN+<\/a> y ten acceso a todos los eventos de <b>UFC<\/b>, adem\u00e1s de contenido original como <a href=\"https:\/\/espndeportes.espn.com\/watch\/catalog\/a288344a-c153-4cae-8bed-d98fbe408045\/the-return-of-the-ultimate-fighter#bucketId=32006\" target=\"_blank\" rel=\"nofollow noopener\">The Ultimate Fighter<\/a>, <a href=\"https:\/\/espndeportes.espn.com\/watch\/catalog\/3b9a50f1-caad-4250-918f-b15d884b6608\/dana-white-s-contender-series#bucketId=32006\" target=\"_blank\" rel=\"nofollow noopener\">Dana White&#8217;s Contender Series<\/a> y mucho m\u00e1s.<\/p>\n<p>\u00abPor lo que puedo decir, la forma en que manej\u00e9 las cosas no fue la correcta\u00bb, asegur\u00f3 <strong>Vel\u00e1squez<\/strong> en el podcast de su excompa\u00f1ero de equipo <a data-player-guid=\"88f591fb-2db5-2d8e-798c-892358e9d258\" href=\"http:\/\/www.espn.com\/mma\/fighter\/_\/id\/2335640\/kyle-kingsbury\" rel=\"nofollow noopener\" target=\"_blank\">Kyle Kingsbury<\/a>. \u201cNo podemos tomarnos la justicia por nuestra mano&#8230; S\u00e9 que lo que hice fue muy peligroso para otras personas, \u00bfsabes? No solo para las personas involucradas, sino para los inocentes. Entiendo lo que hice y estoy dispuesto a hacer todo lo posible para pagar mi deuda\u201d.<\/p>\n<p><strong>Vel\u00e1squez<\/strong> fue <strong>acusado<\/strong> de disparar contra una camioneta en la que viajaba Harry Goularte, el hombre acusado de abusar sexualmente de su hijo de 4 a\u00f1os en una guarder\u00eda propiedad de la madre de Goularte, durante una persecuci\u00f3n de 8 millas la tarde del 28 de febrero de 2022. Goularte viajaba conducido por su padrastro, Paul Bender, de Morgan Hill a San Jos\u00e9. Seg\u00fan se informa, Vel\u00e1squez dispar\u00f3 varias veces contra el veh\u00edculo con una pistola calibre .40 que fall\u00f3 su objetivo e impact\u00f3 a Bender en el brazo y el torso. <strong>Vel\u00e1squez<\/strong> fue arrestado sin incidentes tras la persecuci\u00f3n.<\/p>\n<p>Goularte ser\u00e1 juzgado penalmente el 2 de junio por un delito grave de actos lascivos con un menor. Se declar\u00f3 inocente.<\/p>\n<p>\u00bfQui\u00e9n es Ca\u00edn Vel\u00e1squez?<\/p>\n<p><strong>Vel\u00e1squez<\/strong> gan\u00f3 el campeonato indiscutible de peso pesado de la <strong>UFC<\/strong> al noquear a <strong><a data-player-guid=\"d6e31d74-ac49-9eb5-e88d-c5d47e8f2c1d\" href=\"http:\/\/www.espn.com\/mma\/fighter\/_\/id\/2335298\/brock-lesnar\" rel=\"nofollow noopener\" target=\"_blank\">Brock Lesnar<\/a> <\/strong>en octubre de 2010. Disput\u00f3 muchas m\u00e1s peleas por el campeonato, aunque las lesiones le impidieron estar tan activo como probablemente lo habr\u00eda estado en la recta final de su carrera. Se retir\u00f3 en 2019.<\/p>\n<p>En 2022, tras su arresto, la <strong>UFC<\/strong> ofreci\u00f3 su apoyo p\u00fablico a Vel\u00e1squez, incluyendo una carta del director ejecutivo Dana White, presentada ante el tribunal durante su caso, que lo describ\u00eda como un \u00abejemplo ejemplar de c\u00f3mo debe comportarse un atleta profesional\u00bb.<\/p>\n","protected":false},"excerpt":{"rendered":"Una corte de Santa Clara, California, sentenci\u00f3 a cinco a\u00f1os de c\u00e1rcel al excampe\u00f3n de la UFC Ca\u00edn&hellip;\n","protected":false},"author":2,"featured_media":183859,"comment_status":"","ping_status":"","sticky":false,"template":"","format":"standard","meta":{"footnotes":""},"categories":[276],"tags":[168,25,24,23,167,343],"class_list":{"0":"post-183858","1":"post","2":"type-post","3":"status-publish","4":"format-standard","5":"has-post-thumbnail","7":"category-ufc","8":"tag-deportes","9":"tag-es","10":"tag-espana","11":"tag-spain","12":"tag-sports","13":"tag-ufc"},"share_on_mastodon":{"url":"","error":""},"_links":{"self":[{"href":"https:\/\/www.europesays.com\/es\/wp-json\/wp\/v2\/posts\/183858","targetHints":{"allow":["GET"]}}],"collection":[{"href":"https:\/\/www.europesays.com\/es\/wp-json\/wp\/v2\/posts"}],"about":[{"href":"https:\/\/www.europesays.com\/es\/wp-json\/wp\/v2\/types\/post"}],"author":[{"embeddable":true,"href":"https:\/\/www.europesays.com\/es\/wp-json\/wp\/v2\/users\/2"}],"replies":[{"embeddable":true,"href":"https:\/\/www.europesays.com\/es\/wp-json\/wp\/v2\/comments?post=183858"}],"version-history":[{"count":0,"href":"https:\/\/www.europesays.com\/es\/wp-json\/wp\/v2\/posts\/183858\/revisions"}],"wp:featuredmedia":[{"embeddable":true,"href":"https:\/\/www.europesays.com\/es\/wp-json\/wp\/v2\/media\/183859"}],"wp:attachment":[{"href":"https:\/\/www.europesays.com\/es\/wp-json\/wp\/v2\/media?parent=183858"}],"wp:term":[{"taxonomy":"category","embeddable":true,"href":"https:\/\/www.europesays.com\/es\/wp-json\/wp\/v2\/categories?post=183858"},{"taxonomy":"post_tag","embeddable":true,"href":"https:\/\/www.europesays.com\/es\/wp-json\/wp\/v2\/tags?post=183858"}],"curies":[{"name":"wp","href":"https:\/\/api.w.org\/{rel}","templated":true}]}}