{"id":183868,"date":"2025-10-17T23:07:10","date_gmt":"2025-10-17T23:07:10","guid":{"rendered":"https:\/\/www.europesays.com\/es\/183868\/"},"modified":"2025-10-17T23:07:10","modified_gmt":"2025-10-17T23:07:10","slug":"el-sorprendente-video-del-baile-entre-gabriel-rufian-y-ester-exposito-en-un-after-de-madrid","status":"publish","type":"post","link":"https:\/\/www.europesays.com\/es\/183868\/","title":{"rendered":"El sorprendente v\u00eddeo del baile entre Gabriel Rufi\u00e1n y Ester Exp\u00f3sito en un &#8216;after&#8217; de Madrid"},"content":{"rendered":"<p class=\"v-mdl-ath__p v-mdl-ath__p--6\">\nViernes, 17 de octubre 2025, 17:26<\/p>\n<p class=\"v-p\">Una pareja de baile ha sorprendido recientemente en un v\u00eddeo viral en redes sociales. Aunque no se trata de cualquier pareja, sino de Gabriel Rufi\u00e1n y Esther Exp\u00f3sito. Tanto el portavoz de ERC en el Congreso como la joven actriz de 25 a\u00f1os, que salt\u00f3 a la fama por su papel en la serie \u00c9lite de Netflix, han sido captados en un sorprendente v\u00eddeo publicado ayer en la red social &#8216;X&#8217;, en donde se les ve bailando bachata en un &#8216;after&#8217; de Madrid.<\/p>\n<p class=\"v-p\">En las im\u00e1genes, se puede ver a la int\u00e9rprete, de 25 a\u00f1os, y al pol\u00edtico, de 43, bailando y dando vueltas de la mano, movi\u00e9ndose al ritmo de la canci\u00f3n &#8216;El Malo&#8217; del popular grupo Aventura, una escena curiosa que se ha difundido r\u00e1pidamente en redes, despertando todo tipo de comentarios.<\/p>\n<p class=\"v-p\">Seg\u00fan han confirmado varios medios, Rufi\u00e1n y Exp\u00f3sito se encontraron en una discoteca horas antes de la grabaci\u00f3n de las im\u00e1genes difundidas en Internet. Testigos del momento apuntan a que los dos entablaron una conversaci\u00f3n y decidieron salir juntos toda la noche hasta acabar en famoso &#8216;after&#8217;, ubicado en el distrito de Moncloa.<\/p>\n<p class=\"v-p\">De hecho, la propia actriz ha publicado en sus redes otro v\u00eddeo similar en su cuenta de Instagram en ese mismo local, en el que aparece bailando con otro chico, con la misma ropa del mencionado v\u00eddeo viral.<\/p>\n<p>Reporta un error<\/p>\n","protected":false},"excerpt":{"rendered":"Viernes, 17 de octubre 2025, 17:26 Una pareja de baile ha sorprendido recientemente en un v\u00eddeo viral en&hellip;\n","protected":false},"author":2,"featured_media":183869,"comment_status":"","ping_status":"","sticky":false,"template":"","format":"standard","meta":{"footnotes":""},"categories":[174],"tags":[51987,4787,255,146,147,25,24,5232,256,5394,23,2338,4619],"class_list":{"0":"post-183868","1":"post","2":"type-post","3":"status-publish","4":"format-standard","5":"has-post-thumbnail","7":"category-famosos","8":"tag-after-madrid","9":"tag-baile","10":"tag-celebrities","11":"tag-entertainment","12":"tag-entretenimiento","13":"tag-es","14":"tag-espana","15":"tag-ester-exposito","16":"tag-famosos","17":"tag-gabriel-rufian","18":"tag-spain","19":"tag-video","20":"tag-viral"},"share_on_mastodon":{"url":"","error":""},"_links":{"self":[{"href":"https:\/\/www.europesays.com\/es\/wp-json\/wp\/v2\/posts\/183868","targetHints":{"allow":["GET"]}}],"collection":[{"href":"https:\/\/www.europesays.com\/es\/wp-json\/wp\/v2\/posts"}],"about":[{"href":"https:\/\/www.europesays.com\/es\/wp-json\/wp\/v2\/types\/post"}],"author":[{"embeddable":true,"href":"https:\/\/www.europesays.com\/es\/wp-json\/wp\/v2\/users\/2"}],"replies":[{"embeddable":true,"href":"https:\/\/www.europesays.com\/es\/wp-json\/wp\/v2\/comments?post=183868"}],"version-history":[{"count":0,"href":"https:\/\/www.europesays.com\/es\/wp-json\/wp\/v2\/posts\/183868\/revisions"}],"wp:featuredmedia":[{"embeddable":true,"href":"https:\/\/www.europesays.com\/es\/wp-json\/wp\/v2\/media\/183869"}],"wp:attachment":[{"href":"https:\/\/www.europesays.com\/es\/wp-json\/wp\/v2\/media?parent=183868"}],"wp:term":[{"taxonomy":"category","embeddable":true,"href":"https:\/\/www.europesays.com\/es\/wp-json\/wp\/v2\/categories?post=183868"},{"taxonomy":"post_tag","embeddable":true,"href":"https:\/\/www.europesays.com\/es\/wp-json\/wp\/v2\/tags?post=183868"}],"curies":[{"name":"wp","href":"https:\/\/api.w.org\/{rel}","templated":true}]}}