{"id":183870,"date":"2025-10-17T23:08:09","date_gmt":"2025-10-17T23:08:09","guid":{"rendered":"https:\/\/www.europesays.com\/es\/183870\/"},"modified":"2025-10-17T23:08:09","modified_gmt":"2025-10-17T23:08:09","slug":"la-vida-en-una-granja-de-un-par-de-urbanitas-no-concebia-la-idea-de-que-otra-persona-renovara-la-casa-de-mis-padres-y-que-ya-no-pudiera-visitarla","status":"publish","type":"post","link":"https:\/\/www.europesays.com\/es\/183870\/","title":{"rendered":"La vida en una granja de un par de urbanitas: \u201cNo conceb\u00eda la idea de que otra persona renovara la casa de mis padres y que ya no pudiera visitarla\u201d"},"content":{"rendered":"<p><strong>El psicoterapeuta Christian Haider y su pareja Philipp Schuler cambiaron la ciudad por la vida en una granja familiar llena de recuerdos<\/strong><\/p>\n<p>Ya sea en el campo o en la ciudad, muchas de nuestras emociones y recuerdos est\u00e1n ligados a la casa donde crecimos. \u00bfVenderla? Ni hablar. Eso es lo que pens\u00f3 el psicoterapeuta Christian Haider cuando se hizo cargo de la <a href=\"https:\/\/www.revistaad.es\/articulos\/vivir-en-una-granja-de-flores-es-el-sueno-hecho-realidad-de-la-periodista-de-moda-cathy-horyn\" rel=\"nofollow noopener\" target=\"_blank\">granja<\/a> de sus padres. <strong>\u201cSiempre me ha gustado la casa. La idea de que alguien pudiera estropearla era horrible. Tampoco me gustaba la idea de que otra persona la renovara y yo nunca m\u00e1s pudiera volver a verla\u201d, cuenta.<\/strong><\/p>\n<p>Su pareja, Philipp Schuler, director de compras de una fabrica de maquinaria agr\u00edcola, creci\u00f3 en una peque\u00f1a ciudad del sur de Alemania, pero entr\u00f3 en contacto con la vida en una granja por primera vez cuando se traslad\u00f3 a la provincia austriaca. Schuler mostr\u00f3 un compromiso total en el proyecto de su pareja: \u00abNo llev\u00e1bamos ni un a\u00f1o juntos\u00bb, sonr\u00ede Haider. <strong>Hoy, ambos comparten la vivienda con los padres de este \u00faltimo, que han ocupado la planta baja.<\/strong><\/p>\n<p><img decoding=\"async\" alt=\"Exterior de una granja austriaca\" loading=\"lazy\" class=\"ResponsiveImageContainer-eNxvmU cfBbTk responsive-image__image\"   src=\"https:\/\/www.europesays.com\/es\/wp-content\/uploads\/2025\/10\/2K6A1788_Haider_Schuler.jpg\"\/><\/p>\n<p>El sauce llor\u00f3n se alza protector sobre el patio, delantero, que Christian Haider y Philipp Schuler tambi\u00e9n redise\u00f1aron.<\/p>\n<p>\u00a9 Dirk Bruniecki, estilismo y producci\u00f3n: Thomas Skroch, ayudante de estilismo: Clara Meyer<strong>C\u00f3mo remodelar y renovar una granja de unos 375 a\u00f1os de antig\u00fcedad<\/strong><\/p>\n<p>La granja es propiedad de la cuarta generaci\u00f3n de la familia Haider. Los primeros registros documentales datan de 1650 y los padres del actual propietario siguieron cultivando aqu\u00ed sus hortalizas hasta que se jubilaron. Entretanto, el <a href=\"https:\/\/www.revistaad.es\/articulos\/granero-bodega-febrero-studio\" rel=\"nofollow noopener\" target=\"_blank\">granero<\/a> y el almac\u00e9n se han convertido en una consulta y un peque\u00f1o apartamento para invitados. \u00abLa estructura b\u00e1sica del edificio es la misma que la original\u00bb, prosigue el psicoterapeuta. \u00ab<strong>A lo largo de los a\u00f1os, la granja se fue ampliando de diversas maneras. Hemos eliminado estos a\u00f1adidos y hemos intentado conservar el car\u00e1cter del patio en la medida de lo posible\u00bb<\/strong> \u00bfSu punto de partida? At\u00edpicamente, el <a href=\"https:\/\/www.revistaad.es\/articulos\/tendencias-en-jardines-reglas-de-oro-paisajismo-ambienta\" rel=\"nofollow noopener\" target=\"_blank\">jard\u00edn<\/a>. \u00abEmpezamos por trazar el jard\u00edn y plantar avenidas y \u00e1rboles frutales\u00bb. Consiguieron un resultado espectacular gracias a los consejos del paisajista Wolfgang Ehmeier.<\/p>\n<p><strong>En el interior, se lijaron los suelos originales, se renovaron algunos <a href=\"https:\/\/www.revistaad.es\/articulos\/por-que-todo-el-mundo-quiere-pintar-el-techo-en-2025\" rel=\"nofollow noopener\" target=\"_blank\">techos<\/a>, se volvieron a colocar las baldosas antiguas y se renovaron los ba\u00f1os.<\/strong> El proyecto ha durado casi diez a\u00f1os. Por supuesto, no pod\u00eda hacerse sin un experto como la interiorista <a data-offer-url=\"https:\/\/www.instagram.com\/reginahoefter\/?hl=en\" class=\"external-link\" data-event-click=\"{&quot;element&quot;:&quot;ExternalLink&quot;,&quot;outgoingURL&quot;:&quot;https:\/\/www.instagram.com\/reginahoefter\/?hl=en&quot;}\" href=\"https:\/\/www.instagram.com\/reginahoefter\/?hl=en\" rel=\"nofollow noopener\" target=\"_blank\">Regina Hoefter<\/a> parte de su c\u00edrculo desde hace 15 a\u00f1os. <strong>\u00abDurante el proceso siempre hemos consultado a Regina,<\/strong> hemos discutido el concepto con ella y le hemos pedido consejo\u00bb, dice Schuler. \u00abLo bueno fue que enseguida nos dimos cuenta de que  a los tres nos gustaban las mismas cosas\u00bb. Hoefter incluso evit\u00f3 algunos conflictos entre la pareja, bromean.<\/p>\n<p><strong>Un fiel reflejo de la historia familiar<\/strong><\/p>\n<p>Tambi\u00e9n era prioritario incorporar el ADN de Schuler. \u00abPara m\u00ed era importante que los muebles continuaran las historias de Christian y Philipp. <strong>Muchas de las piezas proceden de sus familias y, por tanto, tienen un fuerte valor emocional\u00bb, explica la interiorista.<\/strong> \u00abLas combinamos con muebles nuevos y hallazgos <a href=\"https:\/\/www.revistaad.es\/articulos\/muebles-vintage-mezcla-estilos-alma-musical-independizada\" rel=\"nofollow noopener\" target=\"_blank\">vintage<\/a> para crear algo \u00fanico. No quer\u00eda crear un estilo recargado, sino un hogar con personalidad y calidez\u00bb. En cuanto al color, el tr\u00edo prob\u00f3 sus pinceles en diferentes botes. Casi todas las habitaciones est\u00e1n pintadas en un tono distinto. Cada una de ellas deb\u00eda tener su propio car\u00e1cter, pero sin separarse visualmente de las otras. <strong>\u00abAs\u00ed, cada zona tiene su propio ambiente -a veces m\u00e1s tranquilo, a veces m\u00e1s animado- y, sin embargo, los colores se mezclan armoniosamente\u00bb, explica la interiorista.<\/strong> Todo debe tener una sensaci\u00f3n de emoci\u00f3n y vitalidad, sin parecer sobrecargado\u00bb. La colecci\u00f3n de arte de la pareja no se ha colgado al azar, sino que se expone deliberadamente. Hoefter fue quien decidi\u00f3 qu\u00e9 obras deb\u00edan colgarse juntas y cu\u00e1les en solitario.<\/p>\n<p><script async src=\"\/\/www.instagram.com\/embed.js\"><\/script><\/p>\n","protected":false},"excerpt":{"rendered":"El psicoterapeuta Christian Haider y su pareja Philipp Schuler cambiaron la ciudad por la vida en una granja&hellip;\n","protected":false},"author":2,"featured_media":183871,"comment_status":"","ping_status":"","sticky":false,"template":"","format":"standard","meta":{"footnotes":""},"categories":[173],"tags":[229,233,231,230,1530,232,234,146,147,25,24,23],"class_list":{"0":"post-183870","1":"post","2":"type-post","3":"status-publish","4":"format-standard","5":"has-post-thumbnail","7":"category-arte-y-diseno","8":"tag-arte","9":"tag-arte-y-diseno","10":"tag-arts","11":"tag-arts-and-design","12":"tag-casas-ad","13":"tag-design","14":"tag-diseno","15":"tag-entertainment","16":"tag-entretenimiento","17":"tag-es","18":"tag-espana","19":"tag-spain"},"share_on_mastodon":{"url":"","error":""},"_links":{"self":[{"href":"https:\/\/www.europesays.com\/es\/wp-json\/wp\/v2\/posts\/183870","targetHints":{"allow":["GET"]}}],"collection":[{"href":"https:\/\/www.europesays.com\/es\/wp-json\/wp\/v2\/posts"}],"about":[{"href":"https:\/\/www.europesays.com\/es\/wp-json\/wp\/v2\/types\/post"}],"author":[{"embeddable":true,"href":"https:\/\/www.europesays.com\/es\/wp-json\/wp\/v2\/users\/2"}],"replies":[{"embeddable":true,"href":"https:\/\/www.europesays.com\/es\/wp-json\/wp\/v2\/comments?post=183870"}],"version-history":[{"count":0,"href":"https:\/\/www.europesays.com\/es\/wp-json\/wp\/v2\/posts\/183870\/revisions"}],"wp:featuredmedia":[{"embeddable":true,"href":"https:\/\/www.europesays.com\/es\/wp-json\/wp\/v2\/media\/183871"}],"wp:attachment":[{"href":"https:\/\/www.europesays.com\/es\/wp-json\/wp\/v2\/media?parent=183870"}],"wp:term":[{"taxonomy":"category","embeddable":true,"href":"https:\/\/www.europesays.com\/es\/wp-json\/wp\/v2\/categories?post=183870"},{"taxonomy":"post_tag","embeddable":true,"href":"https:\/\/www.europesays.com\/es\/wp-json\/wp\/v2\/tags?post=183870"}],"curies":[{"name":"wp","href":"https:\/\/api.w.org\/{rel}","templated":true}]}}