{"id":183888,"date":"2025-10-17T23:19:10","date_gmt":"2025-10-17T23:19:10","guid":{"rendered":"https:\/\/www.europesays.com\/es\/183888\/"},"modified":"2025-10-17T23:19:10","modified_gmt":"2025-10-17T23:19:10","slug":"el-legado-del-fundador-de-mango-isak-andic-enfrenta-a-su-pareja-con-sus-tres-hijos-economia","status":"publish","type":"post","link":"https:\/\/www.europesays.com\/es\/183888\/","title":{"rendered":"El legado del fundador de Mango, Isak Andic, enfrenta a su pareja con sus tres hijos | Econom\u00eda"},"content":{"rendered":"<p class=\"\">El reparto del legado del fundador de Mango, Isak Andic, tras <a href=\"https:\/\/elpais.com\/espana\/catalunya\/2024-12-14\/el-fundador-de-mango-isak-andic-muere-en-un-accidente-de-montana-cerca-de-barcelona.html#?rel=mas\" target=\"_self\" rel=\"nofollow noopener\" title=\"https:\/\/elpais.com\/espana\/catalunya\/2024-12-14\/el-fundador-de-mango-isak-andic-muere-en-un-accidente-de-montana-cerca-de-barcelona.html#?rel=mas\">su repentino fallecimiento el 14 de diciembre de 2024<\/a>, ha provocado una discusi\u00f3n econ\u00f3mica entre su pareja, Estefan\u00eda Knuth, y los tres hijos del empresario, seg\u00fan han confirmado diversas fuentes a EL PA\u00cdS. El enfrentamiento se prolonga hasta hoy y todav\u00eda no se ha resuelto. La herencia de Andic <a href=\"https:\/\/cincodias.elpais.com\/companias\/2025-07-11\/la-herencia-empresarial-de-isak-andic-se-reparte-sin-sorpresas-sus-tres-hijos-asumen-a-partes-iguales-el-holding-que-controla-mango.html\" target=\"_self\" rel=\"nofollow noopener\" title=\"https:\/\/cincodias.elpais.com\/companias\/2025-07-11\/la-herencia-empresarial-de-isak-andic-se-reparte-sin-sorpresas-sus-tres-hijos-asumen-a-partes-iguales-el-holding-que-controla-mango.html\">se reparti\u00f3 de forma equitativa<\/a>, seg\u00fan lo previsto y sin conflictos, entre los tres hijos (Jonathan, Judith y Sarah), que esta misma semana han culminado los tr\u00e1mites para aceptarla. El legado, otra parte de su inmensa fortuna \u2014la quinta de Espa\u00f1a, seg\u00fan Forbes\u2014 lo reparti\u00f3 Andic, en virtud del testamento, entre diversas personas. Una de las beneficiarias fue Knuth, quien se mostr\u00f3 en desacuerdo con la cuant\u00eda fijada por el hombre con el que hab\u00eda tenido una relaci\u00f3n sentimental los \u00faltimos seis a\u00f1os.<\/p>\n<p class=\"\">La familia del empresario y Knuth han mantenido, desde entonces, <a href=\"https:\/\/cincodias.elpais.com\/companias\/2025-07-11\/la-herencia-empresarial-de-isak-andic-se-reparte-sin-sorpresas-sus-tres-hijos-asumen-a-partes-iguales-el-holding-que-controla-mango.html\" target=\"_self\" rel=\"nofollow noopener\" title=\"https:\/\/cincodias.elpais.com\/companias\/2025-07-11\/la-herencia-empresarial-de-isak-andic-se-reparte-sin-sorpresas-sus-tres-hijos-asumen-a-partes-iguales-el-holding-que-controla-mango.html\">negociaciones para resolver el conflicto de forma amistosa<\/a> y para satisfacci\u00f3n de todas las partes. La mujer, que administra diversas sociedades, consider\u00f3 que la cantidad fijada por Andic en el legado (prestado ante notario en julio de 2023) no colmaba sus expectativas econ\u00f3micas y consider\u00f3 que deb\u00eda percibir 70 millones de euros, una cifra muy superior a la establecida, seg\u00fan han explicado diversas fuentes a este diario. Los hijos se mostraron abiertos a ser m\u00e1s generosos, pero nunca llegaron a esa cifra, de modo que las negociaciones quedaron en punto muerto y sin acuerdo. Y as\u00ed siguen. Con la herencia ya aceptada ante notario por los hijos, a Knuth le quedan ahora tres v\u00edas: aceptar la cifra propuesta por los hijos, seguir explorando la negociaci\u00f3n o acudir a la v\u00eda civil. <\/p>\n<p class=\"\">Este diario ha contactado con el despacho de abogados de la mujer, que hasta la fecha no ha atendido la petici\u00f3n de informaci\u00f3n. Este diario tambi\u00e9n ha contactado con una persona de la m\u00e1xima confianza de Knuth, que ha preferido no hacer declaraciones.<\/p>\n<p class=\"\">Andic firm\u00f3 su testamento en julio de 2023 ante notario. All\u00ed proclam\u00f3 herederos a sus tres hijos y estableci\u00f3 tambi\u00e9n que una parte de su fortuna, el legado, fuera a parar a determinadas personas. Tal como ordena la ley, los herederos ejecutaron el legado para \u201chacer cumplir la voluntad del testador\u201d, explican fuentes al tanto de esos tr\u00e1mites.<\/p>\n<p class=\"\">Las tensiones por la herencia de Andic han discurrido en paralelo a la causa penal abierta a ra\u00edz de su muerte, acontecida durante <a href=\"https:\/\/elpais.com\/espana\/catalunya\/2024-12-14\/el-fundador-de-mango-isak-andic-muere-en-un-accidente-de-montana-cerca-de-barcelona.html#?rel=mas\" target=\"_self\" rel=\"nofollow noopener\" title=\"https:\/\/elpais.com\/espana\/catalunya\/2024-12-14\/el-fundador-de-mango-isak-andic-muere-en-un-accidente-de-montana-cerca-de-barcelona.html#?rel=mas\">una excursi\u00f3n familiar a la monta\u00f1a de Montserrat<\/a>. El empresario caminaba junto a su hijo Jonathan por un sendero cuando se precipit\u00f3 desde m\u00e1s de 100 metros de altura y falleci\u00f3. La hip\u00f3tesis inicial de los Mossos es que se trat\u00f3 de un accidente. Esa idea no est\u00e1 descartada, pero los indicios acumulados a lo largo de diez meses de investigaci\u00f3n han llevado a los agentes a contemplar, tambi\u00e9n, la posibilidad de que se trate de un homicidio. <\/p>\n<p>El tel\u00e9fono de Jonathan<\/p>\n<p class=\"\">Jonathan Andic est\u00e1 siendo investigado por los Mossos por un delito de homicidio en la causa, que lidera el juzgado de instrucci\u00f3n n\u00famero 5 de Martorell (Barcelona) y que permanece bajo secreto de sumario. <a href=\"https:\/\/elpais.com\/espana\/2025-10-16\/los-mossos-investigan-como-posible-homicidio-la-muerte-del-fundador-de-mango-isak-andic.html\" target=\"_self\" rel=\"nofollow noopener\" title=\"https:\/\/elpais.com\/espana\/2025-10-16\/los-mossos-investigan-como-posible-homicidio-la-muerte-del-fundador-de-mango-isak-andic.html\">Hace unos d\u00edas, los agentes de los Mossos <\/a>le pidieron el tel\u00e9fono para examinarlo y, unos d\u00edas despu\u00e9s, se le comunic\u00f3 de forma indirecta que estaba investigado. El hijo accedi\u00f3 a entregarlo al momento, en l\u00ednea con la colaboraci\u00f3n demostrada hasta ahora por la familia a lo largo del procedimiento. Es la \u00faltima diligencia que prev\u00e9n realizar los Mossos antes de presentar su informe definitivo a la jueza para que \u00e9sta decida si ve indicios suficientes de un delito de homicidio o bien archiva la causa al considerar que se trat\u00f3 de una muerte accidental.<\/p>\n<p class=\"\">Una de las primeras pistas que llev\u00f3 a la polic\u00eda a seguir indagando el suceso fue <a href=\"https:\/\/elpais.com\/espana\/catalunya\/2025-05-23\/los-mossos-ultiman-un-nuevo-informe-sobre-la-muerte-de-isak-andic.html#?rel=mas\" target=\"_self\" rel=\"nofollow noopener\" title=\"https:\/\/elpais.com\/espana\/catalunya\/2025-05-23\/los-mossos-ultiman-un-nuevo-informe-sobre-la-muerte-de-isak-andic.html#?rel=mas\">la declaraci\u00f3n, como testigo, de Estefan\u00eda Knuth<\/a>. Seg\u00fan fuentes de la investigaci\u00f3n, la mujer explic\u00f3 a la polic\u00eda que padre e hijo hab\u00edan tenido \u00e9pocas de mala relaci\u00f3n. Detall\u00f3, en particular, un episodio ocurrido en 2015. Tras dejar la compa\u00f1\u00eda en manos de diversos directivos, entre los que estaba su hijo, Isak Andic reproch\u00f3 a Jonathan que no estaba contento con el rumbo seguido por la compa\u00f1\u00eda, que en los a\u00f1os siguientes entr\u00f3 en una situaci\u00f3n dif\u00edcil, con p\u00e9rdidas millonarias. La declaraci\u00f3n de Knuth, seg\u00fan fuentes al corriente de su contenido, no incidi\u00f3 en ning\u00fan enfrentamiento reciente ni apunt\u00f3 en ning\u00fan caso a la hip\u00f3tesis del homicidio.<\/p>\n<p class=\"\">Fuentes cercanas a la familia reiteran su voluntad de \u201cseguir colaborando\u201d con la investigaci\u00f3n judicial y expresan su convicci\u00f3n de que Jonathan es inocente y de que la causa ser\u00e1 archivada.<\/p>\n<p>Un reparto equitativo<\/p>\n<p class=\"\">Andic era el hombre m\u00e1s rico de Catalu\u00f1a y dej\u00f3 en el testamento un reparto equitativo, entre sus tres hijos, de Punta Na, el holding bajo el que aglutin\u00f3 todas sus inversiones empresariales, tanto la propiedad del 95% de Mango como sus propiedades inmobiliarias, valorada en cerca de 1.200 millones. En enero, siguiendo la voluntad de su padre, tomaron posesi\u00f3n equitativa en los cargos de la patrimonial, de modo que los tres deben ponerse de acuerdo en cualquier decisi\u00f3n relativa al patrimonio familiar. Mango estaba en un momento dulce cuando perdi\u00f3 a su fundador: en 2024, entreg\u00f3 casi 123 millones de euros en dividendos, la mayor cifra de sus 40 a\u00f1os de historia. <\/p>\n<p class=\"\">El proceso culmin\u00f3 con la separaci\u00f3n de propiedad y gesti\u00f3n al nombrarse al consejero delegado, Toni Ruiz, presidente de la compa\u00f1\u00eda. En junio, Jonathan Andic dej\u00f3 sus responsabilidades ejecutivas en Mango para concentrarse, seg\u00fan se explic\u00f3, en la gesti\u00f3n de las empresas patrimoniales. El primog\u00e9nito dej\u00f3 la direcci\u00f3n de la l\u00ednea masculina, Mango Man, despu\u00e9s de 17 a\u00f1os.<\/p>\n","protected":false},"excerpt":{"rendered":"El reparto del legado del fundador de Mango, Isak Andic, tras su repentino fallecimiento el 14 de diciembre&hellip;\n","protected":false},"author":2,"featured_media":183889,"comment_status":"","ping_status":"","sticky":false,"template":"","format":"standard","meta":{"footnotes":""},"categories":[8],"tags":[5960,17,18,1980,2308,25,24,13,14,11,21570,2129,734,19,20,3907,51988,41824,3291,9,10,15,16,23,12,21,22],"class_list":{"0":"post-183888","1":"post","2":"type-post","3":"status-publish","4":"format-standard","5":"has-post-thumbnail","7":"category-espana","8":"tag-accidentes","9":"tag-breaking-news","10":"tag-breakingnews","11":"tag-cataluna","12":"tag-empresas","13":"tag-es","14":"tag-espana","15":"tag-featured-news","16":"tag-featurednews","17":"tag-headlines","18":"tag-herencias","19":"tag-homicidios","20":"tag-investigacion-judicial","21":"tag-latest-news","22":"tag-latestnews","23":"tag-mango","24":"tag-martorell","25":"tag-montserrat","26":"tag-mossos-desquadra","27":"tag-news","28":"tag-noticias","29":"tag-noticias-destacadas","30":"tag-noticiasdestacadas","31":"tag-spain","32":"tag-titulares","33":"tag-ultimas-noticias","34":"tag-ultimasnoticias"},"share_on_mastodon":{"url":"","error":""},"_links":{"self":[{"href":"https:\/\/www.europesays.com\/es\/wp-json\/wp\/v2\/posts\/183888","targetHints":{"allow":["GET"]}}],"collection":[{"href":"https:\/\/www.europesays.com\/es\/wp-json\/wp\/v2\/posts"}],"about":[{"href":"https:\/\/www.europesays.com\/es\/wp-json\/wp\/v2\/types\/post"}],"author":[{"embeddable":true,"href":"https:\/\/www.europesays.com\/es\/wp-json\/wp\/v2\/users\/2"}],"replies":[{"embeddable":true,"href":"https:\/\/www.europesays.com\/es\/wp-json\/wp\/v2\/comments?post=183888"}],"version-history":[{"count":0,"href":"https:\/\/www.europesays.com\/es\/wp-json\/wp\/v2\/posts\/183888\/revisions"}],"wp:featuredmedia":[{"embeddable":true,"href":"https:\/\/www.europesays.com\/es\/wp-json\/wp\/v2\/media\/183889"}],"wp:attachment":[{"href":"https:\/\/www.europesays.com\/es\/wp-json\/wp\/v2\/media?parent=183888"}],"wp:term":[{"taxonomy":"category","embeddable":true,"href":"https:\/\/www.europesays.com\/es\/wp-json\/wp\/v2\/categories?post=183888"},{"taxonomy":"post_tag","embeddable":true,"href":"https:\/\/www.europesays.com\/es\/wp-json\/wp\/v2\/tags?post=183888"}],"curies":[{"name":"wp","href":"https:\/\/api.w.org\/{rel}","templated":true}]}}