{"id":183898,"date":"2025-10-17T23:28:14","date_gmt":"2025-10-17T23:28:14","guid":{"rendered":"https:\/\/www.europesays.com\/es\/183898\/"},"modified":"2025-10-17T23:28:14","modified_gmt":"2025-10-17T23:28:14","slug":"si-en-el-futbol-pones-un-microfono","status":"publish","type":"post","link":"https:\/\/www.europesays.com\/es\/183898\/","title":{"rendered":"Si en el f\u00fatbol pones un micr\u00f3fono&#8230;"},"content":{"rendered":"<p class=\"L6-news-detail__text\">A <b>Fernando Alonso<\/b> no le gusta el uso que hace la F\u00f3rmula 1 de las radios y c\u00f3mo las publica. Considera que est\u00e1n sacadas de contexto y que no es bueno para el espect\u00e1culo. Dice desde el <b><a title=\"Gran Premio de Estados Unidos\" href=\"https:\/\/www.lasexta.com\/noticias\/deportes\/motor\/formula1\/estados-unidos-2025-horario-donde-ver-entrenamientos-clasificacion-sprint-carrera_2025101368eceb1c0e3c6c50983276c7.html\" target=\"_blank\" rel=\"nofollow noopener\">Gran Premio de Estados Unidos<\/a><\/b> que la mayor\u00eda de las veces \u00abest\u00e1 mal emitido y tambi\u00e9n mal elegido\u00bb.<\/p>\n<p class=\"L6-news-detail__text\">\u00abEs innecesario a veces,<b> mal emitido y mal elegido<\/b> por el que elige qu\u00e9 radios emitir. Mal entendidas el 99.9% de las veces\u00bb, ha dicho Fernando en la previa de una cita que contar\u00e1 con el aliciente del sprint.<\/p>\n<p class=\"L6-news-detail__text\">Cuenta que a veces no se entienden esas radios sin el contexto: <b>\u00abSon conversaciones privadas con tu ingeniero o con tu equipo<\/b> que a lo mejor repasaste el domingo por la ma\u00f1ana en la reuni\u00f3n de estrategia. En plan &#8216;\u00bfqu\u00e9 pasa si salimos de la parada en boxes en este escenario?\u00bb o &#8216;\u00bfqu\u00e9 pasa si en la primera vuelta adelantamos a dos coches o perdemos dos posiciones?'\u00bb.<\/p>\n<p class=\"L6-news-detail__text\">Las estrategias no se pueden entender con s\u00f3lo una frase de una radio: \u00abA veces tienes planes alternativos en la estrategia que, obviamente, cuando s\u00f3lo emites una frase, es imposible de entender en casa y la repercusi\u00f3n que tiene. <b>Cuando la retransmisi\u00f3n por radio es la protagonista de la carrera, eso tambi\u00e9n es muy triste<\/b>, que la carrera haya sido tan pobre en t\u00e9rminos de entretenimiento. As\u00ed que, s\u00ed, eso es algo que tenemos que mejorar todos como grupo en el deporte\u00bb.<\/p>\n<p class=\"L6-news-detail__text\">Lo relaciona con el mundo del f\u00fatbol y cree que con la adrenalina se puede decir cualquier cosa: \u00abCreo que <b>si un futbolista u otro deportista tuviera un micr\u00f3fono y se emitiera, las opiniones ser\u00edan muy diferentes<\/b>. Es dif\u00edcil. Podemos no abrir la radio y decirlo en nuestra cabeza, pero con la cantidad de adrenalina y presi\u00f3n a la que estamos sometidos en este deporte, cuando abres la radio y quieres compartir tu frustraci\u00f3n o tus sentimientos con tu ingeniero, no est\u00e1s pensando en las dem\u00e1s personas, en toda la poblaci\u00f3n del mundo que potencialmente podr\u00eda o\u00edrlo\u00bb.<\/p>\n<p class=\"L6-news-detail__text\"><b>\u00abEs una pena que se difunda, y para m\u00ed, deber\u00eda reprimirse un poco\u00bb<\/b>, sentencia contundente el piloto m\u00e1s veterano de la parrilla.<\/p>\n<p class=\"L6-support-news-video__title\">GP Australia<\/p>\n<p>            <a href=\"https:\/\/www.lasexta.com\/noticias\/deportes\/motor\/gestos-enfado-pecco-bagnaia-vibraciones-ducati_2025101768f256a8dc27b32ca38a8db7.html\" class=\"L6-news__link\" rel=\"nofollow noopener\" target=\"_blank\"><br \/>\n                Los gestos de enfado de Pecco Bagnaia por las vibraciones en la Ducati<\/p>\n<p class=\"recirculation-video-desc\">El piloto italiano no estaba nada contento con la vibraci\u00f3n de la Ducati. A pesar de ello pas\u00f3 directamente a Q2 con el noveno mejor tiempo.<\/p>\n<p>            <\/a><\/p>\n","protected":false},"excerpt":{"rendered":"A Fernando Alonso no le gusta el uso que hace la F\u00f3rmula 1 de las radios y c\u00f3mo&hellip;\n","protected":false},"author":2,"featured_media":181109,"comment_status":"","ping_status":"","sticky":false,"template":"","format":"standard","meta":{"footnotes":""},"categories":[270],"tags":[168,25,24,306,271,272,23,167],"class_list":{"0":"post-183898","1":"post","2":"type-post","3":"status-publish","4":"format-standard","5":"has-post-thumbnail","7":"category-formula-1","8":"tag-deportes","9":"tag-es","10":"tag-espana","11":"tag-f1","12":"tag-formula-1","13":"tag-formula1","14":"tag-spain","15":"tag-sports"},"share_on_mastodon":{"url":"","error":""},"_links":{"self":[{"href":"https:\/\/www.europesays.com\/es\/wp-json\/wp\/v2\/posts\/183898","targetHints":{"allow":["GET"]}}],"collection":[{"href":"https:\/\/www.europesays.com\/es\/wp-json\/wp\/v2\/posts"}],"about":[{"href":"https:\/\/www.europesays.com\/es\/wp-json\/wp\/v2\/types\/post"}],"author":[{"embeddable":true,"href":"https:\/\/www.europesays.com\/es\/wp-json\/wp\/v2\/users\/2"}],"replies":[{"embeddable":true,"href":"https:\/\/www.europesays.com\/es\/wp-json\/wp\/v2\/comments?post=183898"}],"version-history":[{"count":0,"href":"https:\/\/www.europesays.com\/es\/wp-json\/wp\/v2\/posts\/183898\/revisions"}],"wp:featuredmedia":[{"embeddable":true,"href":"https:\/\/www.europesays.com\/es\/wp-json\/wp\/v2\/media\/181109"}],"wp:attachment":[{"href":"https:\/\/www.europesays.com\/es\/wp-json\/wp\/v2\/media?parent=183898"}],"wp:term":[{"taxonomy":"category","embeddable":true,"href":"https:\/\/www.europesays.com\/es\/wp-json\/wp\/v2\/categories?post=183898"},{"taxonomy":"post_tag","embeddable":true,"href":"https:\/\/www.europesays.com\/es\/wp-json\/wp\/v2\/tags?post=183898"}],"curies":[{"name":"wp","href":"https:\/\/api.w.org\/{rel}","templated":true}]}}