{"id":183905,"date":"2025-10-17T23:32:17","date_gmt":"2025-10-17T23:32:17","guid":{"rendered":"https:\/\/www.europesays.com\/es\/183905\/"},"modified":"2025-10-17T23:32:17","modified_gmt":"2025-10-17T23:32:17","slug":"los-planes-semanales-de-magas","status":"publish","type":"post","link":"https:\/\/www.europesays.com\/es\/183905\/","title":{"rendered":"los planes semanales de Magas"},"content":{"rendered":"<p class=\"paragraph\" id=\"paragraph_1\">Los \u00faltimos meses del a\u00f1o pasan como el viento. Cuando menos te das cuenta ya est\u00e1s preparando la comida para la Nochevieja. Sin embargo, hay que frenar y <strong>aprovechar las oportunidades que se nos presentan.<\/strong><\/p>\n<p class=\"paragraph\" id=\"paragraph_2\">En este caso, hablamos de propuestas de ocio, aquellas que elegimos para liberarnos y poder hacer las cosas que realmente nos gustan. Pero no te preocupes, si no tienes tiempo de buscar qu\u00e9 hacer, Magas se encarga de ello.<\/p>\n<p class=\"paragraph\" id=\"paragraph_3\">Esta es nuestra selecci\u00f3n de planes para esta semana:<\/p>\n<p><img loading=\"lazy\" decoding=\"async\" alt=\"Presentaci\u00f3n La Ventana Market\" height=\"180\" src=\"https:\/\/www.europesays.com\/es\/wp-content\/uploads\/2025\/10\/1003743930988_258811046_320x180.jpg\" width=\"320\" data-lazy-status=\"processed\" data-lazy-info=\"remove loading item 1\"\/><\/p>\n<p>Tributo a Granero en el Teatro Real<\/p>\n<p class=\"paragraph\" id=\"paragraph_4\">Del 16 al 19 de octubre, el prestigioso Ballet Nacional de Espa\u00f1a rendir\u00e1 un <strong>emotivo homenaje en el Teatro Real de Madrid al gran maestro Jos\u00e9 Granero<\/strong>, el core\u00f3grafo argentino que transform\u00f3 la danza espa\u00f1ola. La entrada se puede conseguir en la web desde tan solo 13\u202f\u20ac. En esta cita podr\u00e1s apreciar y admirar una muestra excepcional.<\/p>\n<p><img decoding=\"async\" alt=\"Homenaje a Jos\u00e9 Granero.\" data-imgm=\"true\" height=\"240\" loading=\"lazy\"  src=\"https:\/\/www.europesays.com\/es\/wp-content\/uploads\/2025\/10\/1003743968259_259350426_854x640.jpg\"  width=\"320\"\/><\/p>\n<p>                                                            Homenaje a Jos\u00e9 Granero.<\/p>\n<p>                    Cedida<\/p>\n<p class=\"paragraph\" id=\"paragraph_5\">A lo largo de la obra se ver\u00e1n <strong>cuatro emblem\u00e1ticas coreograf\u00edas del artista y dos nuevas creaciones<\/strong> que recogen su legado. El director de la compa\u00f1\u00eda de danza ha seleccionado cuatro honorables obras de Granero para protagonizar: <strong>Leyenda, Cuentos del Guadalquivir, Bolero y la emblem\u00e1tica Medea<\/strong>.<\/p>\n<p class=\"paragraph\" id=\"paragraph_6\">La velada sorprende con dos estrenos absolutos de la mano de Miguel \u00c1ngel Corbacho con Segunda piel y Eduardo Mart\u00ednez, Arriero, reinventando la herencia del maestro en el siglo XXI.<\/p>\n<p class=\"paragraph\" id=\"paragraph_7\">Una presentaci\u00f3n donde podr\u00e1s <strong>sentir uno de los artes m\u00e1s bonitos<\/strong> como es el de la danza. De la mano del gran director, revivir\u00e1s las inolvidables obras de la leyenda Jos\u00e9 Granero.<\/p>\n<p class=\"paragraph\" id=\"paragraph_8\"><strong>\u00bfD\u00f3nde?<\/strong><\/p>\n<p class=\"paragraph\" id=\"paragraph_9\">Teatro Real. Pl. de Isabel II, s\/n, Centro, 28013, Madrid.<\/p>\n<p><img decoding=\"async\" alt=\"Escena de la obra de teatro Sans\u00f3n de las Islas\" height=\"180\" loading=\"lazy\" width=\"320\" data-lazy-status=\"processed\" id=\"abbcb0374b\" src=\"https:\/\/www.elespanol.com\/mujer\/estilo-vida\/20251017\/exposicion-mujeres-artistas-barcelona-dia-muertos-madrid-planes-semanales-magas\/[\" https:=\"\" data-lazy-info=\"changed src\"\/><\/p>\n<p>Homenaje a las creadoras<\/p>\n<p class=\"paragraph\" id=\"paragraph_10\">Este 21 de octubre aterriza en la Juno House de Barcelona la exposici\u00f3n Beyond Art II. Una muestra que tiene como objetivo<strong> visibilizar referentes femeninos en el mundo del arte y el dise\u00f1o.<\/strong> Ser\u00e1 una exhibici\u00f3n individual de la inigualable artista visual Blanca Nieta, tambi\u00e9n conocida como Blannim.<\/p>\n<p><img decoding=\"async\" alt=\"Retrato de Blanca Nieto.\" data-imgm=\"true\" height=\"240\" loading=\"lazy\"  src=\"https:\/\/www.europesays.com\/es\/wp-content\/uploads\/2025\/10\/1003743968260_259350447_854x640.jpg\"  width=\"320\"\/><\/p>\n<p>                                                            Retrato de Blanca Nieto.<\/p>\n<p>                    Cedida<\/p>\n<p class=\"paragraph\" id=\"paragraph_11\">Un paseo por el club con bar, restaurante y la posibilidad de admirar estas creaciones. En definitiva, se trata de <strong><strong>una propuesta plena <\/strong>que puedes adornar a medida.<\/strong><\/p>\n<p class=\"paragraph\" id=\"paragraph_12\">Juno House te espera para la gran inauguraci\u00f3n desde las 19:30 a las 21:00 horas, con una presentaci\u00f3n y charla exclusiva de la artista en la que explicar\u00e1 muchas de sus obras. La muestra estar\u00e1 abierta al p\u00fablico hasta el 31 de diciembre.<\/p>\n<p class=\"paragraph\" id=\"paragraph_13\">El objetivo de Beyond Art II es combatir la baja representaci\u00f3n de las creadoras, brindando un espacio para que puedan fomentar y dar a conocer sus obras. El proyecto act\u00faa como un puente entre dos disciplinas, la igualdad de g\u00e9nero y el arte, impulsando el talento femenino en el \u00e1mbito cultural.<\/p>\n<p><img decoding=\"async\" alt=\"Fiesta It's time for drag\" height=\"180\" loading=\"lazy\" width=\"320\" data-lazy-status=\"processed\" id=\"caeaa6b700\" src=\"https:\/\/www.elespanol.com\/mujer\/estilo-vida\/20251017\/exposicion-mujeres-artistas-barcelona-dia-muertos-madrid-planes-semanales-magas\/[\" https:=\"\" data-lazy-info=\"changed src\"\/><\/p>\n<p class=\"paragraph\" id=\"paragraph_14\">La exhibici\u00f3n forma parte del<strong> itinerario oficial de la Barcelona Design Week<\/strong>, el evento tan esperado cada a\u00f1o para los amantes del dise\u00f1o. Tres meses de presentaci\u00f3n para que puedas apreciar o conocer a la gran artista.<\/p>\n<p><img decoding=\"async\" alt=\"Interiores de Juno House.\" data-imgm=\"true\" height=\"240\" loading=\"lazy\"  src=\"https:\/\/www.europesays.com\/es\/wp-content\/uploads\/2025\/10\/1003743968263_259350490_854x640.jpg\"  width=\"320\"\/><\/p>\n<p>                                                            Interiores de Juno House.<\/p>\n<p>                    Cedida<\/p>\n<p class=\"paragraph\" id=\"paragraph_15\"><strong>\u00bfD\u00f3nde?<\/strong><\/p>\n<p class=\"paragraph\" id=\"paragraph_16\">Juno House Club. Carrer d&#8217;Aribau, 226, Sarri\u00e0-Sant Gervasi, 08006 Barcelona.<\/p>\n<p>Canarias con estrella Michelin<\/p>\n<p class=\"paragraph\" id=\"paragraph_17\">Para aquellos que viven en las Islas Canarias o tienen pensado un viaje a ellas, Kamezi Restaurant les espera. El restaurante dirigido por el chef Rub\u00e9n Cuesta cuenta con un men\u00fa en formato secuencia de aperitivos, inspirados en recetas insulares, con una vista privilegiada al mar Atl\u00e1ntico.<\/p>\n<p class=\"paragraph\" id=\"paragraph_18\">Algunos de sus platos estrella son el salm\u00f3n de Uga con pan de algas a la brasa y mantequilla de ajo y lim\u00f3n, el cabrito embarrado con mole canario, el queso frito y la batata o un delicado postre de lim\u00f3n, maracuy\u00e1 y a\u00e7a\u00ed con sorbete, merengue crujiente y espuma de fruta de la pasi\u00f3n.<\/p>\n<p><img decoding=\"async\" alt=\"Men\u00fa Kamezi.\" data-imgm=\"true\" height=\"240\" loading=\"lazy\"  src=\"https:\/\/www.europesays.com\/es\/wp-content\/uploads\/2025\/10\/1003743968640_259354726_854x640.jpg\"  width=\"320\"\/><\/p>\n<p class=\"paragraph\" id=\"paragraph_19\">La <strong>inmersi\u00f3n es un mix de tradici\u00f3n, innovaci\u00f3n y producto local<\/strong>, donde el chef se esmera en realizar una interpretaci\u00f3n contempor\u00e1nea, uniendo lo mejor de sus ra\u00edces personales con la cocina canaria.<\/p>\n<p class=\"paragraph\" id=\"paragraph_20\">La filosof\u00eda de Kamezi, se centra en la honestidad gastron\u00f3mica, con el respeto al paisaje y el homenaje a productores y artesanos locales. Una comida que te recordar\u00e1 a Lanzarote. Prohibido no probar el vino, pues el referente culinario de la isla cuenta con una bodega repleta de ellos.<\/p>\n<p class=\"paragraph\" id=\"paragraph_21\">Es el <strong>primer y \u00fanico restaurante de la zona en tener el honor de haber recibido una estrella Michelin <\/strong>con una experiencia gastron\u00f3mica que cumple las expectativas. La presentaci\u00f3n y el sabor de los platos no te decepcionar\u00e1n, mucho menos el ambiente del lugar.<\/p>\n<p class=\"paragraph\" id=\"paragraph_22\">\u00a1Cuidado! No te olvides de realizar la reserva antes de ir.<\/p>\n<p><img decoding=\"async\" alt=\"El restaurante Kamezi por dentro.\" data-imgm=\"true\" height=\"240\" loading=\"lazy\"  src=\"https:\/\/www.europesays.com\/es\/wp-content\/uploads\/2025\/10\/1003743968618_259354513_854x640.jpg\"  width=\"320\"\/><\/p>\n<p>                                                            El restaurante Kamezi por dentro.<\/p>\n<p>                    Cedida<\/p>\n<p class=\"paragraph\" id=\"paragraph_23\"><strong>\u00bfD\u00f3nde?<\/strong><\/p>\n<p class=\"paragraph\" id=\"paragraph_24\">Yaiza \u00b7 Lanzarote, C. Monaco, 2, 35580 Playa Blanca, Las Palmas.<\/p>\n<p>Viaje hist\u00f3rico con BBVA<\/p>\n<p class=\"paragraph\" id=\"paragraph_25\">BBVA presenta una <strong>exposici\u00f3n en el Archivo Hist\u00f3rico de Euskadi en Bilbao.<\/strong> Del 31 de octubre al 6 de abril de 2026, podr\u00e1s visitar la muestra que recorre desde los primeros a\u00f1os del siglo XX hasta 1957 utilizando fotograf\u00edas, objetos y obras de arte de la compa\u00f1\u00eda.<\/p>\n<p class=\"paragraph\" id=\"paragraph_26\">Se <strong>visualiza la expansi\u00f3n nacional e internacional de los bancos <\/strong>que dieron origen a la entidad financiera y su financiaci\u00f3n de proyectos clave. Con el <strong>archivo hist\u00f3rico bancario privado m\u00e1s grande de Espa\u00f1a<\/strong>, podr\u00e1s ver de primera mano todos esos documentos que guardan historia.<\/p>\n<p class=\"paragraph\" id=\"paragraph_27\">Se trata de una exposici\u00f3n en conjunto entre el BBVA y el Gobierno del Pa\u00eds Vasco para dar a conocer la historia econ\u00f3mica de la zona. <strong>Un pasaje por la historia<\/strong> que refleja los hitos socioecon\u00f3micos que marcaron el desarrollo regional y nacional.<\/p>\n<p class=\"paragraph\" id=\"paragraph_28\"><strong>\u00bfD\u00f3nde?<\/strong><\/p>\n<p class=\"paragraph\" id=\"paragraph_29\">Archivo Hist\u00f3rico de Euskadi. C\/ Mar\u00eda D\u00edaz de Haro, 3. Bilbao.<\/p>\n<p>El D\u00eda de Muertos en Madrid<\/p>\n<p class=\"paragraph\" id=\"paragraph_30\">Este octubre, Las Rozas Village se prepara para recibirnos por todo lo alto. Para celebrar el D\u00eda de Muertos, el espacio comercial contar\u00e1 con un <strong>decorado con calaveras, flores y colores mexicanos.<\/strong> Una experiencia que combina cultura, gastronom\u00eda y compras exclusivas.<\/p>\n<p><img decoding=\"async\" alt=\"El espect\u00e1culo Clown Quijote de la Mancha.\" height=\"180\" loading=\"lazy\" width=\"320\" data-lazy-status=\"processed\" id=\"e42526b5ce\" src=\"https:\/\/www.elespanol.com\/mujer\/estilo-vida\/20251017\/exposicion-mujeres-artistas-barcelona-dia-muertos-madrid-planes-semanales-magas\/[\" https:=\"\" data-lazy-info=\"changed src\"\/><\/p>\n<p class=\"paragraph\" id=\"paragraph_31\">Un sitio con una ubicaci\u00f3n privilegiada cerca de la sierra de Madrid en el que podr\u00e1s pasar el d\u00eda con la decoraci\u00f3n que tienen preparada para disfrutar al m\u00e1ximo. Un altar tradicional en la Glass House con ofrendas y simbolismo cultural.<\/p>\n<p class=\"paragraph\" id=\"paragraph_32\">No solo eso, tambi\u00e9n encontrar\u00e1s <strong>opciones gastron\u00f3micas tem\u00e1ticas como guacamole con salchich\u00f3n y margaritas<\/strong>, para acompa\u00f1ar la estad\u00eda.<\/p>\n<p><img decoding=\"async\" alt=\"Una mujer posando junto a uno de los esqueletos t\u00edpicos del D\u00eda de los Muertos.\" data-imgm=\"true\" height=\"240\" loading=\"lazy\"  src=\"https:\/\/www.europesays.com\/es\/wp-content\/uploads\/2025\/10\/1003743971669_259390939_854x640.jpg\"  width=\"320\"\/><\/p>\n<p>                                                            Una mujer posando junto a uno de los esqueletos t\u00edpicos del D\u00eda de los Muertos.<\/p>\n<p>                    Cedida<\/p>\n<p class=\"paragraph\" id=\"paragraph_33\"><strong>M\u00e1s de 100 tiendas y restaurantes abiertos con descuentos de hasta el 60%<\/strong> y boutiques de lujo como Adolfo Dom\u00ednguez, Sunglass Hut y Hoff. Para poder aprovechar el d\u00eda y hacer compras tranquilamente contar\u00e1 con un<strong> servicio hands-free shopping<\/strong> para recorrer sin cargar bolsas.<\/p>\n<p class=\"paragraph\" id=\"paragraph_34\">Un mes especial en Las Rozas Village, viviendo la celebraci\u00f3n en primera persona.<\/p>\n<p class=\"paragraph\" id=\"paragraph_35\"><strong>\u00bfD\u00f3nde?<\/strong><\/p>\n<p class=\"paragraph\" id=\"paragraph_36\">C. Juan Ram\u00f3n Jim\u00e9nez, 3, 28232 Las Rozas de Madrid, Madrid.<\/p>\n<p>M\u00e9xico en clave gastro<\/p>\n<p class=\"paragraph\" id=\"paragraph_37\">Los restaurantes como Hijo del Ma\u00edz celebrar\u00e1n igualmente, hasta el 9 de noviembre, la festividad mexicana que honra la vida de los difuntos y su regreso simb\u00f3lico al mundo de los vivos.<\/p>\n<p class=\"paragraph\" id=\"paragraph_38\">Para <strong>rendir homenaje a sus ra\u00edces, <\/strong>ofrece como postre el Pan de Muerto, un pan dulce artesanal decorado con huesos y l\u00e1grimas de az\u00facar, s\u00edmbolo de la uni\u00f3n entre vivos y muertos.<\/p>\n<p><img decoding=\"async\" alt=\"Los mariachis en Hijo del Ma\u00edz.\" data-imgm=\"true\" height=\"240\" loading=\"lazy\"  src=\"https:\/\/www.europesays.com\/es\/wp-content\/uploads\/2025\/10\/1003743971754_259391638_854x640.jpg\"  width=\"320\"\/><\/p>\n<p>                                                            Los mariachis en Hijo del Ma\u00edz.<\/p>\n<p>                    Cedida<\/p>\n<p class=\"paragraph\" id=\"paragraph_39\">No solo ser\u00e1 algo gastron\u00f3mico, sino que los clientes tambi\u00e9n recibir\u00e1n <strong>folletos informativos sobre el significado<\/strong> del pan y de los altares tradicionales, acercando la cultura a Espa\u00f1a.<\/p>\n<p class=\"paragraph\" id=\"paragraph_40\">Las <strong>actividades especiales llegar\u00e1n el viernes 31 de octubre y el s\u00e1bado 1 de noviembre<\/strong>. Ese fin de semana comenzar\u00e1 la fiesta con una noche de <strong>karaoke<\/strong> y un chupito de tequila gratis para aquellos que vayan disfrazados.<\/p>\n<p class=\"paragraph\" id=\"paragraph_41\">El s\u00e1bado les aguarda un plan m\u00e1s familiar: <strong>mariachis en vivo<\/strong> durante las cenas y sobremesas y <strong>pintacaritas para convertirte en catrina o catr\u00edn.<\/strong> Simplemente una noche mexicana en Espa\u00f1a.<\/p>\n<p><img decoding=\"async\" alt=\"Catrina.\" data-imgm=\"true\" height=\"240\" loading=\"lazy\"  src=\"https:\/\/www.europesays.com\/es\/wp-content\/uploads\/2025\/10\/1003743971758_259391680_854x640.jpg\"  width=\"320\"\/><\/p>\n<p class=\"paragraph\" id=\"paragraph_42\">No te puedes perder vivir estas festividades en estos restaurantes, te esperan para que lo pases a lo grande. Una oportunidad \u00fanica para <strong>descubrir la cultura mexicana a trav\u00e9s de su gastronom\u00eda, su m\u00fasica y sus tradiciones<\/strong>.<\/p>\n<p class=\"paragraph\" id=\"paragraph_43\"><strong>\u00bfD\u00f3nde?<\/strong><\/p>\n<p class=\"paragraph\" id=\"paragraph_44\">Hijo del Ma\u00edz Antojer\u00eda. Calle Mauricio Ravel, 4, 28020, Madrid; Hijo del Ma\u00edz Parrilla. Avenida de Brasil, 28, 28046, Madrid.<\/p>\n<p>D\u00eda Mundial de la Pasta<\/p>\n<p class=\"paragraph\" id=\"paragraph_45\">El 25 de octubre se celebra mundialmente el D\u00eda de la Pasta, y tienes una cita en Madrid. El restaurante <strong>Trattoria Popolare,<\/strong> de los reconocidos hermanos Vittorio y Riccardo Figurato, ofrecer\u00e1 <strong>pasta hecha a mano, <\/strong>fatta a mano, inspirada en las aut\u00e9nticas trattorias napolitanas.<\/p>\n<p class=\"paragraph\" id=\"paragraph_46\">Desde su apertura en 2019, el restaurante se ha consolidado como un referente de la aut\u00e9ntica cocina del pa\u00eds en Madrid. Aunque los hermanos Figurato son conocidos por sus pizzas, en este local su<strong> especialidad es la pasta artesanal.<\/strong><\/p>\n<p class=\"paragraph\" id=\"paragraph_47\">Aqu\u00ed te dejamos algunos de sus<strong> platos m\u00e1s destacados<\/strong>, para echarte una mano a la hora de elegir:<\/p>\n<ul class=\"content__summary-list content__summary-list--bullets\">\n<li class=\"summary-list__item\">\n<p>Spaghettoni alla Carbonara<\/p>\n<\/li>\n<li class=\"summary-list__item\">\n<p>Fusilli \u201cal ferretto\u201d del Cilento<\/p>\n<\/li>\n<li class=\"summary-list__item\">\n<p>Ziti al forno con melanzane<\/p>\n<\/li>\n<li class=\"summary-list__item\">\n<p>Gnocchi di ricotta di bufala al rag\u00f9 napoletano<\/p>\n<\/li>\n<li class=\"summary-list__item\">\n<p>Pappardelle alla Genovese<\/p>\n<\/li>\n<li class=\"summary-list__item\">\n<p>Spaghettoni alla Nerano con provolone del Monaco DOP<\/p>\n<\/li>\n<\/ul>\n<p class=\"paragraph\" id=\"paragraph_48\">Un sitio donde la gastronom\u00eda trae<strong> un pedazo de Italia a Madrid<\/strong>, recreando el ambiente familiar de los hogares del sur del pa\u00eds. Un d\u00eda donde las fatta a mano ser\u00e1n las verdaderas protagonistas, transmitiendo la emoci\u00f3n, la memoria y la tradici\u00f3n que los platos representan.<\/p>\n<p class=\"paragraph\" id=\"paragraph_49\"><strong>\u00bfD\u00f3nde?<\/strong><\/p>\n<p class=\"paragraph\" id=\"paragraph_50\">Calle de Larra, 13, Centro, 28004 Madrid.<\/p>\n","protected":false},"excerpt":{"rendered":"Los \u00faltimos meses del a\u00f1o pasan como el viento. Cuando menos te das cuenta ya est\u00e1s preparando la&hellip;\n","protected":false},"author":2,"featured_media":183906,"comment_status":"","ping_status":"","sticky":false,"template":"","format":"standard","meta":{"footnotes":""},"categories":[173],"tags":[229,233,231,230,210,232,234,146,147,25,24,7900,241,9702,3641,205,8677,2022,23],"class_list":{"0":"post-183905","1":"post","2":"type-post","3":"status-publish","4":"format-standard","5":"has-post-thumbnail","7":"category-arte-y-diseno","8":"tag-arte","9":"tag-arte-y-diseno","10":"tag-arts","11":"tag-arts-and-design","12":"tag-barcelona","13":"tag-design","14":"tag-diseno","15":"tag-entertainment","16":"tag-entretenimiento","17":"tag-es","18":"tag-espana","19":"tag-estilo-de-vida","20":"tag-exposiciones","21":"tag-homenajes","22":"tag-lanzarote","23":"tag-madrid","24":"tag-planes","25":"tag-restaurantes","26":"tag-spain"},"share_on_mastodon":{"url":"","error":""},"_links":{"self":[{"href":"https:\/\/www.europesays.com\/es\/wp-json\/wp\/v2\/posts\/183905","targetHints":{"allow":["GET"]}}],"collection":[{"href":"https:\/\/www.europesays.com\/es\/wp-json\/wp\/v2\/posts"}],"about":[{"href":"https:\/\/www.europesays.com\/es\/wp-json\/wp\/v2\/types\/post"}],"author":[{"embeddable":true,"href":"https:\/\/www.europesays.com\/es\/wp-json\/wp\/v2\/users\/2"}],"replies":[{"embeddable":true,"href":"https:\/\/www.europesays.com\/es\/wp-json\/wp\/v2\/comments?post=183905"}],"version-history":[{"count":0,"href":"https:\/\/www.europesays.com\/es\/wp-json\/wp\/v2\/posts\/183905\/revisions"}],"wp:featuredmedia":[{"embeddable":true,"href":"https:\/\/www.europesays.com\/es\/wp-json\/wp\/v2\/media\/183906"}],"wp:attachment":[{"href":"https:\/\/www.europesays.com\/es\/wp-json\/wp\/v2\/media?parent=183905"}],"wp:term":[{"taxonomy":"category","embeddable":true,"href":"https:\/\/www.europesays.com\/es\/wp-json\/wp\/v2\/categories?post=183905"},{"taxonomy":"post_tag","embeddable":true,"href":"https:\/\/www.europesays.com\/es\/wp-json\/wp\/v2\/tags?post=183905"}],"curies":[{"name":"wp","href":"https:\/\/api.w.org\/{rel}","templated":true}]}}