{"id":183907,"date":"2025-10-17T23:33:13","date_gmt":"2025-10-17T23:33:13","guid":{"rendered":"https:\/\/www.europesays.com\/es\/183907\/"},"modified":"2025-10-17T23:33:13","modified_gmt":"2025-10-17T23:33:13","slug":"muere-a-los-35-anos-baek-se-hee-autora-del-libro-quiero-morir-pero-tambien-comer-tteokbokki","status":"publish","type":"post","link":"https:\/\/www.europesays.com\/es\/183907\/","title":{"rendered":"Muere a los 35 a\u00f1os Baek Se-hee, autora del libro Quiero morir, pero tambi\u00e9n comer tteokbokki"},"content":{"rendered":"<p>La surcoreana <strong>Baek Se-hee<\/strong>, autora del libro de memorias <strong>Quiero morir, pero tambi\u00e9n comer tteokbokki<\/strong>, falleci\u00f3 a los 35 a\u00f1os, anunci\u00f3 la <a href=\"https:\/\/www.koreaherald.com\/article\/3413197\" rel=\"nofollow noopener\" target=\"_blank\">Agencia Coreana de Donaci\u00f3n de \u00d3rganos<\/a>.<\/p>\n<p>\u00abBaek salv\u00f3 cinco vidas gracias a la donaci\u00f3n de sus \u00f3rganos\u00bb, inform\u00f3 la instituci\u00f3n, que precis\u00f3 que don\u00f3 su coraz\u00f3n, pulmones, h\u00edgado y ri\u00f1ones, aunque no se han dado m\u00e1s detalles sobre su deceso.<\/p>\n<p>En su libro, publicado en 2018, la autora combinaba memorias y autoayuda, y ofrec\u00eda detalles sobre las conversaciones con su psiquiatra acerca de sus sentimientos contradictorios, que le llevaban a querer morir, pero tambi\u00e9n a disfrutar de peque\u00f1os placeres como el\u00a0<strong>tteokbokki<\/strong>, una popular comida callejera surcoreana que era su plato favorito.<\/p>\n<p><strong>Baek<\/strong> estudi\u00f3 escritura creativa en la universidad y cuando public\u00f3 su libro de memorias estaba trabajando como directora de redes sociales en una editorial.\u00a0<\/p>\n<p>El testimonio de la depresi\u00f3n<\/p>\n<p><strong>Quiero morir, pero tambi\u00e9n comer tteokbokki<\/strong>, se public\u00f3 primero en coreano y en 2022 sali\u00f3 su versi\u00f3n en ingl\u00e9s, lo que lo convirti\u00f3 en un \u00e9xito de ventas.<\/p>\n<p>El libro lleg\u00f3 a la lista de los m\u00e1s vendidos del Sunday Times en el Reino Unido y obtuvo una recomendaci\u00f3n en el New York Times.<\/p>\n<p>En 2019 escribi\u00f3 <strong>Quiero morir, pero todav\u00eda quiero comer tteokbokki<\/strong>, en el que relataba su convivencia con la <a href=\"https:\/\/rpp.pe\/vital\/expertos\/que-es-la-distimia-y-que-hacer-en-estas-situaciones-noticia-1191538\" rel=\"follow nofollow noopener\" target=\"_blank\">distimia<\/a>, una depresi\u00f3n persistente de baja intensidad.<\/p>\n","protected":false},"excerpt":{"rendered":"La surcoreana Baek Se-hee, autora del libro de memorias Quiero morir, pero tambi\u00e9n comer tteokbokki, falleci\u00f3 a los&hellip;\n","protected":false},"author":2,"featured_media":183908,"comment_status":"","ping_status":"","sticky":false,"template":"","format":"standard","meta":{"footnotes":""},"categories":[172],"tags":[51815,224,2111,146,147,25,24,225,23],"class_list":{"0":"post-183907","1":"post","2":"type-post","3":"status-publish","4":"format-standard","5":"has-post-thumbnail","7":"category-libros","8":"tag-baek-se-hee","9":"tag-books","10":"tag-corea-del-sur","11":"tag-entertainment","12":"tag-entretenimiento","13":"tag-es","14":"tag-espana","15":"tag-libros","16":"tag-spain"},"share_on_mastodon":{"url":"","error":""},"_links":{"self":[{"href":"https:\/\/www.europesays.com\/es\/wp-json\/wp\/v2\/posts\/183907","targetHints":{"allow":["GET"]}}],"collection":[{"href":"https:\/\/www.europesays.com\/es\/wp-json\/wp\/v2\/posts"}],"about":[{"href":"https:\/\/www.europesays.com\/es\/wp-json\/wp\/v2\/types\/post"}],"author":[{"embeddable":true,"href":"https:\/\/www.europesays.com\/es\/wp-json\/wp\/v2\/users\/2"}],"replies":[{"embeddable":true,"href":"https:\/\/www.europesays.com\/es\/wp-json\/wp\/v2\/comments?post=183907"}],"version-history":[{"count":0,"href":"https:\/\/www.europesays.com\/es\/wp-json\/wp\/v2\/posts\/183907\/revisions"}],"wp:featuredmedia":[{"embeddable":true,"href":"https:\/\/www.europesays.com\/es\/wp-json\/wp\/v2\/media\/183908"}],"wp:attachment":[{"href":"https:\/\/www.europesays.com\/es\/wp-json\/wp\/v2\/media?parent=183907"}],"wp:term":[{"taxonomy":"category","embeddable":true,"href":"https:\/\/www.europesays.com\/es\/wp-json\/wp\/v2\/categories?post=183907"},{"taxonomy":"post_tag","embeddable":true,"href":"https:\/\/www.europesays.com\/es\/wp-json\/wp\/v2\/tags?post=183907"}],"curies":[{"name":"wp","href":"https:\/\/api.w.org\/{rel}","templated":true}]}}