{"id":183943,"date":"2025-10-17T23:57:08","date_gmt":"2025-10-17T23:57:08","guid":{"rendered":"https:\/\/www.europesays.com\/es\/183943\/"},"modified":"2025-10-17T23:57:08","modified_gmt":"2025-10-17T23:57:08","slug":"miguel-prieto-conquista-a-mika-en-el-ultimo-segundo-de-su-audicion-en-la-voz","status":"publish","type":"post","link":"https:\/\/www.europesays.com\/es\/183943\/","title":{"rendered":"Miguel Prieto conquista a Mika en el \u00faltimo segundo de su Audici\u00f3n en La Voz"},"content":{"rendered":"<p>El escenario de <b>La Voz<\/b> volvi\u00f3 a llenarse de emoci\u00f3n con la actuaci\u00f3n de <b>Miguel<\/b>, un talent con una <b>voz rasgada<\/b> y mucha sensibilidad que conquist\u00f3 al p\u00fablico desde la primera nota.<\/p>\n<p>Acompa\u00f1ado solo por su <b>guitarra<\/b>, interpret\u00f3 <b>\u2018Say something\u2019<\/b> de A Great Big World, en una versi\u00f3n \u00edntima, honesta y llena de sentimiento.<\/p>\n<p>Su <b>actuaci\u00f3n <\/b>fue creciendo con cada acorde, y cuando parec\u00eda que los coaches no se decidir\u00edan a pulsar, <b>Mika <\/b>lo hizo justo en el <b>\u00faltimo segundo<\/b>, dej\u00e1ndose llevar por la emoci\u00f3n.<\/p>\n<p><b>\u201cEst\u00e1s en mi equipo\u201d<\/b>, exclam\u00f3 el coach internacional al<b> girar su silla<\/b>, mientras el plat\u00f3 romp\u00eda en aplausos.<\/p>\n<p><b>Mika <\/b>quiso animar a su nuevo talent con unas <b>palabras <\/b>que reflejaron su <b>conexi\u00f3n <\/b>desde el primer momento: \u201cNo necesitas tener miedo; con los nervios, cuando has visto que nadie se giraba, has empujado un poco m\u00e1s\u201d.<\/p>\n<p>El coach termin\u00f3 su discurso con una frase que <b>resumi\u00f3 la esencia<\/b> de Miguel: <b>\u201cTienes una fuerza que no sabes todav\u00eda\u201d<\/b>. \u00a1Rev\u00edvelo en el v\u00eddeo de arriba!<\/p>\n<p>   <img decoding=\"async\" title=\"El \u00faltimo Llego y canto de la edici\u00f3n llega a La Voz en una noche clave para los coaches \" alt=\"El \u00faltimo Llego y canto de la edici\u00f3n llega a La Voz en una noche clave para los coaches \" width=\"480\" height=\"270\" src=\"https:\/\/www.europesays.com\/es\/wp-content\/uploads\/2025\/10\/ultimo-llego-canto-edicion-llega-voz-noche-clave-coaches_70.jpg\" loading=\"lazy\" class=\"lazy\"\/><\/p>\n","protected":false},"excerpt":{"rendered":"El escenario de La Voz volvi\u00f3 a llenarse de emoci\u00f3n con la actuaci\u00f3n de Miguel, un talent con&hellip;\n","protected":false},"author":2,"featured_media":183944,"comment_status":"","ping_status":"","sticky":false,"template":"","format":"standard","meta":{"footnotes":""},"categories":[171],"tags":[146,147,25,24,23,214],"class_list":{"0":"post-183943","1":"post","2":"type-post","3":"status-publish","4":"format-standard","5":"has-post-thumbnail","7":"category-tv","8":"tag-entertainment","9":"tag-entretenimiento","10":"tag-es","11":"tag-espana","12":"tag-spain","13":"tag-tv"},"share_on_mastodon":{"url":"","error":""},"_links":{"self":[{"href":"https:\/\/www.europesays.com\/es\/wp-json\/wp\/v2\/posts\/183943","targetHints":{"allow":["GET"]}}],"collection":[{"href":"https:\/\/www.europesays.com\/es\/wp-json\/wp\/v2\/posts"}],"about":[{"href":"https:\/\/www.europesays.com\/es\/wp-json\/wp\/v2\/types\/post"}],"author":[{"embeddable":true,"href":"https:\/\/www.europesays.com\/es\/wp-json\/wp\/v2\/users\/2"}],"replies":[{"embeddable":true,"href":"https:\/\/www.europesays.com\/es\/wp-json\/wp\/v2\/comments?post=183943"}],"version-history":[{"count":0,"href":"https:\/\/www.europesays.com\/es\/wp-json\/wp\/v2\/posts\/183943\/revisions"}],"wp:featuredmedia":[{"embeddable":true,"href":"https:\/\/www.europesays.com\/es\/wp-json\/wp\/v2\/media\/183944"}],"wp:attachment":[{"href":"https:\/\/www.europesays.com\/es\/wp-json\/wp\/v2\/media?parent=183943"}],"wp:term":[{"taxonomy":"category","embeddable":true,"href":"https:\/\/www.europesays.com\/es\/wp-json\/wp\/v2\/categories?post=183943"},{"taxonomy":"post_tag","embeddable":true,"href":"https:\/\/www.europesays.com\/es\/wp-json\/wp\/v2\/tags?post=183943"}],"curies":[{"name":"wp","href":"https:\/\/api.w.org\/{rel}","templated":true}]}}