{"id":183949,"date":"2025-10-18T00:00:10","date_gmt":"2025-10-18T00:00:10","guid":{"rendered":"https:\/\/www.europesays.com\/es\/183949\/"},"modified":"2025-10-18T00:00:10","modified_gmt":"2025-10-18T00:00:10","slug":"fernando-alonso-recupera-la-sonrisa-con-aston-martin-f1-en-el-gp-de-estados-unidos-estoy-rindiendo-muy-bien","status":"publish","type":"post","link":"https:\/\/www.europesays.com\/es\/183949\/","title":{"rendered":"Fernando Alonso recupera la sonrisa con Aston Martin F1 en el GP de Estados Unidos: \u00abEstoy rindiendo muy bien\u00bb"},"content":{"rendered":"<p data-journey-content=\"true\" data-node-id=\"3\" class=\"css-6wxqfj emevuu60\">El GP de Estados Unidos, adem\u00e1s de ser la decimonovena ronda del campeonato de F\u00f3rmula 1, indica que la temporada 2025 est\u00e1 llegando a su fin. Un a\u00f1o en el que Fernando Alonso no lo ha pasado bien a los mandos del AMR25, especialmente a inicios de a\u00f1o, donde no logr\u00f3 sumar los primeros puntos hasta el GP de Espa\u00f1a, aunque actualmente ya se encuentra por delante de Lance Stroll en el campeonato de pilotos. Esto viene, en parte, a ra\u00edz de las \u00faltimas carreras del espa\u00f1ol, donde destaca la s\u00e9ptima posici\u00f3n de Singapur o el quinto de Hungr\u00eda. <\/p>\n<p>Fernando Alonso, optimista con el AMR25<\/p>\n<p data-journey-content=\"true\" data-node-id=\"7\" class=\"css-6wxqfj emevuu60\">El fin de semana de Marina Bay se postulaba como una gran oportunidad para pelear por otro top cinco, pero no fue as\u00ed. <strong data-node-id=\"7.1\">Tras ese fin de semana, llegaba Austin, un trazado que tradicionalmente se le ha dado bien a Fernando Alonso<\/strong>, pero al llegar ya aseguraba que este fin de semana entre Alpine y Aston Martin <a href=\"https:\/\/www.caranddriver.com\/es\/formula-1\/a69067015\/fernando-alonso-motivado-gp-estados-unidos-aprovechar-cualquier-oportunidad\/\" target=\"_blank\" data-vars-ga-outbound-link=\"https:\/\/www.caranddriver.com\/es\/formula-1\/a69067015\/fernando-alonso-motivado-gp-estados-unidos-aprovechar-cualquier-oportunidad\/\" data-vars-ga-ux-element=\"Hyperlink\" data-vars-ga-call-to-action=\"iban a pelear por las \u00faltimas posiciones de parrilla\" data-node-id=\"7.3\" class=\"body-link css-168zq96 emevuu60\" rel=\"nofollow noopener\">iban a pelear por las \u00faltimas posiciones de parrilla<\/a>. Pero para ello tocaba pasar por el aro en la clasificaci\u00f3n al Sprint, donde lograba pasar el corte de la SQ2 con tan s\u00f3lo un intento de neum\u00e1tico medio. <\/p>\n<p data-journey-content=\"true\" data-node-id=\"9\" class=\"css-6wxqfj emevuu60\">La segunda ronda se antojaba para Aston Martin como todo un reto si lograban pasar a la SQ3, y en ello estaba Fernando Alonso. <strong data-node-id=\"9.1\">Con su primer intento, lograba colarse en la s\u00e9ptima posici\u00f3n con un 1:33:900, por delante de ambos Ferrari<\/strong> o el Mercedes de Andrea Kimi Antonelli. Y, tras una segunda vuelta abortada, lograba pasar el corte, de nuevo, con su primer intento. La cosa en esta clasificaci\u00f3n estaba de una vuelta por sesi\u00f3n, como ocurri\u00f3 en la SQ3, donde Fernando Alonso <a href=\"https:\/\/www.caranddriver.com\/es\/formula-1\/a69077609\/max-verstappen-nino-conteston-zarpazo-mclaren-clasificacion-sprint-estados-unidos\/\" target=\"_blank\" data-vars-ga-outbound-link=\"https:\/\/www.caranddriver.com\/es\/formula-1\/a69077609\/max-verstappen-nino-conteston-zarpazo-mclaren-clasificacion-sprint-estados-unidos\/\" data-vars-ga-ux-element=\"Hyperlink\" data-vars-ga-call-to-action=\"lograr\u00eda una sorprendente sexta posici\u00f3n para la Sprint. \" data-node-id=\"9.3\" class=\"body-link css-168zq96 emevuu60\" rel=\"nofollow noopener\">lograr\u00eda una sorprendente sexta posici\u00f3n para la Sprint. <\/a><\/p>\n<p><img draggable=\"true\" alt=\"fernando alonso aston martin f1\" title=\"Fernando Alonso Aston Martin F1\" loading=\"lazy\" width=\"5105\" height=\"3403\" decoding=\"async\" data-nimg=\"1\" style=\"color:transparent;width:100%;height:auto;\"   src=\"https:\/\/www.europesays.com\/es\/wp-content\/uploads\/2025\/10\/gettyimages-2241699668-68f2c601278ba.jpg\" class=\"css-0 e1g79fud0\"\/><a target=\"_blank\" rel=\"noopener nofollow\" data-theme-key=\"base-link\" href=\"https:\/\/pinterest.com\/pin\/create\/button\/?url=https:\/\/www.caranddriver.com\/es\/formula-1\/a69077605\/fernando-alonso-recupera-sonrisa-aston-martin-f1-gp-estados-unidos\/&amp;description=&amp;media=https:\/\/hips.hearstapps.com\/hmg-prod\/images\/gettyimages-2241699668-68f2c601278ba.jpg?resize=1600:*\" class=\"pinterest css-on9hn5 e1c1bym14\"><img decoding=\"async\" data-dynamic-svg=\"true\" src=\"https:\/\/www.caranddriver.com\/_assets\/design-tokens\/fre\/static\/icons\/social\/pinterest.e8cf655.svg?primary=%2523ffffff\" loading=\"lazy\" data-testid=\"dynamic-svg-base\" height=\"auto\" width=\"auto\" alt=\"pinterest\" class=\"css-4lml0h e1mlxuuw1\"\/><\/a><\/p>\n<p>Clive Rose<\/p>\n<p data-journey-content=\"true\" data-node-id=\"14\" class=\"css-6wxqfj emevuu60\">\u201cS\u00ed, estoy contento. Sexto para nosotros es una de las mejores clasificaciones de la temporada.<strong data-node-id=\"14.1\"> Hemos hecho una buena vuelta en la Q1 y Q2, y en la Q3 hemos maximizado la oportunidad.<\/strong> Pero ma\u00f1ana va a ser complicado con dos Williams y dos Ferrari detr\u00e1s. Sabemos que deber\u00edan estar delante, pero intentaremos mantenerles por detr\u00e1s\u201d, dec\u00eda el piloto de Aston Martin. <\/p>\n<p data-journey-content=\"true\" data-node-id=\"16\" class=\"css-6wxqfj emevuu60\">\u201cS\u00ed, en el lado personal creo que he estado rindiendo bien, particularmente en clasificaci\u00f3n.<strong data-node-id=\"16.1\"> En las carreras tendemos a caer en nuestra posici\u00f3n natural y hemos tenido altibajos durante la temporada, como todo el mundo<\/strong>\u201d, prosigui\u00f3.<\/p>\n<p data-journey-content=\"true\" data-node-id=\"18\" class=\"css-6wxqfj emevuu60\">\u201cY no va a ser una temporada memorable en cuanto a rendimiento o puntos, pero seguiremos empujando.<strong data-node-id=\"18.1\"> Estoy contento, me siento fresco y motivado, y este tipo de resultados me aportan un empuj\u00f3n adicional<\/strong>\u201d, concluy\u00f3 Fernando Alonso. <\/p>\n<p>Ritmo sorprendente del Aston Martin F1 <\/p>\n<p data-journey-content=\"true\" data-node-id=\"21\" class=\"css-6wxqfj emevuu60\">Como ya nos advert\u00eda el embajador de Aston Martin en exclusiva para Car and Driver, las miradas del <strong data-node-id=\"21.1\"><a href=\"https:\/\/www.caranddriver.com\/es\/formula-1\/a68904884\/embajador-aston-martin-f1-analiza-potencial-fernando-alonso-2026-ilusion\/\" target=\"_blank\" data-vars-ga-outbound-link=\"https:\/\/www.caranddriver.com\/es\/formula-1\/a68904884\/embajador-aston-martin-f1-analiza-potencial-fernando-alonso-2026-ilusion\/\" data-vars-ga-ux-element=\"Hyperlink\" data-vars-ga-call-to-action=\"equipo brit\u00e1nico ya est\u00e1n puestas en la temporada 2026\" data-node-id=\"21.1.0\" class=\"body-link css-168zq96 emevuu60\" rel=\"nofollow noopener\">equipo brit\u00e1nico ya est\u00e1n puestas en la temporada 2026<\/a>, pero tambi\u00e9n destacaba algo que se ha podido comprobar con creces,<\/strong> y es que el asturiano logra sacar el m\u00e1ximo partido del coche cada vuelta. El AMR25 llegaba este fin de semana a un trazado que tradicionalmente, no se le hab\u00eda dado del todo bien, como la decimotercera posici\u00f3n del \u201814\u2019 en 2024 o el abandono de 2023. <\/p>\n<p data-journey-content=\"true\" data-node-id=\"23\" class=\"css-6wxqfj emevuu60\">Pero este fin de semana, al menos de momento, las sensaciones con el AMR25 est\u00e1n siendo diferentes. <strong data-node-id=\"23.1\">El propio piloto espa\u00f1ol aseguraba que la mejor oportunidad para obtener un buen resultado era Singapur, pero Estados Unidos,<\/strong> tras la clasificaci\u00f3n al Sprint, Austin se postula como un fin de semana prometedor para Fernando Alonso, aunque eso s\u00ed, ha querido ser cauto de cara a la Sprint. <\/p>\n<p><img draggable=\"true\" alt=\"fernando alonso aston martin f1\" title=\"Fernando Alonso Aston Martin F1\" loading=\"lazy\" width=\"5155\" height=\"3437\" decoding=\"async\" data-nimg=\"1\" style=\"color:transparent;width:100%;height:auto;\"   src=\"https:\/\/www.europesays.com\/es\/wp-content\/uploads\/2025\/10\/gettyimages-2241696618-68f2c5df48c66.jpg\" class=\"css-0 e1g79fud0\"\/><a target=\"_blank\" rel=\"noopener nofollow\" data-theme-key=\"base-link\" href=\"https:\/\/pinterest.com\/pin\/create\/button\/?url=https:\/\/www.caranddriver.com\/es\/formula-1\/a69077605\/fernando-alonso-recupera-sonrisa-aston-martin-f1-gp-estados-unidos\/&amp;description=&amp;media=https:\/\/hips.hearstapps.com\/hmg-prod\/images\/gettyimages-2241696618-68f2c5df48c66.jpg?resize=1600:*\" class=\"pinterest css-on9hn5 e1c1bym14\"><img decoding=\"async\" data-dynamic-svg=\"true\" src=\"https:\/\/www.caranddriver.com\/_assets\/design-tokens\/fre\/static\/icons\/social\/pinterest.e8cf655.svg?primary=%2523ffffff\" loading=\"lazy\" data-testid=\"dynamic-svg-base\" height=\"auto\" width=\"auto\" alt=\"pinterest\" class=\"css-4lml0h e1mlxuuw1\"\/><\/a><\/p>\n<p>Mark Sutton &#8211; Formula 1<\/p>\n<p data-journey-content=\"true\" data-node-id=\"26\" class=\"css-6wxqfj emevuu60\">\u201cS\u00ed, ha sido un buen d\u00eda. Al final la P6 creo que es una muy buena posici\u00f3n, no es una posici\u00f3n normal para nosotros, as\u00ed que hay que disfrutarla. <strong data-node-id=\"26.1\">Tenemos dos Williams detr\u00e1s, dos Ferrari detr\u00e1s, as\u00ed que ma\u00f1ana ser\u00e1 duro tenerlos ah\u00ed, pero hoy hemos hecho el trabajo<\/strong>, contentos de las prestaciones que hemos tenido, as\u00ed que disfrutando\u201d, dec\u00eda. <\/p>\n<p data-journey-content=\"true\" data-node-id=\"28\" class=\"css-6wxqfj emevuu60\">Es as\u00ed como el piloto de Aston Martin ha logrado clasificarse en la sexta posici\u00f3n tras una Sprint Shootout en la que ha sorprendido hasta a su propio equipo.   <\/p>\n","protected":false},"excerpt":{"rendered":"El GP de Estados Unidos, adem\u00e1s de ser la decimonovena ronda del campeonato de F\u00f3rmula 1, indica que&hellip;\n","protected":false},"author":2,"featured_media":183950,"comment_status":"","ping_status":"","sticky":false,"template":"","format":"standard","meta":{"footnotes":""},"categories":[93],"tags":[168,253,25,24,23,167],"class_list":{"0":"post-183949","1":"post","2":"type-post","3":"status-publish","4":"format-standard","5":"has-post-thumbnail","7":"category-deportes","8":"tag-deportes","9":"tag-discover","10":"tag-es","11":"tag-espana","12":"tag-spain","13":"tag-sports"},"share_on_mastodon":{"url":"","error":""},"_links":{"self":[{"href":"https:\/\/www.europesays.com\/es\/wp-json\/wp\/v2\/posts\/183949","targetHints":{"allow":["GET"]}}],"collection":[{"href":"https:\/\/www.europesays.com\/es\/wp-json\/wp\/v2\/posts"}],"about":[{"href":"https:\/\/www.europesays.com\/es\/wp-json\/wp\/v2\/types\/post"}],"author":[{"embeddable":true,"href":"https:\/\/www.europesays.com\/es\/wp-json\/wp\/v2\/users\/2"}],"replies":[{"embeddable":true,"href":"https:\/\/www.europesays.com\/es\/wp-json\/wp\/v2\/comments?post=183949"}],"version-history":[{"count":0,"href":"https:\/\/www.europesays.com\/es\/wp-json\/wp\/v2\/posts\/183949\/revisions"}],"wp:featuredmedia":[{"embeddable":true,"href":"https:\/\/www.europesays.com\/es\/wp-json\/wp\/v2\/media\/183950"}],"wp:attachment":[{"href":"https:\/\/www.europesays.com\/es\/wp-json\/wp\/v2\/media?parent=183949"}],"wp:term":[{"taxonomy":"category","embeddable":true,"href":"https:\/\/www.europesays.com\/es\/wp-json\/wp\/v2\/categories?post=183949"},{"taxonomy":"post_tag","embeddable":true,"href":"https:\/\/www.europesays.com\/es\/wp-json\/wp\/v2\/tags?post=183949"}],"curies":[{"name":"wp","href":"https:\/\/api.w.org\/{rel}","templated":true}]}}