{"id":183951,"date":"2025-10-18T00:01:09","date_gmt":"2025-10-18T00:01:09","guid":{"rendered":"https:\/\/www.europesays.com\/es\/183951\/"},"modified":"2025-10-18T00:01:09","modified_gmt":"2025-10-18T00:01:09","slug":"triste-final-para-pedro-el-vecino-de-merida-que-no-podia-salir-de-casa","status":"publish","type":"post","link":"https:\/\/www.europesays.com\/es\/183951\/","title":{"rendered":"Triste final para Pedro, el vecino de M\u00e9rida que no pod\u00eda salir de casa"},"content":{"rendered":"<p class=\"ft-text\">Casi cuatro horas tardaron ayer los bomberos de M\u00e9rida en<strong> sacar de su domicilio a <\/strong><a class=\"ft-link ft-link--decoration\" href=\"https:\/\/www.elperiodicoextremadura.com\/merida\/2025\/02\/17\/dispositivo-merida-grua-vecino-300-kilos-114388847.html?utm_source=whatsapp&amp;utm_medium=social&amp;utm_campaign=btn-share\" target=\"_blank\" rel=\"nofollow noopener\"><strong>Pedro<\/strong><\/a><strong>, un vecino de 47 a\u00f1os de unos 300 kilos de peso<\/strong> que requer\u00eda el traslado al <a class=\"ft-link ft-link--decoration\" href=\"https:\/\/saludextremadura.ses.es\/web\/Directories\" rel=\"nofollow noopener\" target=\"_blank\">hospital<\/a> para ser atendido de una peritonitis, y que finalmente ha fallecido esta ma\u00f1ana. El hombre resid\u00eda en el primer piso del bloque G de la calle Panadero, en la barriada de Santa Eulalia, y para poder sacarle de la vivienda, los profesionales del parque emeritense tuvieron que afanarse en abrir un hueco en una de las ventanas.<\/p>\n<p class=\"ft-text\">Seg\u00fan ha podido saber este diario, <strong>entre siete bomberos<\/strong> lograron mover a Pedro desde la cama en la que se encontraba postrado hasta un pal\u00e9 en el que pudo ser transportado con una m\u00e1quina elevadora (toro mec\u00e1nico) hasta el exterior de la fachada, donde aguardaba una gr\u00faa. Una vez en la calle, el var\u00f3n fue trasladado al centro hospitalario emeritense aquejado de dolores intestinales, aunque lamentablemente no ha podido superarlos.<\/p>\n<p class=\"ft-text\">El pasado mes de febrero, como inform\u00f3 este diario, los\u00a0bomberos, junto a efectivos del servicio de urgencias y emergencias 112 de Extremadura, Cruz Roja, polic\u00eda local y del ayuntamiento emeritense<strong> tuvieron que montar un operativo especial <\/strong>para trasladar a Pedro hasta el hospital. En esa ocasi\u00f3n, el traslado s\u00ed estaba planificado, no como ocurri\u00f3 ayer, que tuvo que gestionarse sobre la marcha ante la urgencia de atender a Pedro.<\/p>\n","protected":false},"excerpt":{"rendered":"Casi cuatro horas tardaron ayer los bomberos de M\u00e9rida en sacar de su domicilio a Pedro, un vecino&hellip;\n","protected":false},"author":2,"featured_media":183952,"comment_status":"","ping_status":"","sticky":false,"template":"","format":"standard","meta":{"footnotes":""},"categories":[92],"tags":[2996,25,24,165,52003,7236,5693,166,1811,23,8839],"class_list":{"0":"post-183951","1":"post","2":"type-post","3":"status-publish","4":"format-standard","5":"has-post-thumbnail","7":"category-salud","8":"tag-enfermedad","9":"tag-es","10":"tag-espana","11":"tag-health","12":"tag-hospital-de-merida","13":"tag-merida","14":"tag-obesidad","15":"tag-salud","16":"tag-sanidad","17":"tag-spain","18":"tag-vecino"},"share_on_mastodon":{"url":"","error":""},"_links":{"self":[{"href":"https:\/\/www.europesays.com\/es\/wp-json\/wp\/v2\/posts\/183951","targetHints":{"allow":["GET"]}}],"collection":[{"href":"https:\/\/www.europesays.com\/es\/wp-json\/wp\/v2\/posts"}],"about":[{"href":"https:\/\/www.europesays.com\/es\/wp-json\/wp\/v2\/types\/post"}],"author":[{"embeddable":true,"href":"https:\/\/www.europesays.com\/es\/wp-json\/wp\/v2\/users\/2"}],"replies":[{"embeddable":true,"href":"https:\/\/www.europesays.com\/es\/wp-json\/wp\/v2\/comments?post=183951"}],"version-history":[{"count":0,"href":"https:\/\/www.europesays.com\/es\/wp-json\/wp\/v2\/posts\/183951\/revisions"}],"wp:featuredmedia":[{"embeddable":true,"href":"https:\/\/www.europesays.com\/es\/wp-json\/wp\/v2\/media\/183952"}],"wp:attachment":[{"href":"https:\/\/www.europesays.com\/es\/wp-json\/wp\/v2\/media?parent=183951"}],"wp:term":[{"taxonomy":"category","embeddable":true,"href":"https:\/\/www.europesays.com\/es\/wp-json\/wp\/v2\/categories?post=183951"},{"taxonomy":"post_tag","embeddable":true,"href":"https:\/\/www.europesays.com\/es\/wp-json\/wp\/v2\/tags?post=183951"}],"curies":[{"name":"wp","href":"https:\/\/api.w.org\/{rel}","templated":true}]}}