{"id":183960,"date":"2025-10-18T00:11:08","date_gmt":"2025-10-18T00:11:08","guid":{"rendered":"https:\/\/www.europesays.com\/es\/183960\/"},"modified":"2025-10-18T00:11:08","modified_gmt":"2025-10-18T00:11:08","slug":"campeona-de-golf-y-su-historia-de-amor","status":"publish","type":"post","link":"https:\/\/www.europesays.com\/es\/183960\/","title":{"rendered":"campeona de golf y su historia de amor"},"content":{"rendered":"<p>Fue el pasado 14 de diciembre cuando el presidente de <strong>Mango<\/strong>, <strong><a href=\"https:\/\/theobjective.com\/gente\/2024-11-30\/vida-lujo-isak-andic-dueno-mango\/\" rel=\"nofollow noopener\" target=\"_blank\">Isak Andic<\/a><\/strong>, se precipit\u00f3 cuando se encontraba dando un paseo junto a su hijo, Jonathan, por la monta\u00f1a de Montserrat. En estos \u00faltimos meses, la investigaci\u00f3n se ha abierto hasta en dos ocasiones, y, ahora, los Mossos d\u2019Esquadra investigan la muerte como <strong><a href=\"https:\/\/theobjective.com\/espana\/tribunales\/2025-10-16\/mossos-asesinato-muerte-fundador-mango\/\" rel=\"nofollow noopener\" target=\"_blank\">un posible homicidio<\/a><\/strong>, tal y como confirman en El Pa\u00eds. En todo este tiempo, su familia ha tenido <strong>un papel crucial<\/strong>, sobre todo su hijo, quien se encontraba junto a \u00e9l cuando sucedi\u00f3 todo, pospuso su boda y ha sido padre recientemente. Quien, tambi\u00e9n, ha tenido un gran protagonismo ha sido su viuda, Estefan\u00eda Knuth. <\/p>\n<p>Isak Andic naci\u00f3 en 1953 en <strong>Estambul<\/strong>. Se traslad\u00f3 a Barcelona con 16 a\u00f1os y en 1984 decidi\u00f3 abrir su primera tienda en el Paseo de Gracia. Lo que muy probablemente no sab\u00edan en ese momento es que ese iba a ser el comienzo de un gran imperio textil. Gracias a su visi\u00f3n empresarial, Mango creci\u00f3 hasta tener miles de tiendas alrededor del mundo con presencia en m\u00e1s de 100 pa\u00edses, generando miles de empleo y much\u00edsimo beneficio. <\/p>\n<p>Qui\u00e9n es Estefan\u00eda Knuth, pareja de Isak Andic <\/p>\n<p><img fetchpriority=\"high\" decoding=\"async\" width=\"1024\" height=\"683\" src=\"https:\/\/www.europesays.com\/es\/wp-content\/uploads\/2025\/10\/estefania-knuth-1024x683.jpg\" alt=\"\" class=\"wp-image-3780117\"  \/>Estefan\u00eda Knuth, en una imagen de archivo. | EP<\/p>\n<p>Isak estuvo casado con <strong>Neus Reig Tarrag\u00f3<\/strong> con quien tuvo tres hijos; Jonathan, Judith y Sarah. Tras su divorcio, tuvo varias relaciones estables, entre ellas con Zenaida Bufill, y desde 2018 hasta su muerte estuvo en pareja con <strong>Estefan\u00eda Knuth<\/strong>. Por si algo era conocido el empresario era por su discreta vida personal y por ser especialmente reservado. Cuando sal\u00eda, m\u00e1s all\u00e1 de su trabajo, le gustaba <strong>la navegaci\u00f3n, la naturaleza, las excursiones y hacer viajes alrededor del mundo<\/strong>. Sin duda alguna, en sus \u00faltimos a\u00f1os de vida, Estefan\u00eda tuvo un papel fundamental en su vida. <\/p>\n<p>Estefan\u00eda Knuth es una <strong>exgolfista <\/strong>y empresaria catalana nacida en\u00a0<strong>1973<\/strong>, destacada por su carrera deportiva amateur y por mantener un perfil bastante reservado en lo p\u00fablico. En su juventud acumul\u00f3 importantes logros: fue campeona de Espa\u00f1a amateur en 1992 y 1993, obtuvo medallas en competiciones europeas, particip\u00f3 en competiciones internacionales, y alcanz\u00f3 tambi\u00e9n victorias como la del\u00a0Singapore Ladies Open\u00a0en 1995. Antes de su relaci\u00f3n con Andic, Knuth estuvo casada con<strong> Gonzalo Rod\u00e9s<\/strong> \u2014hijo de Leopoldo Rod\u00e9s\u2014. De esa uni\u00f3n tiene\u00a0<strong>tres hijos<\/strong>. Tras su divorcio, mantuvo un perfil bajo respecto de la prensa rosa, aunque su nombre se ha hecho m\u00e1s visible al hacerse p\u00fablica su relaci\u00f3n con Andic.<\/p>\n<p>Adem\u00e1s de su faceta como deportista, Estefan\u00eda ha tenido varios cargos relacionados con el mundo del <strong>golf <\/strong>como miembro del Comit\u00e9 de la Real Federaci\u00f3n Espa\u00f1ola de Golf. Adem\u00e1s, siempre ha estado muy vinculada al sector inmobiliario, sobre todo a trav\u00e9s de su las empresas familiares. En cuanto a su car\u00e1cter medi\u00e1tico, Estefan\u00eda era conocida por mantener <strong>discreci\u00f3n<\/strong>; ha hecho pocas apariciones en prensa, evitar titulares innecesarios y no exponer demasiado su vida privada. Su relaci\u00f3n con Andic fue discreta, aunque algunos momentos compartidos y viajes \u00edntimos salieron en medios.<\/p>\n<p><img loading=\"lazy\" decoding=\"async\" width=\"1024\" height=\"576\" src=\"https:\/\/www.europesays.com\/es\/wp-content\/uploads\/2025\/10\/juzgado-reabre-investigacion-muerte-mango-isak-andic-1024x576.jpg\" alt=\"\" class=\"wp-image-3403439\"  \/>Isak Andic muri\u00f3 hace meses al caer por un terrapl\u00e9n. <\/p>\n<p>La relaci\u00f3n entre Estefan\u00eda Knuth e Isak Andic comenz\u00f3 aproximadamente en\u00a0<strong>2018<\/strong>, y aunque era relativamente reciente, fue suficientemente duradera y estable hasta la muerte de Andic. Es m\u00e1s, esta relaci\u00f3n el aport\u00f3 a ambos cierta \u00abestabilidad emocional\u00bb. Ambos, tambi\u00e9n, compartieron muchas pasiones como la naturaleza, los viajes, el mar y las escapadas, reforzando su v\u00ednculo personal. A pesar de la diferencia de edad \u2014\u00e9l era mayor\u2014, los medios coinciden en que la relaci\u00f3n era de <strong>mutuo respeto, discreci\u00f3n y sin necesidad de estar en la primera fila de la prensa del coraz\u00f3n<\/strong>. Es m\u00e1s, Isak y Estefan\u00eda nunca llegaron a casarse, aunque s\u00ed que estuvo incluida en las disposiciones testamentarias. <\/p>\n<p>Fue en marzo de este mismo a\u00f1o cuando se conoci\u00f3 que Estefan\u00eda iba a comenzar <strong>una nueva etapa profesional <\/strong>como parte del consejo del grupo audiovisual Atresmedia. As\u00ed, la catalana ocupa un puesto de consejera independiente, debutando junto a Almudena Martorell. Y es que Isak Andic manten\u00eda una buen\u00edsima relaci\u00f3n con <strong>Jos\u00e9 Creuheras<\/strong>, presidente del Grupo Planeta y de la corporaci\u00f3n Atresmedia, hasta tal punto de ser designado como uno de los albaceas de la fortuna del empresario de origen turco, tal y como confirman en Mujer Hoy. <\/p>\n","protected":false},"excerpt":{"rendered":"Fue el pasado 14 de diciembre cuando el presidente de Mango, Isak Andic, se precipit\u00f3 cuando se encontraba&hellip;\n","protected":false},"author":2,"featured_media":183961,"comment_status":"","ping_status":"","sticky":false,"template":"","format":"standard","meta":{"footnotes":""},"categories":[275],"tags":[255,168,25,24,329,4809,4412,23,167],"class_list":{"0":"post-183960","1":"post","2":"type-post","3":"status-publish","4":"format-standard","5":"has-post-thumbnail","7":"category-golf","8":"tag-celebrities","9":"tag-deportes","10":"tag-es","11":"tag-espana","12":"tag-golf","13":"tag-muertes","14":"tag-relaciones-de-pareja","15":"tag-spain","16":"tag-sports"},"share_on_mastodon":{"url":"","error":""},"_links":{"self":[{"href":"https:\/\/www.europesays.com\/es\/wp-json\/wp\/v2\/posts\/183960","targetHints":{"allow":["GET"]}}],"collection":[{"href":"https:\/\/www.europesays.com\/es\/wp-json\/wp\/v2\/posts"}],"about":[{"href":"https:\/\/www.europesays.com\/es\/wp-json\/wp\/v2\/types\/post"}],"author":[{"embeddable":true,"href":"https:\/\/www.europesays.com\/es\/wp-json\/wp\/v2\/users\/2"}],"replies":[{"embeddable":true,"href":"https:\/\/www.europesays.com\/es\/wp-json\/wp\/v2\/comments?post=183960"}],"version-history":[{"count":0,"href":"https:\/\/www.europesays.com\/es\/wp-json\/wp\/v2\/posts\/183960\/revisions"}],"wp:featuredmedia":[{"embeddable":true,"href":"https:\/\/www.europesays.com\/es\/wp-json\/wp\/v2\/media\/183961"}],"wp:attachment":[{"href":"https:\/\/www.europesays.com\/es\/wp-json\/wp\/v2\/media?parent=183960"}],"wp:term":[{"taxonomy":"category","embeddable":true,"href":"https:\/\/www.europesays.com\/es\/wp-json\/wp\/v2\/categories?post=183960"},{"taxonomy":"post_tag","embeddable":true,"href":"https:\/\/www.europesays.com\/es\/wp-json\/wp\/v2\/tags?post=183960"}],"curies":[{"name":"wp","href":"https:\/\/api.w.org\/{rel}","templated":true}]}}