{"id":183964,"date":"2025-10-18T00:13:08","date_gmt":"2025-10-18T00:13:08","guid":{"rendered":"https:\/\/www.europesays.com\/es\/183964\/"},"modified":"2025-10-18T00:13:08","modified_gmt":"2025-10-18T00:13:08","slug":"cofidis-israel-premier-tech-y-polti-visitmalta-refuerzan-sus-plantillas-con-nuevos-fichajes-para-2026","status":"publish","type":"post","link":"https:\/\/www.europesays.com\/es\/183964\/","title":{"rendered":"Cofidis, Israel-Premier Tech y Polti-VisitMalta refuerzan sus plantillas con nuevos fichajes para 2026"},"content":{"rendered":"<p>&#13;<br \/>\n&#13;<\/p>\n<p><img loading=\"lazy\" decoding=\"async\" src=\"https:\/\/www.europesays.com\/es\/wp-content\/uploads\/2025\/10\/louis-rouland-fichaje-cofidis-2025-cofidis-press.jpg\" width=\"556\" height=\"418\" class=\"setborder\" alt=\"Cofidis, Israel-Premier Tech y Polti-VisitMalta refuerzan sus plantillas con nuevos fichajes para 2026\" title=\"Cofidis, Israel-Premier Tech y Polti-VisitMalta refuerzan sus plantillas con nuevos fichajes para 2026\"\/><br \/>\n&#13;<br \/>\n&#13;<br \/>\n&#13;<br \/>\n<a href=\"https:\/\/www.esciclismo.com\/actualidad\/esciclismo\/\" rel=\"nofollow noopener\" target=\"_blank\">EsCiclismo.com<\/a> \u00b7 <a href=\"https:\/\/www.esciclismo.com\/actualidad\/carretera\/\" rel=\"nofollow noopener\" target=\"_blank\">Competici\u00f3n Carretera<\/a>  \u00b7 17\/10\/2025<\/p>\n<p>El mercado de fichajes del ciclismo profesional contin\u00faa dejando movimientos destacados en la recta final de la temporada, con nuevas incorporaciones anunciadas por tres equipos del pelot\u00f3n internacional. En las \u00faltimas horas, Cofidis, Israel-Premier Tech y Polti-VisitMalta han oficializado la llegada de Louis Rouland, Ryan Mullen y los hermanos Tommaso y Gabriele Bessega, respectivamente, ampliando as\u00ed la n\u00f3mina de ciclistas que cambiar\u00e1n de aires de cara a 2026.<\/p>\n<p>&#13;<br \/>\nLouis Rouland, nuevo escalador ofensivo para Cofidis&#13;<\/p>\n<p>El conjunto Cofidis ha confirmado la incorporaci\u00f3n del joven franc\u00e9s Louis Rouland, procedente del Ark\u00e9a-B&amp;B Hotels, con quien ha competido las tres \u00faltimas temporadas. A sus 22 a\u00f1os, el escalador de Le Mans destaca por su combatividad y su perfil de atacante, especialmente en terrenos de monta\u00f1a, tal como demostr\u00f3 durante la \u00faltima Vuelta a Espa\u00f1a, donde fue uno de los ciclistas m\u00e1s activos en las escapadas.<\/p>\n<p>&#13;<\/p>\n<p><b id=\"P2\"\/>Rouland, que ha firmado un contrato para las temporadas 2026 y 2027, se define como un ciclista &#8216;puncher&#8217;, capaz de rendir en jornadas exigentes y dispuesto a trabajar para sus l\u00edderes en la alta monta\u00f1a. Su llegada refuerza la apuesta de Cofidis por los j\u00f3venes talentos del ciclismo franc\u00e9s, dentro de una estrategia que combina experiencia y proyecci\u00f3n de futuro.<\/p>\n<p>&#13;<br \/>\nRyan Mullen aporta solidez y experiencia al bloque de Israel-Premier Tech&#13;<\/p>\n<p><b id=\"P3\"\/>Por su parte, Israel-Premier Tech ha anunciado el fichaje del irland\u00e9s Ryan Mullen, que se une al equipo con un contrato hasta 2027 tras cuatro temporadas en el Red Bull-Bora. Mullen, de 31 a\u00f1os, es un corredor polivalente y especialista en contrarreloj, con m\u00faltiples t\u00edtulos nacionales en esta disciplina y una reconocida fiabilidad como gregario.<\/p>\n<p>&#13;<\/p>\n<p>Su llegada responde a la necesidad del conjunto israel\u00ed de reforzar su \u00absala de m\u00e1quinas\u00bb, como ha definido su director general Kjell Carlstr\u00f6m, especialmente para los trenes de sprint, las cl\u00e1sicas y el apoyo en vueltas por etapas. Mullen aportar\u00e1 no solo su fuerza f\u00edsica y capacidad t\u00e1ctica, sino tambi\u00e9n su liderazgo y experiencia en situaciones de carrera complejas.<\/p>\n<p>&#13;<\/p>\n<p><b id=\"P4\"\/>Con esta incorporaci\u00f3n, Israel-Premier Tech refuerza su bloque de apoyo en un momento clave de planificaci\u00f3n para 2026, apostando por un perfil contrastado y con capacidad de asumir responsabilidades desde el primer d\u00eda.<\/p>\n<p>&#13;<br \/>\nLos gemelos Bessega regresan a casa con Polti-VisitMalta&#13;<\/p>\n<p><b id=\"P5\"\/>El equipo Polti-VisitMalta ha anunciado tambi\u00e9n el fichaje de los gemelos italianos Tommaso y Gabriele Bessega, de 21 a\u00f1os, que regresan a la estructura dirigida por Ivan Basso y los hermanos Contador tras un a\u00f1o en el Biesse Carrera Premac de categor\u00eda continental. Ambos firmar\u00e1n su primer contrato profesional con la escuadra ProTeam, que sigue apostando por el desarrollo de talento desde sus categor\u00edas inferiores.<\/p>\n<p>&#13;<\/p>\n<p>Formados en las filas del equipo sub-23 de la Fundaci\u00f3n Contador, los gemelos Bessega comparten un perfil de ciclistas potentes, con victorias y actuaciones destacadas en el calendario sub-23, incluyendo una victoria colectiva en la contrarreloj por equipos de la Vuelta a Madrid 2024. Con esta doble incorporaci\u00f3n, Polti-VisitMalta suma ya seis refuerzos confirmados para la temporada 2026, consolidando su proyecto de formaci\u00f3n y crecimiento deportivo.<\/p>\n<p>&#13;<\/p>\n<p>&#13;<br \/>\nEstos movimientos se suman a una intensa actividad en el mercado de fichajes y renovaciones de las \u00faltimas semanas, en las que equipos como Caja Rural-Seguros RGA, Kern Pharma, XDS-Astana o Cofidis han reforzado sus plantillas con nuevas incorporaciones o han asegurado la continuidad de piezas clave. La configuraci\u00f3n del pelot\u00f3n profesional para la pr\u00f3xima temporada sigue avanzando con nombres que buscar\u00e1n consolidarse o dar un nuevo salto en su trayectoria dentro del ciclismo internacional.<\/p>\n<p>&#13;<br \/>\n&#13;<br \/>\n&#13;<br \/>\nEsCiclismo &#8211; Todos los derechos reservados. Est\u00e1 prohibido todo tipo de reproducci\u00f3n sin autorizaci\u00f3n expresa escrita.<br \/>&#13;<br \/>\n&#13;<\/p>\n","protected":false},"excerpt":{"rendered":"&#13; &#13; &#13; &#13; &#13; EsCiclismo.com \u00b7 Competici\u00f3n Carretera \u00b7 17\/10\/2025 El mercado de fichajes del ciclismo profesional&hellip;\n","protected":false},"author":2,"featured_media":183965,"comment_status":"","ping_status":"","sticky":false,"template":"","format":"standard","meta":{"footnotes":""},"categories":[273],"tags":[30813,313,9301,10600,312,2480,168,3500,158,6440,25,24,285,1058,297,10731,61,74,5808,52007,1239,20359,2860,52006,4690,52004,17656,2032,19892,23,167,17765,1152,603,4067,52005],"class_list":{"0":"post-183964","1":"post","2":"type-post","3":"status-publish","4":"format-standard","5":"has-post-thumbnail","7":"category-ciclismo","8":"tag-anunciadas","9":"tag-ciclismo","10":"tag-cofidis","11":"tag-continua","12":"tag-cycling","13":"tag-dejando","14":"tag-deportes","15":"tag-destacados","16":"tag-el","17":"tag-equipos","18":"tag-es","19":"tag-espana","20":"tag-fichajes","21":"tag-final","22":"tag-horas","23":"tag-incorporaciones","24":"tag-internacional","25":"tag-israel","26":"tag-llegada","27":"tag-loui","28":"tag-mercado","29":"tag-movimientos","30":"tag-nuevas","31":"tag-oficializado","32":"tag-peloton","33":"tag-polti","34":"tag-premier","35":"tag-profesional","36":"tag-recta","37":"tag-spain","38":"tag-sports","39":"tag-tech","40":"tag-temporada","41":"tag-tres","42":"tag-ultimas","43":"tag-visitmalta"},"share_on_mastodon":{"url":"","error":""},"_links":{"self":[{"href":"https:\/\/www.europesays.com\/es\/wp-json\/wp\/v2\/posts\/183964","targetHints":{"allow":["GET"]}}],"collection":[{"href":"https:\/\/www.europesays.com\/es\/wp-json\/wp\/v2\/posts"}],"about":[{"href":"https:\/\/www.europesays.com\/es\/wp-json\/wp\/v2\/types\/post"}],"author":[{"embeddable":true,"href":"https:\/\/www.europesays.com\/es\/wp-json\/wp\/v2\/users\/2"}],"replies":[{"embeddable":true,"href":"https:\/\/www.europesays.com\/es\/wp-json\/wp\/v2\/comments?post=183964"}],"version-history":[{"count":0,"href":"https:\/\/www.europesays.com\/es\/wp-json\/wp\/v2\/posts\/183964\/revisions"}],"wp:featuredmedia":[{"embeddable":true,"href":"https:\/\/www.europesays.com\/es\/wp-json\/wp\/v2\/media\/183965"}],"wp:attachment":[{"href":"https:\/\/www.europesays.com\/es\/wp-json\/wp\/v2\/media?parent=183964"}],"wp:term":[{"taxonomy":"category","embeddable":true,"href":"https:\/\/www.europesays.com\/es\/wp-json\/wp\/v2\/categories?post=183964"},{"taxonomy":"post_tag","embeddable":true,"href":"https:\/\/www.europesays.com\/es\/wp-json\/wp\/v2\/tags?post=183964"}],"curies":[{"name":"wp","href":"https:\/\/api.w.org\/{rel}","templated":true}]}}