{"id":183966,"date":"2025-10-18T00:14:11","date_gmt":"2025-10-18T00:14:11","guid":{"rendered":"https:\/\/www.europesays.com\/es\/183966\/"},"modified":"2025-10-18T00:14:11","modified_gmt":"2025-10-18T00:14:11","slug":"en-red-bull-creen-posible-una-epica-remontada-de-verstappen","status":"publish","type":"post","link":"https:\/\/www.europesays.com\/es\/183966\/","title":{"rendered":"En Red Bull creen posible una \u00e9pica remontada de Verstappen"},"content":{"rendered":"<p class=\"gr_datos_tiempo\">02 MIN 00 SEG<\/p>\n<p class=\"gr_datos_autor\">AFP<\/p>\n<p class=\"gr_datos_lugar_fecha\">Austin, Estados Unidos (17 octubre 2025) .-17:55 hrs<\/p>\n<p><img decoding=\"async\" id=\"imgCerrarSticky\" style=\"display:none;\" class=\"stickyImg\" onclick=\"cerrarSticky()\" src=\"https:\/\/www.europesays.com\/es\/wp-content\/uploads\/2025\/07\/btn_cerrar.png\"\/><img decoding=\"async\" src=\"https:\/\/www.europesays.com\/es\/wp-content\/uploads\/2025\/09\/1757026390_774_expande.png\" alt=\"\"\/><img decoding=\"async\" src=\"https:\/\/www.europesays.com\/es\/wp-content\/uploads\/2025\/10\/6050990.jpg&#038;imagencompleta=1.jpeg\" alt=\"El equipo est\u00e1 comprometido para dar el m\u00e1ximo al cierre de temporada.\" class=\"imgArt zoomable-image\"\/><\/p>\n<p class=\"gr_pie_de_foto\">El equipo est\u00e1 comprometido para dar el m\u00e1ximo al cierre de temporada. Cr\u00e9dito: AFP<\/p>\n<p>El jefe del equipo <strong>Red Bull<\/strong>, <strong>Laurent Mekies<\/strong>, que asumi\u00f3 el cargo tras la destituci\u00f3n de <strong>Christian Horner<\/strong> en julio, dijo que el equipo est\u00e1 preparado para impulsar a <strong>Max Verstappen<\/strong> hacia un sensacional quinto t\u00edtulo mundial de pilotos en la <strong>F\u00f3rmula 1<\/strong>.<\/p>\n<p><img decoding=\"async\" width=\"35px\" height=\"35px\" style=\"display:none;\" src=\"https:\/\/www.europesays.com\/es\/wp-content\/uploads\/2025\/09\/contrae2.png\" alt=\"\" id=\"closeM\"\/><img class=\"modal-content\"\/><\/p>\n","protected":false},"excerpt":{"rendered":"02 MIN 00 SEG AFP Austin, Estados Unidos (17 octubre 2025) .-17:55 hrs El equipo est\u00e1 comprometido para&hellip;\n","protected":false},"author":2,"featured_media":183967,"comment_status":"","ping_status":"","sticky":false,"template":"","format":"standard","meta":{"footnotes":""},"categories":[270],"tags":[1679,168,25,24,306,271,3603,272,7529,2099,23,167],"class_list":{"0":"post-183966","1":"post","2":"type-post","3":"status-publish","4":"format-standard","5":"has-post-thumbnail","7":"category-formula-1","8":"tag-cancha","9":"tag-deportes","10":"tag-es","11":"tag-espana","12":"tag-f1","13":"tag-formula-1","14":"tag-formula-uno","15":"tag-formula1","16":"tag-laurent-mekies","17":"tag-max-verstappen","18":"tag-spain","19":"tag-sports"},"share_on_mastodon":{"url":"","error":""},"_links":{"self":[{"href":"https:\/\/www.europesays.com\/es\/wp-json\/wp\/v2\/posts\/183966","targetHints":{"allow":["GET"]}}],"collection":[{"href":"https:\/\/www.europesays.com\/es\/wp-json\/wp\/v2\/posts"}],"about":[{"href":"https:\/\/www.europesays.com\/es\/wp-json\/wp\/v2\/types\/post"}],"author":[{"embeddable":true,"href":"https:\/\/www.europesays.com\/es\/wp-json\/wp\/v2\/users\/2"}],"replies":[{"embeddable":true,"href":"https:\/\/www.europesays.com\/es\/wp-json\/wp\/v2\/comments?post=183966"}],"version-history":[{"count":0,"href":"https:\/\/www.europesays.com\/es\/wp-json\/wp\/v2\/posts\/183966\/revisions"}],"wp:featuredmedia":[{"embeddable":true,"href":"https:\/\/www.europesays.com\/es\/wp-json\/wp\/v2\/media\/183967"}],"wp:attachment":[{"href":"https:\/\/www.europesays.com\/es\/wp-json\/wp\/v2\/media?parent=183966"}],"wp:term":[{"taxonomy":"category","embeddable":true,"href":"https:\/\/www.europesays.com\/es\/wp-json\/wp\/v2\/categories?post=183966"},{"taxonomy":"post_tag","embeddable":true,"href":"https:\/\/www.europesays.com\/es\/wp-json\/wp\/v2\/tags?post=183966"}],"curies":[{"name":"wp","href":"https:\/\/api.w.org\/{rel}","templated":true}]}}