{"id":183982,"date":"2025-10-18T00:31:21","date_gmt":"2025-10-18T00:31:21","guid":{"rendered":"https:\/\/www.europesays.com\/es\/183982\/"},"modified":"2025-10-18T00:31:21","modified_gmt":"2025-10-18T00:31:21","slug":"los-dos-cracks-del-barca-de-balonmano-que-ilusionan-a-carlos-ortega-con-la-champions","status":"publish","type":"post","link":"https:\/\/www.europesays.com\/es\/183982\/","title":{"rendered":"Los dos cracks del Bar\u00e7a de balonmano que ilusionan a Carlos Ortega con la Champions"},"content":{"rendered":"<p>                <a href=\"https:\/\/cronicaglobal.elespanol.com\/culemania\/secciones\/\" class=\"kicker--section\" rel=\"nofollow noopener\" target=\"_blank\">Secciones<\/a><\/p>\n<p>\n    El entrenador espa\u00f1ol recupera a un crack contra el Pelister y mete seis goles en el partido\n<\/p>\n<p>    Noticias relacionadas<\/p>\n<p class=\"paragraph\" id=\"paragraph_1\">El <a href=\"https:\/\/cronicaglobal.elespanol.com\/culemania\/secciones\/20251012\/nueva-estrella-barca-balonmano-catalunya-nord-catalana\/1003742696935_0.html?utm_cmp_rs=linksinline\" target=\"_blank\" rel=\"nofollow noopener\"><strong>Bar\u00e7a de balonmano<\/strong><\/a> jug\u00f3 por primera vez en Macedonia del Norte, en una de las pistas m\u00e1s ruidosas de Europa. El equipo que dirige Carlos Ortega afront\u00f3 un duelo in\u00e9dito frente al <strong>Eurofarm Pelister<\/strong>. Y <strong>gan\u00f3<\/strong> (30-34). El pasado mi\u00e9rcoles, los azulgranas lograron su cuarta victoria en cinco partidos <a href=\"https:\/\/cronicaglobal.elespanol.com\/culemania\/secciones\/20251010\/ludovic-fabregas-dika-mem-barca-masia-champions\/1003742696487_0.html?utm_cmp_rs=linksinline\" target=\"_blank\" rel=\"nofollow noopener\">de <strong>Champions<\/strong><\/a>.<\/p>\n<p class=\"paragraph\" id=\"paragraph_2\">El ambiente del Boro Crlevski de Bitola no descentr\u00f3 a un Bar\u00e7a liderado por dos cracks con los que Carlos Ortega puede aspirar a todo. <a href=\"https:\/\/cronicaglobal.elespanol.com\/culemania\/secciones\/20251001\/dupla-barca-balonmano-estrellas-semifinal-mundial-clubes\/1003742693408_0.html?utm_cmp_rs=linksinline\" target=\"_blank\" rel=\"nofollow noopener\"><strong>Dika Mem<\/strong><\/a> y <strong>Domen Makuc<\/strong> se marcharon del pabell\u00f3n como los <strong>m\u00e1ximos anotadores<\/strong> cul\u00e9s, con <strong>seis goles<\/strong> cada uno. Fueron diferenciales.<\/p>\n<p>Regreso por todo lo alto<\/p>\n<p class=\"paragraph\" id=\"paragraph_3\">El jugador esloveno sali\u00f3 como central titular, tras <strong>superar unas molestias en la rodilla<\/strong> y descansar ante el Pick Szeged y el BM Granollers. El\u00a035 del Bar\u00e7a quiso dejar huella r\u00e1pidamente en el partido y orden\u00f3 el juego de su equipo. Acompa\u00f1\u00f3 las seis dianas con <strong>tres asistencias<\/strong>.<\/p>\n<p><img decoding=\"async\" alt=\"Domen Makuc intenta marcar en el Pelister-Bar\u00e7a de balonmano\" data-imgm=\"true\" height=\"180\" loading=\"lazy\"  src=\"https:\/\/www.europesays.com\/es\/wp-content\/uploads\/2025\/10\/1003742698304_15286114_1024x576.jpg\"  width=\"320\"\/><\/p>\n<p>                                                            Domen Makuc intenta marcar en el Pelister-Bar\u00e7a de balonmano<\/p>\n<p>                    EFE<\/p>\n<p class=\"paragraph\" id=\"paragraph_4\">El Pelister y sus 3.000 aficionados le pusieron las cosas muy dif\u00edciles al Bar\u00e7a al inicio del encuentro. Fue un <strong>arre\u00f3n cul\u00e9 poco antes del descanso<\/strong>, en el que lograron poner el marcador con un 10 a 15 a favor de los visitantes, el que marc\u00f3 la jornada. Rub\u00e9n Garaya, m\u00edster del cuadro macedonio, plante\u00f3 un duelo intenso ante el que fue su exequipo como jugador.<\/p>\n<p>L\u00edder azulgrana<\/p>\n<p class=\"paragraph\" id=\"paragraph_5\">Ese parcial de 0-4, despu\u00e9s del minuto 20 de la primera parte, fue decisivo. Antes, la diferencia solo hab\u00eda sido de un gol.\u00a0 Por eso fue importante la aportaci\u00f3n anotadora de Mem. <strong>El l\u00edder del Bar\u00e7a estuvo a la altura de un encuentro<\/strong> en el que los cul\u00e9s, tras el descanso, aumentaron la intensidad defensiva.<\/p>\n<p><img decoding=\"async\" alt=\"Dika Mem celebra un gol en el Pelister-Bar\u00e7a de balonmano\" data-imgm=\"true\" height=\"180\" loading=\"lazy\"  src=\"https:\/\/www.europesays.com\/es\/wp-content\/uploads\/2025\/10\/1003742698309_15286180_1024x576.jpg\"  width=\"320\"\/><\/p>\n<p>                                                            Dika Mem celebra un gol en el Pelister-Bar\u00e7a de balonmano<\/p>\n<p>                    EFE<\/p>\n<p class=\"paragraph\" id=\"paragraph_6\">En el minuto 39, el Bar\u00e7a ganaba por siete goles de diferencia (17-24). Ortega, entonces, premi\u00f3 a los jugadores con menos tiempo de juego. <strong>El Pelister se acerc\u00f3 en el marcador, pero jam\u00e1s estuvo cerca de igualar la diferencia<\/strong>. Los cul\u00e9s son <a href=\"https:\/\/cronicaglobal.elespanol.com\/culemania\/secciones\/20250925\/fichaje-barca-balonmano-carlos-ortega-estrella-champions\/1003742691885_0.html?utm_cmp_rs=linksinline\" target=\"_blank\" rel=\"nofollow noopener\">segundos de grupo,<\/a> por detr\u00e1s del Magdeburgo.<\/p>\n","protected":false},"excerpt":{"rendered":"Secciones El entrenador espa\u00f1ol recupera a un crack contra el Pelister y mete seis goles en el partido&hellip;\n","protected":false},"author":2,"featured_media":183983,"comment_status":"","ping_status":"","sticky":false,"template":"","format":"standard","meta":{"footnotes":""},"categories":[278],"tags":[376,10814,1241,168,25,24,375,4470,23,167],"class_list":{"0":"post-183982","1":"post","2":"type-post","3":"status-publish","4":"format-standard","5":"has-post-thumbnail","7":"category-balonmano","8":"tag-balonmano","9":"tag-barca-de-balonmano","10":"tag-champions-league","11":"tag-deportes","12":"tag-es","13":"tag-espana","14":"tag-handball","15":"tag-secciones","16":"tag-spain","17":"tag-sports"},"share_on_mastodon":{"url":"","error":""},"_links":{"self":[{"href":"https:\/\/www.europesays.com\/es\/wp-json\/wp\/v2\/posts\/183982","targetHints":{"allow":["GET"]}}],"collection":[{"href":"https:\/\/www.europesays.com\/es\/wp-json\/wp\/v2\/posts"}],"about":[{"href":"https:\/\/www.europesays.com\/es\/wp-json\/wp\/v2\/types\/post"}],"author":[{"embeddable":true,"href":"https:\/\/www.europesays.com\/es\/wp-json\/wp\/v2\/users\/2"}],"replies":[{"embeddable":true,"href":"https:\/\/www.europesays.com\/es\/wp-json\/wp\/v2\/comments?post=183982"}],"version-history":[{"count":0,"href":"https:\/\/www.europesays.com\/es\/wp-json\/wp\/v2\/posts\/183982\/revisions"}],"wp:featuredmedia":[{"embeddable":true,"href":"https:\/\/www.europesays.com\/es\/wp-json\/wp\/v2\/media\/183983"}],"wp:attachment":[{"href":"https:\/\/www.europesays.com\/es\/wp-json\/wp\/v2\/media?parent=183982"}],"wp:term":[{"taxonomy":"category","embeddable":true,"href":"https:\/\/www.europesays.com\/es\/wp-json\/wp\/v2\/categories?post=183982"},{"taxonomy":"post_tag","embeddable":true,"href":"https:\/\/www.europesays.com\/es\/wp-json\/wp\/v2\/tags?post=183982"}],"curies":[{"name":"wp","href":"https:\/\/api.w.org\/{rel}","templated":true}]}}