{"id":183984,"date":"2025-10-18T00:34:08","date_gmt":"2025-10-18T00:34:08","guid":{"rendered":"https:\/\/www.europesays.com\/es\/183984\/"},"modified":"2025-10-18T00:34:08","modified_gmt":"2025-10-18T00:34:08","slug":"caitlin-clark-jugara-en-el-pro-am-the-annika-de-la-lpga","status":"publish","type":"post","link":"https:\/\/www.europesays.com\/es\/183984\/","title":{"rendered":"Caitlin Clark jugar\u00e1 en el pro-am The Annika de la LPGA"},"content":{"rendered":"<p>16  de  oct, 2025, 19:03 ETCaitlin Clark, quien acababa de terminar su primera temporada en la WNBA y fue Novata del A\u00f1o, atrajo a un gran p\u00fablico y gener\u00f3 gran expectaci\u00f3n el a\u00f1o pasado en The Annika.<\/p>\n<p>BELLEAIR, Florida &#8212; <a href=\"https:\/\/espndeportes.espn.com\/basquetbol\/wnba\/jugador\/_\/id\/4433403\/caitlin-clark\" rel=\"nofollow noopener\" target=\"_blank\">Caitlin Clark<\/a> regresa a la acci\u00f3n, en el campo de golf, no en la cancha de baloncesto.<\/p>\n<p>Clark, cuya segunda temporada en la WNBA termin\u00f3 prematuramente debido a una serie de lesiones, volver\u00e1 a jugar en el pro-am el pr\u00f3ximo mes en <strong>The Annika<\/strong>, en el <strong>LPGA Tour<\/strong>.<\/p>\n<p>\u00abLo pas\u00e9 incre\u00edble en The Annika el pasado noviembre, participando en el pro-am junto a Nelly Korda y Annika Sorenstam, dos de las mejores del golf\u00bb, dijo Clark.<\/p>\n<p><img class=\" lazyload lazyload\" data-image-container=\".inline-photo\" height=\"320\" width=\"570\"\/>Caitlin Clark volver\u00e1 a la LPGA para jugar por segunda vez The Annika.\u00a0Foto: Getty<\/p>\n<p>El pro-am se celebrar\u00e1 el 12 de noviembre en el Pelican Golf Club y estar\u00e1 abierto al p\u00fablico. Clark, quien acababa de terminar su primera temporada en la WNBA y fue Novata del A\u00f1o, atrajo a un gran p\u00fablico y gener\u00f3 gran expectaci\u00f3n el a\u00f1o pasado.<\/p>\n<p>El Annika es el pen\u00faltimo torneo del calendario de la LPGA. Clark tiene una relaci\u00f3n corporativa con Gainbridge Insurance, el patrocinador principal.<\/p>\n<p>La segunda temporada de Clark en la WNBA se vio frenada por las lesiones. Jug\u00f3 solo 13 partidos y fue descartada para el resto de la temporada el 4 de septiembre por una lesi\u00f3n en la ingle. Las Indiana Fever llegaron de nuevo a los playoffs, pero fueron eliminadas por las Las Vegas Aces en semifinales.<\/p>\n","protected":false},"excerpt":{"rendered":"16 de oct, 2025, 19:03 ETCaitlin Clark, quien acababa de terminar su primera temporada en la WNBA y&hellip;\n","protected":false},"author":2,"featured_media":183985,"comment_status":"","ping_status":"","sticky":false,"template":"","format":"standard","meta":{"footnotes":""},"categories":[275],"tags":[168,25,24,329,23,167],"class_list":{"0":"post-183984","1":"post","2":"type-post","3":"status-publish","4":"format-standard","5":"has-post-thumbnail","7":"category-golf","8":"tag-deportes","9":"tag-es","10":"tag-espana","11":"tag-golf","12":"tag-spain","13":"tag-sports"},"share_on_mastodon":{"url":"","error":""},"_links":{"self":[{"href":"https:\/\/www.europesays.com\/es\/wp-json\/wp\/v2\/posts\/183984","targetHints":{"allow":["GET"]}}],"collection":[{"href":"https:\/\/www.europesays.com\/es\/wp-json\/wp\/v2\/posts"}],"about":[{"href":"https:\/\/www.europesays.com\/es\/wp-json\/wp\/v2\/types\/post"}],"author":[{"embeddable":true,"href":"https:\/\/www.europesays.com\/es\/wp-json\/wp\/v2\/users\/2"}],"replies":[{"embeddable":true,"href":"https:\/\/www.europesays.com\/es\/wp-json\/wp\/v2\/comments?post=183984"}],"version-history":[{"count":0,"href":"https:\/\/www.europesays.com\/es\/wp-json\/wp\/v2\/posts\/183984\/revisions"}],"wp:featuredmedia":[{"embeddable":true,"href":"https:\/\/www.europesays.com\/es\/wp-json\/wp\/v2\/media\/183985"}],"wp:attachment":[{"href":"https:\/\/www.europesays.com\/es\/wp-json\/wp\/v2\/media?parent=183984"}],"wp:term":[{"taxonomy":"category","embeddable":true,"href":"https:\/\/www.europesays.com\/es\/wp-json\/wp\/v2\/categories?post=183984"},{"taxonomy":"post_tag","embeddable":true,"href":"https:\/\/www.europesays.com\/es\/wp-json\/wp\/v2\/tags?post=183984"}],"curies":[{"name":"wp","href":"https:\/\/api.w.org\/{rel}","templated":true}]}}