{"id":183988,"date":"2025-10-18T00:37:08","date_gmt":"2025-10-18T00:37:08","guid":{"rendered":"https:\/\/www.europesays.com\/es\/183988\/"},"modified":"2025-10-18T00:37:08","modified_gmt":"2025-10-18T00:37:08","slug":"buen-viernes-de-carlos-sainz-en-el-gp-de-estados-unidos-pese-a-una-averia-en-libres","status":"publish","type":"post","link":"https:\/\/www.europesays.com\/es\/183988\/","title":{"rendered":"Buen viernes de Carlos Sainz en el GP de Estados Unidos pese a una aver\u00eda en Libres"},"content":{"rendered":"<p>Viernes, 17 de octubre de 2025:<br \/>&#13;<br \/>\n&#8211; Entrenamientos Libres 1: P19, 1\u201935\u201d874, 9 vueltas<br \/>&#13;<br \/>\n&#8211;\u00a0 Sprint Qualifying: P7, 1\u201932\u201d911, 14 vueltas<\/p>\n<ul>&#13;<\/p>\n<li>Gran actuaci\u00f3n de Carlos Sainz en la clasificaci\u00f3n para el Sprint del GP de Estados Unidos, donde ha logrado la s\u00e9ptima plaza. El resultado es a\u00fan m\u00e1s meritorio si se considera que el madrile\u00f1o ha dado s\u00f3lo nueve vueltas en los entrenamientos libres como consecuencia de una aver\u00eda relacionada con la caja de cambios.<\/li>\n<p>&#13;<\/p>\n<li>El piloto de Williams ha marcado el sexto mejor tiempo tanto en la SQ1 (1\u201934\u201d239) como en la SQ2 (1\u201933\u201d652), siempre con el neum\u00e1tico medio. Finalmente, ha montado el blando y ha firmado un 1\u201932\u201d911 en un \u00fanico intento.<\/li>\n<p>&#13;<\/p>\n<li>El espa\u00f1ol saldr\u00e1 desde la zona de puntos en una Sprint que est\u00e1 programada a un total de 19 vueltas. Los ocho primeros clasificados sumar\u00e1n puntos para el Campeonato.<\/li>\n<p>&#13;\n<\/ul>\n<p><strong>DECLARACIONES:<\/strong><br \/>&#13;<br \/>\n\u201cEs alentador ser s\u00e9ptimo en la clasificaci\u00f3n del Sprint, especialmente con la poca actividad en pista que he tenido hoy tras perderme la mayor parte de los Libres 1. Dadas las circunstancias, estoy contento con las vueltas que he dado con ambos compuestos y lo dar\u00e9 todo para sumar puntos en la Sprint. Tambi\u00e9n aplicaremos lo aprendido a la clasificaci\u00f3n principal de ma\u00f1ana y ojal\u00e1 podamos repetir o mejorar el resultado de hoy\u201d.<\/p>\n<p><strong>PR\u00d3XIMA ACTIVIDAD:<\/strong><br \/>&#13;<br \/>\nS\u00e1bado, 18 de octubre de 2025:<br \/>&#13;<br \/>\n&#8211; Sprint: 12:00 hora local (19:00 CEST)<br \/>&#13;<br \/>\n&#8211;\u00a0 Clasificaci\u00f3n: 16:00 hora local (23:00 CEST)<\/p>\n","protected":false},"excerpt":{"rendered":"Viernes, 17 de octubre de 2025:&#13; &#8211; Entrenamientos Libres 1: P19, 1\u201935\u201d874, 9 vueltas&#13; &#8211;\u00a0 Sprint Qualifying: P7,&hellip;\n","protected":false},"author":2,"featured_media":183989,"comment_status":"","ping_status":"","sticky":false,"template":"","format":"standard","meta":{"footnotes":""},"categories":[270],"tags":[32474,307,51293,168,25,24,306,271,272,4152,50603,23,167,51292,308],"class_list":{"0":"post-183988","1":"post","2":"type-post","3":"status-publish","4":"format-standard","5":"has-post-thumbnail","7":"category-formula-1","8":"tag-austin","9":"tag-carlos-sainz","10":"tag-cota","11":"tag-deportes","12":"tag-es","13":"tag-espana","14":"tag-f1","15":"tag-formula-1","16":"tag-formula1","17":"tag-fw47","18":"tag-gp-estados-unidos","19":"tag-spain","20":"tag-sports","21":"tag-united-states-gp","22":"tag-williams"},"share_on_mastodon":{"url":"","error":""},"_links":{"self":[{"href":"https:\/\/www.europesays.com\/es\/wp-json\/wp\/v2\/posts\/183988","targetHints":{"allow":["GET"]}}],"collection":[{"href":"https:\/\/www.europesays.com\/es\/wp-json\/wp\/v2\/posts"}],"about":[{"href":"https:\/\/www.europesays.com\/es\/wp-json\/wp\/v2\/types\/post"}],"author":[{"embeddable":true,"href":"https:\/\/www.europesays.com\/es\/wp-json\/wp\/v2\/users\/2"}],"replies":[{"embeddable":true,"href":"https:\/\/www.europesays.com\/es\/wp-json\/wp\/v2\/comments?post=183988"}],"version-history":[{"count":0,"href":"https:\/\/www.europesays.com\/es\/wp-json\/wp\/v2\/posts\/183988\/revisions"}],"wp:featuredmedia":[{"embeddable":true,"href":"https:\/\/www.europesays.com\/es\/wp-json\/wp\/v2\/media\/183989"}],"wp:attachment":[{"href":"https:\/\/www.europesays.com\/es\/wp-json\/wp\/v2\/media?parent=183988"}],"wp:term":[{"taxonomy":"category","embeddable":true,"href":"https:\/\/www.europesays.com\/es\/wp-json\/wp\/v2\/categories?post=183988"},{"taxonomy":"post_tag","embeddable":true,"href":"https:\/\/www.europesays.com\/es\/wp-json\/wp\/v2\/tags?post=183988"}],"curies":[{"name":"wp","href":"https:\/\/api.w.org\/{rel}","templated":true}]}}