{"id":183996,"date":"2025-10-18T00:42:10","date_gmt":"2025-10-18T00:42:10","guid":{"rendered":"https:\/\/www.europesays.com\/es\/183996\/"},"modified":"2025-10-18T00:42:10","modified_gmt":"2025-10-18T00:42:10","slug":"el-mundillo-cultural-me-la-suda-vivo-en-un-pueblo-y-solo-asomo-la-cabeza-cuando-edito-algo","status":"publish","type":"post","link":"https:\/\/www.europesays.com\/es\/183996\/","title":{"rendered":"El mundillo cultural me la suda. Vivo en un pueblo y solo asomo la cabeza cuando edito algo"},"content":{"rendered":"<p class=\"paragraph\" id=\"paragraph_2\">Por si las cosas salen mal, de Guillermo Mart\u00ednez Collado (Ediciones Camelot).<\/p>\n<p class=\"paragraph\" id=\"paragraph_3\"><strong>\u00bfCu\u00e1l es el libro que m\u00e1s le ha \u2018autoayudado\u2019?<\/strong><\/p>\n<p class=\"paragraph\" id=\"paragraph_4\">Espero leerlo alguna vez, todav\u00eda no lo he encontrado.<\/p>\n<p class=\"paragraph\" id=\"paragraph_5\"><strong>Si no hubiera podido ser escritor, \u00bfqu\u00e9 hubiera querido ser?<\/strong><\/p>\n<p class=\"paragraph\" id=\"paragraph_6\">Sigo peleando por escribir.<\/p>\n<p class=\"paragraph\" id=\"paragraph_7\"><strong>Un acontecimiento hist\u00f3rico que le habr\u00eda gustado vivir in situ. \u00bfPor qu\u00e9?<\/strong><\/p>\n<p class=\"paragraph\" id=\"paragraph_8\">Ninguno. Fantaseo con el presente y el futuro, el pasado no se puede cambiar.<\/p>\n<p class=\"paragraph\" id=\"paragraph_9\"><strong>El comienzo de Po\u00e9tica de la autodestrucci\u00f3n es desolador y plantea c\u00f3mo hace treinta a\u00f1os la salud mental de los ni\u00f1os no parec\u00eda un problema. \u00bfHa mejorado algo en estos tiempos?<\/strong><\/p>\n<p class=\"paragraph\" id=\"paragraph_10\">Me gusta creer que s\u00ed, que como sociedad tenemos m\u00e1s herramientas, informaci\u00f3n y empat\u00eda.<\/p>\n<p class=\"paragraph\" id=\"paragraph_11\"><strong>\u00bfSigue siendo un problema ser demasiado sensible y amar la cultura?<\/strong><\/p>\n<p class=\"paragraph\" id=\"paragraph_12\">Es un asidero y una forma de posicionarte en el mundo, no un engorro.<\/p>\n<p class=\"paragraph\" id=\"paragraph_13\"><strong>\u00bfQu\u00e9 supone este libro en el retrato de la Espa\u00f1a vaciada que plantea su, por ahora, trilog\u00eda?<\/strong><\/p>\n<p class=\"paragraph\" id=\"paragraph_14\">Villa de la Fuente no es Espa\u00f1a vaciada. Es un pueblo ficticio, ni muy grande ni muy peque\u00f1o, que podr\u00eda ser el de cualquiera. Todos tenemos un Villa de la Fuente al que regresar o del que huir. Este libro es otra pata de ese universo.<\/p>\n<p><img loading=\"lazy\" decoding=\"async\" alt=\"El fil\u00f3sofo Diego S. Garrocho. Foto: Fundaci\u00f3n Telef\u00f3nica\" height=\"180\" src=\"https:\/\/www.europesays.com\/es\/wp-content\/uploads\/2025\/10\/1003743945694_259184035_320x180.jpg\" width=\"320\" data-lazy-status=\"processed\" data-lazy-info=\"remove loading item 1\"\/><\/p>\n<p class=\"paragraph\" id=\"paragraph_15\"><strong>\u00bfY como testimonio de los tiempos precarios?<\/strong><\/p>\n<p class=\"paragraph\" id=\"paragraph_16\">Pues que cuento historias sin ser un turista de clase.<\/p>\n<p class=\"paragraph\" id=\"paragraph_17\"><strong>\u00bfAciertan quienes comparan sus novelas con <a href=\"https:\/\/www.elespanol.com\/el-cultural\/cine\/20170217\/busca-trainspotting-perdido\/194481477_0.html?utm_cmp_rs=linksinline\" rel=\"nofollow noopener\" target=\"_blank\">Trainspotting<\/a>, y Villa de la Fuente, con Comala?<\/strong><\/p>\n<p class=\"paragraph\" id=\"paragraph_18\">No s\u00e9. Las historias que escribo las puedes leer cada d\u00eda en las noticias de sucesos de la prensa local. Y Villa de la Fuente, construido con memoria y contexto, es muy realista.<\/p>\n<p class=\"paragraph\" id=\"paragraph_19\"><strong>Cuando comenz\u00f3 a escribir sobre Villa de la Fuente, le le\u00edan 65 seguidores en Facebook. \u00bfC\u00f3mo se pasa a crear un universo literario y a conquistar a miles de lectores?<\/strong><\/p>\n<p class=\"paragraph\" id=\"paragraph_20\">Desde una fase temprana son novelas autoconclusivas, que se leen de forma independiente; puedes entrar por donde quieras y forman un conjunto que var\u00eda dependiendo del lector.<\/p>\n<p class=\"paragraph\" id=\"paragraph_21\"><strong>\u00bfY ahora qu\u00e9, tiene ya en mente la siguiente entrega de esta obra?<\/strong><\/p>\n<p class=\"paragraph\" id=\"paragraph_22\">S\u00ed. Llevo muchos a\u00f1os d\u00e1ndole vueltas a estas historias.<\/p>\n<p class=\"paragraph\" id=\"paragraph_23\"><strong>Un disco que se ponga en bucle estos d\u00edas.<\/strong><\/p>\n<p class=\"paragraph\" id=\"paragraph_24\">Hawai, de Rata Negra.<\/p>\n<p class=\"paragraph\" id=\"paragraph_25\"><strong>\u00bfCu\u00e1l es la serie que ha devorado m\u00e1s r\u00e1pido? \u00bfDir\u00eda, por cierto, que es la mejor que ha visto? \u00bfO es otra?<\/strong><\/p>\n<p class=\"paragraph\" id=\"paragraph_26\">Qu\u00e9 vida m\u00e1s triste. S\u00ed, mi favorita.<\/p>\n<p class=\"paragraph\" id=\"paragraph_27\"><strong>\u00bfEn qu\u00e9 pel\u00edcula se quedar\u00eda a vivir y en cu\u00e1l no aguantar\u00eda ni un minuto?<\/strong><\/p>\n<p class=\"paragraph\" id=\"paragraph_28\">En algunas de <a href=\"https:\/\/www.elespanol.com\/el-cultural\/blogs\/tengo_una_cita\/20200508\/disparatado-realismo-magico-emir-kusturica\/488571155_12.html?utm_cmp_rs=linksinline\" rel=\"nofollow noopener\" target=\"_blank\">Emir Kusturica<\/a>, en ambos supuestos.<\/p>\n<p><img decoding=\"async\" alt=\"Marta Sanz\" height=\"180\" loading=\"lazy\" width=\"320\" data-lazy-status=\"processed\" id=\"2646cda09e\" src=\"https:\/\/www.elespanol.com\/el-cultural\/letras\/20251018\/juarma-mundillo-cultural-suda-vivo-pueblo-solo-asomo-cabeza-edito\/[\" https:=\"\" data-lazy-info=\"changed src\"\/><\/p>\n<p class=\"paragraph\" id=\"paragraph_29\"><strong>\u00bfHa experimentado alguna vez s\u00edndrome de Stendhal? \u00bfAnte qu\u00e9?<\/strong><\/p>\n<p class=\"paragraph\" id=\"paragraph_30\">Alguna pintada en una pared.<\/p>\n<p class=\"paragraph\" id=\"paragraph_31\"><strong>No se muerda la lengua, d\u00edganos algo que ya no soporte del mundillo cultural.<\/strong><\/p>\n<p class=\"paragraph\" id=\"paragraph_32\">Me la suda bastante. Vivo en un pueblo de 700 habitantes y solo asomo la cabeza un poco cuando edito algo.<\/p>\n<p class=\"paragraph\" id=\"paragraph_33\"><strong>Una obra sobrevalorada.<\/strong><\/p>\n<p class=\"paragraph\" id=\"paragraph_34\">Ninguna. Es maravilloso que haya personas que creen algo y lo compartan.<\/p>\n<p class=\"paragraph\" id=\"paragraph_35\"><strong>Un placer cultural culpable.<\/strong><\/p>\n<p class=\"paragraph\" id=\"paragraph_36\">Publicar.<\/p>\n<p class=\"paragraph\" id=\"paragraph_37\"><strong>\u00bfCu\u00e1l es la \u00faltima exposici\u00f3n a la que ha ido? Impresiones\u2026<\/strong><\/p>\n<p class=\"paragraph\" id=\"paragraph_38\">A una de Abrazadera Fest. El hazlo t\u00fa mismo es estimulante.<\/p>\n<p class=\"paragraph\" id=\"paragraph_39\"><strong>\u00bfLa inteligencia artificial matar\u00e1 la creaci\u00f3n art\u00edstica?<\/strong><\/p>\n<p class=\"paragraph\" id=\"paragraph_40\">La precarizar\u00e1 m\u00e1s todav\u00eda.<\/p>\n<p class=\"paragraph\" id=\"paragraph_41\"><strong>Espa\u00f1a es un pa\u00eds\u2026<\/strong><\/p>\n<p class=\"paragraph\" id=\"paragraph_42\">\u2026 de \u201cElige tu propia aventura\u201d.<\/p>\n","protected":false},"excerpt":{"rendered":"Por si las cosas salen mal, de Guillermo Mart\u00ednez Collado (Ediciones Camelot). \u00bfCu\u00e1l es el libro que m\u00e1s&hellip;\n","protected":false},"author":2,"featured_media":183997,"comment_status":"","ping_status":"","sticky":false,"template":"","format":"standard","meta":{"footnotes":""},"categories":[172],"tags":[224,146,147,2958,25,24,5131,225,1645,23],"class_list":{"0":"post-183996","1":"post","2":"type-post","3":"status-publish","4":"format-standard","5":"has-post-thumbnail","7":"category-libros","8":"tag-books","9":"tag-entertainment","10":"tag-entretenimiento","11":"tag-entrevistas","12":"tag-es","13":"tag-espana","14":"tag-letras","15":"tag-libros","16":"tag-novela","17":"tag-spain"},"share_on_mastodon":{"url":"","error":""},"_links":{"self":[{"href":"https:\/\/www.europesays.com\/es\/wp-json\/wp\/v2\/posts\/183996","targetHints":{"allow":["GET"]}}],"collection":[{"href":"https:\/\/www.europesays.com\/es\/wp-json\/wp\/v2\/posts"}],"about":[{"href":"https:\/\/www.europesays.com\/es\/wp-json\/wp\/v2\/types\/post"}],"author":[{"embeddable":true,"href":"https:\/\/www.europesays.com\/es\/wp-json\/wp\/v2\/users\/2"}],"replies":[{"embeddable":true,"href":"https:\/\/www.europesays.com\/es\/wp-json\/wp\/v2\/comments?post=183996"}],"version-history":[{"count":0,"href":"https:\/\/www.europesays.com\/es\/wp-json\/wp\/v2\/posts\/183996\/revisions"}],"wp:featuredmedia":[{"embeddable":true,"href":"https:\/\/www.europesays.com\/es\/wp-json\/wp\/v2\/media\/183997"}],"wp:attachment":[{"href":"https:\/\/www.europesays.com\/es\/wp-json\/wp\/v2\/media?parent=183996"}],"wp:term":[{"taxonomy":"category","embeddable":true,"href":"https:\/\/www.europesays.com\/es\/wp-json\/wp\/v2\/categories?post=183996"},{"taxonomy":"post_tag","embeddable":true,"href":"https:\/\/www.europesays.com\/es\/wp-json\/wp\/v2\/tags?post=183996"}],"curies":[{"name":"wp","href":"https:\/\/api.w.org\/{rel}","templated":true}]}}